{"id":26371,"date":"2023-07-20T16:42:32","date_gmt":"2023-07-20T19:42:32","guid":{"rendered":"https:\/\/wpa.wscom.com.br\/?p=913007"},"modified":"2023-07-20T16:42:32","modified_gmt":"2023-07-20T19:42:32","slug":"apos-encontro-efraim-diz-que-nilvan-e-quadro-a-ser-respeitado-e-fala-em-construcao-para-2024-em-municipios","status":"publish","type":"post","link":"https:\/\/sindaopcpb.org.br\/index.php\/2023\/07\/20\/apos-encontro-efraim-diz-que-nilvan-e-quadro-a-ser-respeitado-e-fala-em-construcao-para-2024-em-municipios\/","title":{"rendered":"Ap\u00f3s encontro, Efraim diz que Nilvan \u00e9 \u2018quadro a ser respeitado\u2019 e fala em constru\u00e7\u00e3o para 2024 em munic\u00edpios"},"content":{"rendered":"<p>O senador <strong>Efraim Filho<\/strong>, presidente do Uni\u00e3o Brasil na Para\u00edba, destacou o encontro realizado hoje (20) com o comunicador Nilvan Ferreira, do PL, foi o primeiro passo para abrir novas possibilidades de constru\u00e7\u00e3o pol\u00edtica.<\/p>\n<p>De acordo com o dirigente, durante a conversa, ambos tiveram a oportunidade de avaliar os cen\u00e1rios pol\u00edticos, compartilhando suas perspectivas.<\/p>\n<p>&#8220;Conversamos bastante sobre o cen\u00e1rio de Jo\u00e3o Pessoa e e toda a Para\u00edba, foi uma oportunidade de a gente avaliar constru\u00e7\u00f5es pol\u00edticas&#8230; ent\u00e3o Nilvan \u00e9 um grande quadro, sem d\u00favida alguma, disputou as elei\u00e7\u00f5es majorit\u00e1rias como prefeito em Jo\u00e3o Pessoa, foi ao segundo turno em 2020, disputou o governo em 2022 tendo sido mais votado na cidade de Jo\u00e3o Pessoa, ent\u00e3o tem que ser um quadro a ser respeitado, seu olhar e sua an\u00e1lise aqui dentro de Jo\u00e3o Pessoa&#8221;, disse.<\/p>\n<p>Ele ainda declarou que &#8220;as decis\u00f5es ficar\u00e3o pra frente, para o futuro, sendo constru\u00eddo, at\u00e9 porque a Uni\u00e3o Brasil tem tido um olhar pra 2024 em v\u00e1rias regi\u00f5es do estado&#8221;.<\/p>\n<p>O post <a rel=\"nofollow noopener\" href=\"https:\/\/wscom.com.br\/apos-encontro-efraim-diz-que-nilvan-e-quadro-a-ser-respeitado-e-fala-em-construcao-para-2024-em-municipios\/\" target=\"_blank\">Ap\u00f3s encontro, Efraim diz que Nilvan \u00e9 &#8216;quadro a ser respeitado&#8217; e fala em constru\u00e7\u00e3o para 2024 em munic\u00edpios<\/a> apareceu primeiro em <a rel=\"nofollow noopener\" href=\"https:\/\/wscom.com.br\/\" target=\"_blank\">WSCOM<\/a>.<\/p>\n","protected":false},"excerpt":{"rendered":"<p>O senador Efraim Filho, presidente do Uni\u00e3o Brasil na Para\u00edba, destacou o encontro realizado hoje (20) com o comunicador Nilvan Ferreira, do PL, foi o primeiro passo para abrir novas possibilidades de constru\u00e7\u00e3o pol\u00edtica. De acordo com o dirigente, durante a conversa, ambos tiveram a oportunidade de avaliar os cen\u00e1rios pol\u00edticos, compartilhando suas perspectivas. \u201cConversamos [\u2026]<\/p>\n<p>O post <a rel=\"nofollow\" href=\"https:\/\/wscom.com.br\/apos-encontro-efraim-diz-que-nilvan-e-quadro-a-ser-respeitado-e-fala-em-construcao-para-2024-em-municipios\/\">Ap\u00f3s encontro, Efraim diz que Nilvan \u00e9 \u2018quadro a ser respeitado\u2019 e fala em constru\u00e7\u00e3o para 2024 em munic\u00edpios<\/a> apareceu primeiro em <a rel=\"nofollow\" href=\"https:\/\/wscom.com.br\/\">WSCOM<\/a>.<\/p>\n","protected":false},"author":50,"featured_media":0,"comment_status":"closed","ping_status":"closed","sticky":false,"template":"","format":"standard","meta":{"advgb_blocks_editor_width":"","advgb_blocks_columns_visual_guide":"","footnotes":""},"categories":[1709,34,6686,54,47],"tags":[35],"class_list":["post-26371","post","type-post","status-publish","format-standard","hentry","category-efraim","category-g1","category-nilvan","category-paraiba","category-politica","tag-g1"],"author_meta":{"display_name":"Wallyson","author_link":"https:\/\/sindaopcpb.org.br\/author\/wallyson\/"},"featured_img":null,"coauthors":[],"tax_additional":{"categories":{"linked":["<a href=\"https:\/\/sindaopcpb.org.br\/efraim\/\" class=\"advgb-post-tax-term\">efraim<\/a>","<a href=\"https:\/\/sindaopcpb.org.br\/g1\/\" class=\"advgb-post-tax-term\">G1<\/a>","<a href=\"https:\/\/sindaopcpb.org.br\/nilvan\/\" class=\"advgb-post-tax-term\">nilvan<\/a>","<a href=\"https:\/\/sindaopcpb.org.br\/paraiba\/\" class=\"advgb-post-tax-term\">Para\u00edba<\/a>","<a href=\"https:\/\/sindaopcpb.org.br\/politica\/\" class=\"advgb-post-tax-term\">POLITICA<\/a>"],"unlinked":["<span class=\"advgb-post-tax-term\">efraim<\/span>","<span class=\"advgb-post-tax-term\">G1<\/span>","<span class=\"advgb-post-tax-term\">nilvan<\/span>","<span class=\"advgb-post-tax-term\">Para\u00edba<\/span>","<span class=\"advgb-post-tax-term\">POLITICA<\/span>"]},"tags":{"linked":["<a href=\"https:\/\/sindaopcpb.org.br\/politica\/\" class=\"advgb-post-tax-term\">g1<\/a>"],"unlinked":["<span class=\"advgb-post-tax-term\">g1<\/span>"]}},"comment_count":"0","relative_dates":{"created":"Publicado 3 anos atr\u00e1s","modified":"Atualizado 3 anos atr\u00e1s"},"absolute_dates":{"created":"Publicado em 20 de julho de 2023","modified":"Atualizado em 20 de julho de 2023"},"absolute_dates_time":{"created":"Publicado em 20 de julho de 2023 16:42","modified":"Atualizado em 20 de julho de 2023 16:42"},"featured_img_caption":"","series_order":"","_links":{"self":[{"href":"https:\/\/sindaopcpb.org.br\/index.php\/wp-json\/wp\/v2\/posts\/26371","targetHints":{"allow":["GET"]}}],"collection":[{"href":"https:\/\/sindaopcpb.org.br\/index.php\/wp-json\/wp\/v2\/posts"}],"about":[{"href":"https:\/\/sindaopcpb.org.br\/index.php\/wp-json\/wp\/v2\/types\/post"}],"author":[{"embeddable":true,"href":"https:\/\/sindaopcpb.org.br\/index.php\/wp-json\/wp\/v2\/users\/50"}],"replies":[{"embeddable":true,"href":"https:\/\/sindaopcpb.org.br\/index.php\/wp-json\/wp\/v2\/comments?post=26371"}],"version-history":[{"count":1,"href":"https:\/\/sindaopcpb.org.br\/index.php\/wp-json\/wp\/v2\/posts\/26371\/revisions"}],"predecessor-version":[{"id":26372,"href":"https:\/\/sindaopcpb.org.br\/index.php\/wp-json\/wp\/v2\/posts\/26371\/revisions\/26372"}],"wp:attachment":[{"href":"https:\/\/sindaopcpb.org.br\/index.php\/wp-json\/wp\/v2\/media?parent=26371"}],"wp:term":[{"taxonomy":"category","embeddable":true,"href":"https:\/\/sindaopcpb.org.br\/index.php\/wp-json\/wp\/v2\/categories?post=26371"},{"taxonomy":"post_tag","embeddable":true,"href":"https:\/\/sindaopcpb.org.br\/index.php\/wp-json\/wp\/v2\/tags?post=26371"}],"curies":[{"name":"wp","href":"https:\/\/api.w.org\/{rel}","templated":true}]}}