{"id":26369,"date":"2023-07-20T16:54:08","date_gmt":"2023-07-20T19:54:08","guid":{"rendered":"https:\/\/wpa.wscom.com.br\/?p=913011"},"modified":"2023-07-20T16:54:08","modified_gmt":"2023-07-20T19:54:08","slug":"jackson-macedo-pede-obediencia-as-regras-do-pt-apos-lancamento-da-pre-candidatura-de-ricardo-coutinho-em-santa-rita","status":"publish","type":"post","link":"https:\/\/sindaopcpb.org.br\/index.php\/2023\/07\/20\/jackson-macedo-pede-obediencia-as-regras-do-pt-apos-lancamento-da-pre-candidatura-de-ricardo-coutinho-em-santa-rita\/","title":{"rendered":"Jackson Mac\u00eado pede obedi\u00eancia \u00e0s regras do PT ap\u00f3s \u2018lan\u00e7amento\u2019 da pr\u00e9-candidatura de Ricardo Coutinho em Santa Rita"},"content":{"rendered":"<p>O presidente do PT da Para\u00edba, Jackson Mac\u00eado, demonstrou surpresa ap\u00f3s o PT de Santa Rita incluir o nome do ex-governador Ricardo Coutinho como pr\u00e9-candidato a prefeito do munic\u00edpio.<\/p>\n<p>O l\u00edder petista enfatizou a import\u00e2ncia do respeito \u00e0s regras do partido e exigiu que o diret\u00f3rio municipal siga as normas estabelecidas.<\/p>\n<p>&#8220;Existem regras na legenda a serem respeitadas. N\u00e3o adianta querer cravar posi\u00e7\u00e3o agora. Inclusive levando em considera\u00e7\u00e3o que o nome que eles anunciam sequer externou essa opini\u00e3o de querer participar dessa processo eleitoral, nem internamente e nem publicamente&#8221;, declarou.<\/p>\n<p>A federa\u00e7\u00e3o do PT, PV e PCdoB lan\u00e7ou nota ainda no dia ontem negando a pr\u00e9-candidatura e desautorizando o Diret\u00f3rio santarritense do partido.<\/p>\n<p>O post <a rel=\"nofollow noopener\" href=\"https:\/\/wscom.com.br\/jackson-macedo-pede-obediencia-as-regras-do-pt-apos-lancamento-da-pre-candidatura-de-ricardo-coutinho-em-santa-rita\/\" target=\"_blank\">Jackson Mac\u00eado pede obedi\u00eancia \u00e0s regras do PT ap\u00f3s &#8216;lan\u00e7amento&#8217; da pr\u00e9-candidatura de Ricardo Coutinho em Santa Rita<\/a> apareceu primeiro em <a rel=\"nofollow noopener\" href=\"https:\/\/wscom.com.br\/\" target=\"_blank\">WSCOM<\/a>.<\/p>\n","protected":false},"excerpt":{"rendered":"<p>O presidente do PT da Para\u00edba, Jackson Mac\u00eado, demonstrou surpresa ap\u00f3s o PT de Santa Rita incluir o nome do ex-governador Ricardo Coutinho como pr\u00e9-candidato a prefeito do munic\u00edpio. O l\u00edder petista enfatizou a import\u00e2ncia do respeito \u00e0s regras do partido e exigiu que o diret\u00f3rio municipal siga as normas estabelecidas. \u201cExistem regras na legenda [\u2026]<\/p>\n<p>O post <a rel=\"nofollow\" href=\"https:\/\/wscom.com.br\/jackson-macedo-pede-obediencia-as-regras-do-pt-apos-lancamento-da-pre-candidatura-de-ricardo-coutinho-em-santa-rita\/\">Jackson Mac\u00eado pede obedi\u00eancia \u00e0s regras do PT ap\u00f3s \u2018lan\u00e7amento\u2019 da pr\u00e9-candidatura de Ricardo Coutinho em Santa Rita<\/a> apareceu primeiro em <a rel=\"nofollow\" href=\"https:\/\/wscom.com.br\/\">WSCOM<\/a>.<\/p>\n","protected":false},"author":50,"featured_media":0,"comment_status":"closed","ping_status":"closed","sticky":false,"template":"","format":"standard","meta":{"advgb_blocks_editor_width":"","advgb_blocks_columns_visual_guide":"","footnotes":""},"categories":[34,986,47,813,6685],"tags":[35],"class_list":["post-26369","post","type-post","status-publish","format-standard","hentry","category-g1","category-jackson","category-politica","category-pt","category-santa-rit","tag-g1"],"author_meta":{"display_name":"Wallyson","author_link":"https:\/\/sindaopcpb.org.br\/author\/wallyson\/"},"featured_img":null,"coauthors":[],"tax_additional":{"categories":{"linked":["<a href=\"https:\/\/sindaopcpb.org.br\/g1\/\" class=\"advgb-post-tax-term\">G1<\/a>","<a href=\"https:\/\/sindaopcpb.org.br\/jackson\/\" class=\"advgb-post-tax-term\">jackson<\/a>","<a href=\"https:\/\/sindaopcpb.org.br\/politica\/\" class=\"advgb-post-tax-term\">POLITICA<\/a>","<a href=\"https:\/\/sindaopcpb.org.br\/pt\/\" class=\"advgb-post-tax-term\">PT<\/a>","<a href=\"https:\/\/sindaopcpb.org.br\/santa-rit\/\" class=\"advgb-post-tax-term\">santa rit<\/a>"],"unlinked":["<span class=\"advgb-post-tax-term\">G1<\/span>","<span class=\"advgb-post-tax-term\">jackson<\/span>","<span class=\"advgb-post-tax-term\">POLITICA<\/span>","<span class=\"advgb-post-tax-term\">PT<\/span>","<span class=\"advgb-post-tax-term\">santa rit<\/span>"]},"tags":{"linked":["<a href=\"https:\/\/sindaopcpb.org.br\/santa-rit\/\" class=\"advgb-post-tax-term\">g1<\/a>"],"unlinked":["<span class=\"advgb-post-tax-term\">g1<\/span>"]}},"comment_count":"0","relative_dates":{"created":"Publicado 3 anos atr\u00e1s","modified":"Atualizado 3 anos atr\u00e1s"},"absolute_dates":{"created":"Publicado em 20 de julho de 2023","modified":"Atualizado em 20 de julho de 2023"},"absolute_dates_time":{"created":"Publicado em 20 de julho de 2023 16:54","modified":"Atualizado em 20 de julho de 2023 16:54"},"featured_img_caption":"","series_order":"","_links":{"self":[{"href":"https:\/\/sindaopcpb.org.br\/index.php\/wp-json\/wp\/v2\/posts\/26369","targetHints":{"allow":["GET"]}}],"collection":[{"href":"https:\/\/sindaopcpb.org.br\/index.php\/wp-json\/wp\/v2\/posts"}],"about":[{"href":"https:\/\/sindaopcpb.org.br\/index.php\/wp-json\/wp\/v2\/types\/post"}],"author":[{"embeddable":true,"href":"https:\/\/sindaopcpb.org.br\/index.php\/wp-json\/wp\/v2\/users\/50"}],"replies":[{"embeddable":true,"href":"https:\/\/sindaopcpb.org.br\/index.php\/wp-json\/wp\/v2\/comments?post=26369"}],"version-history":[{"count":1,"href":"https:\/\/sindaopcpb.org.br\/index.php\/wp-json\/wp\/v2\/posts\/26369\/revisions"}],"predecessor-version":[{"id":26370,"href":"https:\/\/sindaopcpb.org.br\/index.php\/wp-json\/wp\/v2\/posts\/26369\/revisions\/26370"}],"wp:attachment":[{"href":"https:\/\/sindaopcpb.org.br\/index.php\/wp-json\/wp\/v2\/media?parent=26369"}],"wp:term":[{"taxonomy":"category","embeddable":true,"href":"https:\/\/sindaopcpb.org.br\/index.php\/wp-json\/wp\/v2\/categories?post=26369"},{"taxonomy":"post_tag","embeddable":true,"href":"https:\/\/sindaopcpb.org.br\/index.php\/wp-json\/wp\/v2\/tags?post=26369"}],"curies":[{"name":"wp","href":"https:\/\/api.w.org\/{rel}","templated":true}]}}