{"id":26355,"date":"2023-07-20T13:54:35","date_gmt":"2023-07-20T16:54:35","guid":{"rendered":"https:\/\/wpa.wscom.com.br\/?p=912979"},"modified":"2023-07-20T13:54:35","modified_gmt":"2023-07-20T16:54:35","slug":"operacao-paradigma-prende-cinco-acusados-e-apreende-tres-armas-na-grande-joao-pessoa","status":"publish","type":"post","link":"https:\/\/sindaopcpb.org.br\/index.php\/2023\/07\/20\/operacao-paradigma-prende-cinco-acusados-e-apreende-tres-armas-na-grande-joao-pessoa\/","title":{"rendered":"Opera\u00e7\u00e3o Paradigma prende cinco acusados e apreende tr\u00eas armas na grande Jo\u00e3o Pessoa"},"content":{"rendered":"<p>Cinco acusados foram presos e tr\u00eas armas apreendidas, entre a noite dessa quarta-feira (19) e madrugada desta quinta (20), nas cidades de Jo\u00e3o Pessoa, Bayeux e Santa Rita. As pris\u00f5es aconteceram atrav\u00e9s da Opera\u00e7\u00e3o Paradigma, que foi deflagrada pela Pol\u00edcia Militar para refor\u00e7ar a seguran\u00e7a.<\/p>\n<p>A opera\u00e7\u00e3o foi coordenada pelo pr\u00f3prio comandante-geral da PM, coronel S\u00e9rgio Fonseca, que antes de iniciar os trabalhos, reuniu todos os comandantes da regi\u00e3o metropolitana e fez uma leitura do crime que aconteceu no Padre Z\u00e9, em Jo\u00e3o Pessoa, apresentando uma s\u00e9rie de a\u00e7\u00f5es que a PM vai realizar nos pr\u00f3ximos dias, em locais e hor\u00e1rios estrat\u00e9gicos.<\/p>\n<p>Na primeira noite e madrugada de opera\u00e7\u00e3o, foram presos dois procurados da justi\u00e7a, de 26 e 42 anos, no bairro do Varadouro, em Jo\u00e3o Pessoa. Eles estavam com mandado de pris\u00e3o em aberto. Foi preso outro procurado da justi\u00e7a, de 23 anos, no bairro da Imaculada, em Bayeux. E detida uma dupla com tr\u00eas armas de fogo, no bairro Alto das Populares, em Santa Rita.<\/p>\n<p>Novas a\u00e7\u00f5es devem acontecer nas pr\u00f3ximas horas.<\/p>\n<p><img decoding=\"async\" loading=\"lazy\" class=\"wp-image-917445\" src=\"http:\/\/www.pm.pb.gov.br\/portal\/wp-content\/uploads\/2023\/07\/WhatsApp-Image-2023-07-20-at-6.08.09-AM-2.jpeg\" sizes=\"auto, (max-width: 1600px) 100vw, 1600px\" srcset=\"https:\/\/www.pm.pb.gov.br\/portal\/wp-content\/uploads\/2023\/07\/WhatsApp-Image-2023-07-20-at-6.08.09-AM-2.jpeg 1600w, https:\/\/www.pm.pb.gov.br\/portal\/wp-content\/uploads\/2023\/07\/WhatsApp-Image-2023-07-20-at-6.08.09-AM-2-595x445.jpeg 595w, https:\/\/www.pm.pb.gov.br\/portal\/wp-content\/uploads\/2023\/07\/WhatsApp-Image-2023-07-20-at-6.08.09-AM-2-763x570.jpeg 763w, https:\/\/www.pm.pb.gov.br\/portal\/wp-content\/uploads\/2023\/07\/WhatsApp-Image-2023-07-20-at-6.08.09-AM-2-768x574.jpeg 768w, https:\/\/www.pm.pb.gov.br\/portal\/wp-content\/uploads\/2023\/07\/WhatsApp-Image-2023-07-20-at-6.08.09-AM-2-1536x1148.jpeg 1536w\" alt=\"\" width=\"1600\" height=\"1196\" title=\"\"><\/p>\n<p><img decoding=\"async\" loading=\"lazy\" class=\"wp-image-917446\" src=\"http:\/\/www.pm.pb.gov.br\/portal\/wp-content\/uploads\/2023\/07\/WhatsApp-Image-2023-07-20-at-6.08.09-AM-1.jpeg\" sizes=\"auto, (max-width: 1600px) 100vw, 1600px\" srcset=\"https:\/\/www.pm.pb.gov.br\/portal\/wp-content\/uploads\/2023\/07\/WhatsApp-Image-2023-07-20-at-6.08.09-AM-1.jpeg 1600w, https:\/\/www.pm.pb.gov.br\/portal\/wp-content\/uploads\/2023\/07\/WhatsApp-Image-2023-07-20-at-6.08.09-AM-1-668x445.jpeg 668w, https:\/\/www.pm.pb.gov.br\/portal\/wp-content\/uploads\/2023\/07\/WhatsApp-Image-2023-07-20-at-6.08.09-AM-1-856x570.jpeg 856w, https:\/\/www.pm.pb.gov.br\/portal\/wp-content\/uploads\/2023\/07\/WhatsApp-Image-2023-07-20-at-6.08.09-AM-1-768x512.jpeg 768w, https:\/\/www.pm.pb.gov.br\/portal\/wp-content\/uploads\/2023\/07\/WhatsApp-Image-2023-07-20-at-6.08.09-AM-1-1536x1023.jpeg 1536w, https:\/\/www.pm.pb.gov.br\/portal\/wp-content\/uploads\/2023\/07\/WhatsApp-Image-2023-07-20-at-6.08.09-AM-1-272x182.jpeg 272w\" alt=\"\" width=\"1600\" height=\"1066\" title=\"\"><\/p>\n<p><img decoding=\"async\" loading=\"lazy\" class=\"wp-image-917447\" src=\"http:\/\/www.pm.pb.gov.br\/portal\/wp-content\/uploads\/2023\/07\/WhatsApp-Image-2023-07-19-at-11.58.50-PM.jpeg\" sizes=\"auto, (max-width: 1600px) 100vw, 1600px\" srcset=\"https:\/\/www.pm.pb.gov.br\/portal\/wp-content\/uploads\/2023\/07\/WhatsApp-Image-2023-07-19-at-11.58.50-PM.jpeg 1600w, https:\/\/www.pm.pb.gov.br\/portal\/wp-content\/uploads\/2023\/07\/WhatsApp-Image-2023-07-19-at-11.58.50-PM-668x445.jpeg 668w, https:\/\/www.pm.pb.gov.br\/portal\/wp-content\/uploads\/2023\/07\/WhatsApp-Image-2023-07-19-at-11.58.50-PM-856x570.jpeg 856w, https:\/\/www.pm.pb.gov.br\/portal\/wp-content\/uploads\/2023\/07\/WhatsApp-Image-2023-07-19-at-11.58.50-PM-768x512.jpeg 768w, https:\/\/www.pm.pb.gov.br\/portal\/wp-content\/uploads\/2023\/07\/WhatsApp-Image-2023-07-19-at-11.58.50-PM-1536x1023.jpeg 1536w, https:\/\/www.pm.pb.gov.br\/portal\/wp-content\/uploads\/2023\/07\/WhatsApp-Image-2023-07-19-at-11.58.50-PM-272x182.jpeg 272w\" alt=\"\" width=\"1600\" height=\"1066\" title=\"\"><\/p>\n<p><img decoding=\"async\" loading=\"lazy\" class=\"wp-image-917448\" src=\"http:\/\/www.pm.pb.gov.br\/portal\/wp-content\/uploads\/2023\/07\/WhatsApp-Image-2023-07-19-at-8.07.11-PM.jpeg\" sizes=\"auto, (max-width: 1500px) 100vw, 1500px\" srcset=\"https:\/\/www.pm.pb.gov.br\/portal\/wp-content\/uploads\/2023\/07\/WhatsApp-Image-2023-07-19-at-8.07.11-PM.jpeg 1500w, https:\/\/www.pm.pb.gov.br\/portal\/wp-content\/uploads\/2023\/07\/WhatsApp-Image-2023-07-19-at-8.07.11-PM-668x445.jpeg 668w, https:\/\/www.pm.pb.gov.br\/portal\/wp-content\/uploads\/2023\/07\/WhatsApp-Image-2023-07-19-at-8.07.11-PM-855x570.jpeg 855w, https:\/\/www.pm.pb.gov.br\/portal\/wp-content\/uploads\/2023\/07\/WhatsApp-Image-2023-07-19-at-8.07.11-PM-768x512.jpeg 768w, https:\/\/www.pm.pb.gov.br\/portal\/wp-content\/uploads\/2023\/07\/WhatsApp-Image-2023-07-19-at-8.07.11-PM-272x182.jpeg 272w\" alt=\"\" width=\"1500\" height=\"1000\" title=\"\"><\/p>\n<p><img decoding=\"async\" loading=\"lazy\" class=\"wp-image-917449\" src=\"http:\/\/www.pm.pb.gov.br\/portal\/wp-content\/uploads\/2023\/07\/WhatsApp-Image-2023-07-20-at-6.08.08-AM.jpeg\" sizes=\"auto, (max-width: 1600px) 100vw, 1600px\" srcset=\"https:\/\/www.pm.pb.gov.br\/portal\/wp-content\/uploads\/2023\/07\/WhatsApp-Image-2023-07-20-at-6.08.08-AM.jpeg 1600w, https:\/\/www.pm.pb.gov.br\/portal\/wp-content\/uploads\/2023\/07\/WhatsApp-Image-2023-07-20-at-6.08.08-AM-674x445.jpeg 674w, https:\/\/www.pm.pb.gov.br\/portal\/wp-content\/uploads\/2023\/07\/WhatsApp-Image-2023-07-20-at-6.08.08-AM-864x570.jpeg 864w, https:\/\/www.pm.pb.gov.br\/portal\/wp-content\/uploads\/2023\/07\/WhatsApp-Image-2023-07-20-at-6.08.08-AM-768x507.jpeg 768w, https:\/\/www.pm.pb.gov.br\/portal\/wp-content\/uploads\/2023\/07\/WhatsApp-Image-2023-07-20-at-6.08.08-AM-1536x1014.jpeg 1536w\" alt=\"\" width=\"1600\" height=\"1056\" title=\"\"><\/p>\n<p>O post <a rel=\"nofollow noopener\" href=\"https:\/\/wscom.com.br\/operacao-paradigma-prende-cinco-acusados-e-apreende-tres-armas-na-grande-joao-pessoa\/\" target=\"_blank\">Opera\u00e7\u00e3o Paradigma prende cinco acusados e apreende tr\u00eas armas na grande Jo\u00e3o Pessoa<\/a> apareceu primeiro em <a rel=\"nofollow noopener\" href=\"https:\/\/wscom.com.br\/\" target=\"_blank\">WSCOM<\/a>.<\/p>\n","protected":false},"excerpt":{"rendered":"<p>Cinco acusados foram presos e tr\u00eas armas apreendidas, entre a noite dessa quarta-feira (19) e madrugada desta quinta (20), nas cidades de Jo\u00e3o Pessoa, Bayeux e Santa Rita. As pris\u00f5es aconteceram atrav\u00e9s da Opera\u00e7\u00e3o Paradigma, que foi deflagrada pela Pol\u00edcia Militar para refor\u00e7ar a seguran\u00e7a. A opera\u00e7\u00e3o foi coordenada pelo pr\u00f3prio comandante-geral da PM, coronel [\u2026]<\/p>\n<p>O post <a rel=\"nofollow\" href=\"https:\/\/wscom.com.br\/operacao-paradigma-prende-cinco-acusados-e-apreende-tres-armas-na-grande-joao-pessoa\/\">Opera\u00e7\u00e3o Paradigma prende cinco acusados e apreende tr\u00eas armas na grande Jo\u00e3o Pessoa<\/a> apareceu primeiro em <a rel=\"nofollow\" href=\"https:\/\/wscom.com.br\/\">WSCOM<\/a>.<\/p>\n","protected":false},"author":49,"featured_media":0,"comment_status":"closed","ping_status":"closed","sticky":false,"template":"","format":"standard","meta":{"advgb_blocks_editor_width":"","advgb_blocks_columns_visual_guide":"","footnotes":""},"categories":[327,34,71,6681,411,66,384],"tags":[35],"class_list":["post-26355","post","type-post","status-publish","format-standard","hentry","category-bayeux","category-g1","category-joao-pessoa","category-operacao-paradigma","category-policia-militar","category-policial","category-santa-rita","tag-g1"],"author_meta":{"display_name":"Cristiane Cavalcante","author_link":"https:\/\/sindaopcpb.org.br\/author\/cristiane-cavalcante\/"},"featured_img":null,"coauthors":[],"tax_additional":{"categories":{"linked":["<a href=\"https:\/\/sindaopcpb.org.br\/bayeux\/\" class=\"advgb-post-tax-term\">bayeux<\/a>","<a href=\"https:\/\/sindaopcpb.org.br\/g1\/\" class=\"advgb-post-tax-term\">G1<\/a>","<a href=\"https:\/\/sindaopcpb.org.br\/joao-pessoa\/\" class=\"advgb-post-tax-term\">Jo\u00e3o Pessoa<\/a>","<a href=\"https:\/\/sindaopcpb.org.br\/operacao-paradigma\/\" class=\"advgb-post-tax-term\">Opera\u00e7\u00e3o Paradigma<\/a>","<a href=\"https:\/\/sindaopcpb.org.br\/policia-militar\/\" class=\"advgb-post-tax-term\">Pol\u00edcia Militar<\/a>","<a href=\"https:\/\/sindaopcpb.org.br\/policial\/\" class=\"advgb-post-tax-term\">Policial<\/a>","<a href=\"https:\/\/sindaopcpb.org.br\/santa-rita\/\" class=\"advgb-post-tax-term\">santa rita<\/a>"],"unlinked":["<span class=\"advgb-post-tax-term\">bayeux<\/span>","<span class=\"advgb-post-tax-term\">G1<\/span>","<span class=\"advgb-post-tax-term\">Jo\u00e3o Pessoa<\/span>","<span class=\"advgb-post-tax-term\">Opera\u00e7\u00e3o Paradigma<\/span>","<span class=\"advgb-post-tax-term\">Pol\u00edcia Militar<\/span>","<span class=\"advgb-post-tax-term\">Policial<\/span>","<span class=\"advgb-post-tax-term\">santa rita<\/span>"]},"tags":{"linked":["<a href=\"https:\/\/sindaopcpb.org.br\/santa-rita\/\" class=\"advgb-post-tax-term\">g1<\/a>"],"unlinked":["<span class=\"advgb-post-tax-term\">g1<\/span>"]}},"comment_count":"0","relative_dates":{"created":"Publicado 3 anos atr\u00e1s","modified":"Atualizado 3 anos atr\u00e1s"},"absolute_dates":{"created":"Publicado em 20 de julho de 2023","modified":"Atualizado em 20 de julho de 2023"},"absolute_dates_time":{"created":"Publicado em 20 de julho de 2023 13:54","modified":"Atualizado em 20 de julho de 2023 13:54"},"featured_img_caption":"","series_order":"","_links":{"self":[{"href":"https:\/\/sindaopcpb.org.br\/index.php\/wp-json\/wp\/v2\/posts\/26355","targetHints":{"allow":["GET"]}}],"collection":[{"href":"https:\/\/sindaopcpb.org.br\/index.php\/wp-json\/wp\/v2\/posts"}],"about":[{"href":"https:\/\/sindaopcpb.org.br\/index.php\/wp-json\/wp\/v2\/types\/post"}],"author":[{"embeddable":true,"href":"https:\/\/sindaopcpb.org.br\/index.php\/wp-json\/wp\/v2\/users\/49"}],"replies":[{"embeddable":true,"href":"https:\/\/sindaopcpb.org.br\/index.php\/wp-json\/wp\/v2\/comments?post=26355"}],"version-history":[{"count":1,"href":"https:\/\/sindaopcpb.org.br\/index.php\/wp-json\/wp\/v2\/posts\/26355\/revisions"}],"predecessor-version":[{"id":26356,"href":"https:\/\/sindaopcpb.org.br\/index.php\/wp-json\/wp\/v2\/posts\/26355\/revisions\/26356"}],"wp:attachment":[{"href":"https:\/\/sindaopcpb.org.br\/index.php\/wp-json\/wp\/v2\/media?parent=26355"}],"wp:term":[{"taxonomy":"category","embeddable":true,"href":"https:\/\/sindaopcpb.org.br\/index.php\/wp-json\/wp\/v2\/categories?post=26355"},{"taxonomy":"post_tag","embeddable":true,"href":"https:\/\/sindaopcpb.org.br\/index.php\/wp-json\/wp\/v2\/tags?post=26355"}],"curies":[{"name":"wp","href":"https:\/\/api.w.org\/{rel}","templated":true}]}}