{"id":26353,"date":"2023-07-20T14:07:43","date_gmt":"2023-07-20T17:07:43","guid":{"rendered":"https:\/\/wpa.wscom.com.br\/?p=912982"},"modified":"2023-07-20T14:07:43","modified_gmt":"2023-07-20T17:07:43","slug":"duas-cidades-da-paraiba-estao-entre-as-50-mais-violentas-do-pais-segundo-forum-de-seguranca-publica","status":"publish","type":"post","link":"https:\/\/sindaopcpb.org.br\/index.php\/2023\/07\/20\/duas-cidades-da-paraiba-estao-entre-as-50-mais-violentas-do-pais-segundo-forum-de-seguranca-publica\/","title":{"rendered":"Duas cidades da Para\u00edba est\u00e3o entre as 50 mais violentas do pa\u00eds, segundo F\u00f3rum de Seguran\u00e7a P\u00fablica"},"content":{"rendered":"<div class=\"group w-full text-gray-800 dark:text-gray-100 border-b border-black\/10 dark:border-gray-900\/50 bg-gray-50 dark:bg-[#444654]\">\n<div class=\"flex p-4 gap-4 text-base md:gap-6 md:max-w-2xl lg:max-w-[38rem] xl:max-w-3xl md:py-6 lg:px-0 m-auto\">\n<div class=\"relative flex w-[calc(100%-50px)] flex-col gap-1 md:gap-3 lg:w-[calc(100%-115px)]\">\n<div class=\"flex flex-grow flex-col gap-3\">\n<div class=\"min-h-[20px] flex items-start overflow-x-auto whitespace-pre-wrap break-words flex-col gap-4\">\n<div class=\"markdown prose w-full break-words dark:prose-invert light\">\n<p>Foi divulgado o anu\u00e1rio de 2022 do F\u00f3rum Brasileiro de Seguran\u00e7a P\u00fablica. A lista revela as 50 cidades mais violentas com popula\u00e7\u00e3o acima de 100 mil habitantes, tendo como base as taxas de mortes violentas intencionais (MVIs) registradas pelas secretarias de seguran\u00e7a p\u00fablica de cada estado.<\/p>\n<p>A Para\u00edba tem duas cidades na lista: Santa Rita, na 20\u00aa posi\u00e7\u00e3o; e Patos, na 33\u00aa posi\u00e7\u00e3o. As Taxa de Mortes Violentas Intencionais s\u00e3o de de 56 e 47,5, respectivamente.<\/p>\n<p>Entre as cidades com os piores \u00edndices de viol\u00eancia, a Bahia lidera o ranking, ocupando as quatro primeiras posi\u00e7\u00f5es. Os munic\u00edpios de Jequi\u00e9, Santo Ant\u00f4nio de Jesus, Sim\u00f5es Filho e Cama\u00e7ari se destacam como os mais violentos do Brasil.<\/p>\n<p>As MVIs englobam uma s\u00e9rie de crimes graves, como homic\u00eddio doloso, latroc\u00ednio, les\u00e3o corporal seguida de morte e feminic\u00eddio, e refletem uma realidade alarmante que preocupa as autoridades e a sociedade em geral.<\/p>\n<p>Veja a lista completa:<\/p>\n<table class=\"show-table__content\n show-table__content--highlight-top show-table__content--highlight-left        \"><\/p>\n<tbody>\n<tr>\n<td>Munic\u00edpio<\/td>\n<td>Estado<\/td>\n<td>Taxa de Mortes Violentas Intencionais (2022)<\/td>\n<\/tr>\n<tr>\n<td>1<\/td>\n<td>Jequi\u00e9<\/td>\n<td>BA<\/td>\n<td>88,8<\/td>\n<\/tr>\n<tr>\n<td>2<\/td>\n<td>Santo Ant\u00f4nio de Jesus<\/td>\n<td>BA<\/td>\n<td>88,3<\/td>\n<\/tr>\n<tr>\n<td>3<\/td>\n<td>Sim\u00f5es Filho<\/td>\n<td>BA<\/td>\n<td>87,4<\/td>\n<\/tr>\n<tr>\n<td>4<\/td>\n<td>Cama\u00e7ari<\/td>\n<td>BA<\/td>\n<td>82,1<\/td>\n<\/tr>\n<tr>\n<td>5<\/td>\n<td>Cabo de Santo Agostinho<\/td>\n<td>PE<\/td>\n<td>81,2<\/td>\n<\/tr>\n<tr>\n<td>6<\/td>\n<td>Sorriso<\/td>\n<td>MT<\/td>\n<td>70,5<\/td>\n<\/tr>\n<tr>\n<td>7<\/td>\n<td>Altamira<\/td>\n<td>PA<\/td>\n<td>70,5<\/td>\n<\/tr>\n<tr>\n<td>8<\/td>\n<td>Macap\u00e1<\/td>\n<td>AP<\/td>\n<td>70,0<\/td>\n<\/tr>\n<tr>\n<td>9<\/td>\n<td>Feira de Santana<\/td>\n<td>BA<\/td>\n<td>68,5<\/td>\n<\/tr>\n<tr>\n<td>10<\/td>\n<td>Juazeiro<\/td>\n<td>BA<\/td>\n<td>68,3<\/td>\n<\/tr>\n<tr>\n<td>11<\/td>\n<td>Teixeira de Freitas<\/td>\n<td>BA<\/td>\n<td>66,8<\/td>\n<\/tr>\n<tr>\n<td>12<\/td>\n<td>Salvador<\/td>\n<td>BA<\/td>\n<td>66,0<\/td>\n<\/tr>\n<tr>\n<td>13<\/td>\n<td>Mossor\u00f3<\/td>\n<td>RN<\/td>\n<td>63,5<\/td>\n<\/tr>\n<tr>\n<td>14<\/td>\n<td>Ilh\u00e9us<\/td>\n<td>BA<\/td>\n<td>62,1<\/td>\n<\/tr>\n<tr>\n<td>15<\/td>\n<td>Itaituba<\/td>\n<td>PA<\/td>\n<td>61,6<\/td>\n<\/tr>\n<tr>\n<td>16<\/td>\n<td>Itagua\u00ed<\/td>\n<td>RJ<\/td>\n<td>61,6<\/td>\n<\/tr>\n<tr>\n<td>17<\/td>\n<td>Queimados<\/td>\n<td>RJ<\/td>\n<td>61,2<\/td>\n<\/tr>\n<tr>\n<td>18<\/td>\n<td>Lu\u00eds Eduardo Magalh\u00e3es<\/td>\n<td>BA<\/td>\n<td>56,5<\/td>\n<\/tr>\n<tr>\n<td>19<\/td>\n<td>Eun\u00e1polis<\/td>\n<td>BA<\/td>\n<td>56,3<\/td>\n<\/tr>\n<tr>\n<td>20<\/td>\n<td>Santa Rita<\/td>\n<td>PB<\/td>\n<td>56,0<\/td>\n<\/tr>\n<tr>\n<td>21<\/td>\n<td>Maracana\u00fa<\/td>\n<td>CE<\/td>\n<td>55,9<\/td>\n<\/tr>\n<tr>\n<td>22<\/td>\n<td>Angra dos Reis<\/td>\n<td>RJ<\/td>\n<td>55,5<\/td>\n<\/tr>\n<tr>\n<td>23<\/td>\n<td>Manaus<\/td>\n<td>AM<\/td>\n<td>53,4<\/td>\n<\/tr>\n<tr>\n<td>24<\/td>\n<td>Rio Grande<\/td>\n<td>RS<\/td>\n<td>53,2<\/td>\n<\/tr>\n<tr>\n<td>25<\/td>\n<td>Alagoinhas<\/td>\n<td>BA<\/td>\n<td>53,0<\/td>\n<\/tr>\n<tr>\n<td>26<\/td>\n<td>Marab\u00e1<\/td>\n<td>PA<\/td>\n<td>51,8<\/td>\n<\/tr>\n<tr>\n<td>27<\/td>\n<td>Vit\u00f3ria de Santo Ant\u00e3o<\/td>\n<td>PE<\/td>\n<td>51,5<\/td>\n<\/tr>\n<tr>\n<td>28<\/td>\n<td>Itabaiana<\/td>\n<td>SE<\/td>\n<td>51,2<\/td>\n<\/tr>\n<tr>\n<td>29<\/td>\n<td>Caucaia<\/td>\n<td>CE<\/td>\n<td>51,2<\/td>\n<\/tr>\n<tr>\n<td>30<\/td>\n<td>S\u00e3o Louren\u00e7o da Mata<\/td>\n<td>PE<\/td>\n<td>50,3<\/td>\n<\/tr>\n<tr>\n<td>31<\/td>\n<td>Santana<\/td>\n<td>AP<\/td>\n<td>49,4<\/td>\n<\/tr>\n<tr>\n<td>32<\/td>\n<td>Paragominas<\/td>\n<td>PA<\/td>\n<td>49,3<\/td>\n<\/tr>\n<tr>\n<td>33<\/td>\n<td>Patos<\/td>\n<td>PB<\/td>\n<td>47,5<\/td>\n<\/tr>\n<tr>\n<td>34<\/td>\n<td>Paranagu\u00e1<\/td>\n<td>PR<\/td>\n<td>47,3<\/td>\n<\/tr>\n<tr>\n<td>35<\/td>\n<td>Parauapebas<\/td>\n<td>PA<\/td>\n<td>46,9<\/td>\n<\/tr>\n<tr>\n<td>36<\/td>\n<td>Maca\u00e9<\/td>\n<td>RJ<\/td>\n<td>46,7<\/td>\n<\/tr>\n<tr>\n<td>37<\/td>\n<td>Caxias<\/td>\n<td>MA<\/td>\n<td>46,5<\/td>\n<\/tr>\n<tr>\n<td>38<\/td>\n<td>Parna\u00edba<\/td>\n<td>PI<\/td>\n<td>46,3<\/td>\n<\/tr>\n<tr>\n<td>39<\/td>\n<td>Garanhuns<\/td>\n<td>PE<\/td>\n<td>44,9<\/td>\n<\/tr>\n<tr>\n<td>40<\/td>\n<td>S\u00e3o Gon\u00e7alo do Amarante<\/td>\n<td>RN<\/td>\n<td>44,9<\/td>\n<\/tr>\n<tr>\n<td>41<\/td>\n<td>Alvorada<\/td>\n<td>RS<\/td>\n<td>44,8<\/td>\n<\/tr>\n<tr>\n<td>42<\/td>\n<td>Jaboat\u00e3o dos Guararapes<\/td>\n<td>PE<\/td>\n<td>44,6<\/td>\n<\/tr>\n<tr>\n<td>43<\/td>\n<td>Duque de Caxias<\/td>\n<td>RJ<\/td>\n<td>44,3<\/td>\n<\/tr>\n<tr>\n<td>44<\/td>\n<td>Almirante Tamandar\u00e9<\/td>\n<td>PR<\/td>\n<td>44,2<\/td>\n<\/tr>\n<tr>\n<td>45<\/td>\n<td>Castanhal<\/td>\n<td>PA<\/td>\n<td>44,2<\/td>\n<\/tr>\n<tr>\n<td>46<\/td>\n<td>Campo Largo<\/td>\n<td>PR<\/td>\n<td>43,3<\/td>\n<\/tr>\n<tr>\n<td>47<\/td>\n<td>Porto Velho<\/td>\n<td>RO<\/td>\n<td>42,1<\/td>\n<\/tr>\n<tr>\n<td>48<\/td>\n<td>Ji-Paran\u00e1<\/td>\n<td>RO<\/td>\n<td>41,8<\/td>\n<\/tr>\n<tr>\n<td>49<\/td>\n<td>Belford Roxo<\/td>\n<td>RJ<\/td>\n<td>41,8<\/td>\n<\/tr>\n<tr>\n<td>50<\/td>\n<td>Marituba<\/td>\n<td>PA<\/td>\n<td>41,6<\/td>\n<\/tr>\n<\/tbody>\n<\/table>\n<\/div>\n<\/div>\n<\/div>\n<div class=\"flex justify-between lg:block\">\n<div class=\"text-gray-400 flex self-end lg:self-center justify-center mt-2 gap-2 md:gap-3 lg:gap-1 lg:absolute lg:top-0 lg:translate-x-full lg:right-0 lg:mt-0 lg:pl-2 visible\"><button class=\"flex ml-auto gap-2 rounded-md p-1 hover:bg-gray-100 hover:text-gray-700 dark:text-gray-400 dark:hover:bg-gray-700 dark:hover:text-gray-200 disabled:dark:hover:text-gray-400\"><\/button><\/p>\n<div class=\"flex gap-1\"><\/div>\n<\/div>\n<\/div>\n<\/div>\n<\/div>\n<\/div>\n<p>O post <a rel=\"nofollow noopener\" href=\"https:\/\/wscom.com.br\/duas-cidades-da-paraiba-estao-entre-as-50-mais-violentas-do-pais-segundo-forum-de-seguranca-publica\/\" target=\"_blank\">Duas cidades da Para\u00edba est\u00e3o entre as 50 mais violentas do pa\u00eds, segundo F\u00f3rum de Seguran\u00e7a P\u00fablica<\/a> apareceu primeiro em <a rel=\"nofollow noopener\" href=\"https:\/\/wscom.com.br\/\" target=\"_blank\">WSCOM<\/a>.<\/p>\n","protected":false},"excerpt":{"rendered":"<p>Foi divulgado o anu\u00e1rio de 2022 do F\u00f3rum Brasileiro de Seguran\u00e7a P\u00fablica. A lista revela as 50 cidades mais violentas com popula\u00e7\u00e3o acima de 100 mil habitantes, tendo como base as taxas de mortes violentas intencionais (MVIs) registradas pelas secretarias de seguran\u00e7a p\u00fablica de cada estado. A Para\u00edba tem duas cidades na lista: Santa Rita, [\u2026]<\/p>\n<p>O post <a rel=\"nofollow\" href=\"https:\/\/wscom.com.br\/duas-cidades-da-paraiba-estao-entre-as-50-mais-violentas-do-pais-segundo-forum-de-seguranca-publica\/\">Duas cidades da Para\u00edba est\u00e3o entre as 50 mais violentas do pa\u00eds, segundo F\u00f3rum de Seguran\u00e7a P\u00fablica<\/a> apareceu primeiro em <a rel=\"nofollow\" href=\"https:\/\/wscom.com.br\/\">WSCOM<\/a>.<\/p>\n","protected":false},"author":50,"featured_media":0,"comment_status":"closed","ping_status":"closed","sticky":false,"template":"","format":"standard","meta":{"advgb_blocks_editor_width":"","advgb_blocks_columns_visual_guide":"","footnotes":""},"categories":[6680,34,66,3776,548],"tags":[35],"class_list":["post-26353","post","type-post","status-publish","format-standard","hentry","category-anuario","category-g1","category-policial","category-publica","category-seguranca","tag-g1"],"author_meta":{"display_name":"Wallyson","author_link":"https:\/\/sindaopcpb.org.br\/author\/wallyson\/"},"featured_img":null,"coauthors":[],"tax_additional":{"categories":{"linked":["<a href=\"https:\/\/sindaopcpb.org.br\/anuario\/\" class=\"advgb-post-tax-term\">Anu\u00e1rio<\/a>","<a href=\"https:\/\/sindaopcpb.org.br\/g1\/\" class=\"advgb-post-tax-term\">G1<\/a>","<a href=\"https:\/\/sindaopcpb.org.br\/policial\/\" class=\"advgb-post-tax-term\">Policial<\/a>","<a href=\"https:\/\/sindaopcpb.org.br\/publica\/\" class=\"advgb-post-tax-term\">P\u00fablica<\/a>","<a href=\"https:\/\/sindaopcpb.org.br\/seguranca\/\" class=\"advgb-post-tax-term\">Seguran\u00e7a<\/a>"],"unlinked":["<span class=\"advgb-post-tax-term\">Anu\u00e1rio<\/span>","<span class=\"advgb-post-tax-term\">G1<\/span>","<span class=\"advgb-post-tax-term\">Policial<\/span>","<span class=\"advgb-post-tax-term\">P\u00fablica<\/span>","<span class=\"advgb-post-tax-term\">Seguran\u00e7a<\/span>"]},"tags":{"linked":["<a href=\"https:\/\/sindaopcpb.org.br\/seguranca\/\" class=\"advgb-post-tax-term\">g1<\/a>"],"unlinked":["<span class=\"advgb-post-tax-term\">g1<\/span>"]}},"comment_count":"0","relative_dates":{"created":"Publicado 3 anos atr\u00e1s","modified":"Atualizado 3 anos atr\u00e1s"},"absolute_dates":{"created":"Publicado em 20 de julho de 2023","modified":"Atualizado em 20 de julho de 2023"},"absolute_dates_time":{"created":"Publicado em 20 de julho de 2023 14:07","modified":"Atualizado em 20 de julho de 2023 14:07"},"featured_img_caption":"","series_order":"","_links":{"self":[{"href":"https:\/\/sindaopcpb.org.br\/index.php\/wp-json\/wp\/v2\/posts\/26353","targetHints":{"allow":["GET"]}}],"collection":[{"href":"https:\/\/sindaopcpb.org.br\/index.php\/wp-json\/wp\/v2\/posts"}],"about":[{"href":"https:\/\/sindaopcpb.org.br\/index.php\/wp-json\/wp\/v2\/types\/post"}],"author":[{"embeddable":true,"href":"https:\/\/sindaopcpb.org.br\/index.php\/wp-json\/wp\/v2\/users\/50"}],"replies":[{"embeddable":true,"href":"https:\/\/sindaopcpb.org.br\/index.php\/wp-json\/wp\/v2\/comments?post=26353"}],"version-history":[{"count":2,"href":"https:\/\/sindaopcpb.org.br\/index.php\/wp-json\/wp\/v2\/posts\/26353\/revisions"}],"predecessor-version":[{"id":26373,"href":"https:\/\/sindaopcpb.org.br\/index.php\/wp-json\/wp\/v2\/posts\/26353\/revisions\/26373"}],"wp:attachment":[{"href":"https:\/\/sindaopcpb.org.br\/index.php\/wp-json\/wp\/v2\/media?parent=26353"}],"wp:term":[{"taxonomy":"category","embeddable":true,"href":"https:\/\/sindaopcpb.org.br\/index.php\/wp-json\/wp\/v2\/categories?post=26353"},{"taxonomy":"post_tag","embeddable":true,"href":"https:\/\/sindaopcpb.org.br\/index.php\/wp-json\/wp\/v2\/tags?post=26353"}],"curies":[{"name":"wp","href":"https:\/\/api.w.org\/{rel}","templated":true}]}}