{"id":26349,"date":"2023-07-20T14:39:12","date_gmt":"2023-07-20T17:39:12","guid":{"rendered":"https:\/\/wpa.wscom.com.br\/?p=912998"},"modified":"2023-07-20T14:39:12","modified_gmt":"2023-07-20T17:39:12","slug":"planalto-espera-consolidar-votos-de-60-deputados-de-pp-e-republicanos-com-entrada-do-centrao-no-governo","status":"publish","type":"post","link":"https:\/\/sindaopcpb.org.br\/index.php\/2023\/07\/20\/planalto-espera-consolidar-votos-de-60-deputados-de-pp-e-republicanos-com-entrada-do-centrao-no-governo\/","title":{"rendered":"Planalto espera consolidar votos de 60 deputados de PP e Republicanos com entrada do Centr\u00e3o no governo"},"content":{"rendered":"<p>O Pal\u00e1cio do Planalto projeta um refor\u00e7o significativo em seu apoio no Congresso Nacional ap\u00f3s formalizar o ingresso do PP e do Republicanos no governo, duas importantes legendas do Centr\u00e3o que deram sustenta\u00e7\u00e3o a Jair Bolsonaro (PL) durante seu mandato. Segundo proje\u00e7\u00f5es do Executivo, essa movimenta\u00e7\u00e3o pol\u00edtica pode garantir o apoio de 60 deputados, sendo 30 de cada partido, destaca\u00a0<a href=\"https:\/\/oglobo.globo.com\/politica\/noticia\/2023\/07\/20\/planalto-espera-consolidar-votos-de-60-deputados-de-pp-e-republicanos-com-entrada-do-centrao-no-governo.ghtml\" rel=\"noopener nofollow\" target=\"_blank\"><u>reportagem<\/u><\/a>\u00a0de O Globo. O presidente Luiz In\u00e1cio Lula da Silva (PT), de volta a Bras\u00edlia ap\u00f3s uma viagem a Bruxelas, deve concluir o novo desenho do primeiro escal\u00e3o at\u00e9 o pr\u00f3ximo m\u00eas.<\/p>\n<p>Os deputados federais Andr\u00e9 Fufuca (PP-AM) e Silvio Costa Filho (Republicanos-PE) s\u00e3o os favoritos para se tornarem ministros, e entre os membros da coordena\u00e7\u00e3o pol\u00edtica h\u00e1 uma expectativa de que haja uma reorganiza\u00e7\u00e3o de cargos para acomodar os novos aliados, sem, no entanto, afetar a representatividade feminina no governo.<\/p>\n<p>Al\u00e9m dos votos consolidados com o PP e Republicanos, o governo estima que outras medidas e concess\u00f5es poder\u00e3o angariar mais 80 votos, elevando o total de novos parlamentares da base para 140. Essas a\u00e7\u00f5es incluem a distribui\u00e7\u00e3o de cargos para o PL, legenda de Bolsonaro, bem como a extens\u00e3o do apoio do Uni\u00e3o Brasil com a nomea\u00e7\u00e3o de Celso Sabino para o Minist\u00e9rio do Turismo.<\/p>\n<p>As proje\u00e7\u00f5es dos governistas de partidos do Centr\u00e3o s\u00e3o ainda mais otimistas. No PP, a expectativa \u00e9 de que possam ser garantidos votos de 35 a 40 deputados, dos 49 que comp\u00f5em a bancada. J\u00e1 no Republicanos, os &#8220;governistas&#8221; da lenda acreditam que o patamar pode variar entre 30 e 35 dos 41 deputados.<\/p>\n<p>A fim de consolidar o apoio do PL, o governo tem mantido indica\u00e7\u00f5es de gest\u00f5es superiores em algumas posi\u00e7\u00f5es de confian\u00e7a, enquanto o partido pode indicar nomes para o segundo escal\u00e3o e cargos de chefia em minist\u00e9rios, desde que n\u00e3o tenham se oposto fortemente a Lula durante a elei\u00e7\u00e3o de 2022.<\/p>\n<p>Um dos desafios da articula\u00e7\u00e3o pol\u00edtica \u00e9 garantir o apoio de at\u00e9 50 dos 59 parlamentares do Uni\u00e3o Brasil. Entretanto, h\u00e1 uma discuss\u00e3o em curso para acomodar o partido no governo, por\u00e9m, Lula pretende manter suas escolhas para os \u00f3rg\u00e3os mais relevantes, o que tem gerado alguma tens\u00e3o.<\/p>\n<p>O post <a rel=\"nofollow noopener\" href=\"https:\/\/wscom.com.br\/planalto-espera-consolidar-votos-de-60-deputados-de-pp-e-republicanos-com-entrada-do-centrao-no-governo\/\" target=\"_blank\">Planalto espera consolidar votos de 60 deputados de PP e Republicanos com entrada do Centr\u00e3o no governo<\/a> apareceu primeiro em <a rel=\"nofollow noopener\" href=\"https:\/\/wscom.com.br\/\" target=\"_blank\">WSCOM<\/a>.<\/p>\n","protected":false},"excerpt":{"rendered":"<p>O Pal\u00e1cio do Planalto projeta um refor\u00e7o significativo em seu apoio no Congresso Nacional ap\u00f3s formalizar o ingresso do PP e do Republicanos no governo, duas importantes legendas do Centr\u00e3o que deram sustenta\u00e7\u00e3o a Jair Bolsonaro (PL) durante seu mandato. Segundo proje\u00e7\u00f5es do Executivo, essa movimenta\u00e7\u00e3o pol\u00edtica pode garantir o apoio de 60 deputados, sendo [\u2026]<\/p>\n<p>O post <a rel=\"nofollow\" href=\"https:\/\/wscom.com.br\/planalto-espera-consolidar-votos-de-60-deputados-de-pp-e-republicanos-com-entrada-do-centrao-no-governo\/\">Planalto espera consolidar votos de 60 deputados de PP e Republicanos com entrada do Centr\u00e3o no governo<\/a> apareceu primeiro em <a rel=\"nofollow\" href=\"https:\/\/wscom.com.br\/\">WSCOM<\/a>.<\/p>\n","protected":false},"author":50,"featured_media":0,"comment_status":"closed","ping_status":"closed","sticky":false,"template":"","format":"standard","meta":{"advgb_blocks_editor_width":"","advgb_blocks_columns_visual_guide":"","footnotes":""},"categories":[273,34,6677,47,1141],"tags":[35],"class_list":["post-26349","post","type-post","status-publish","format-standard","hentry","category-congresso","category-g1","category-planalto","category-politica","category-pp","tag-g1"],"author_meta":{"display_name":"Wallyson","author_link":"https:\/\/sindaopcpb.org.br\/author\/wallyson\/"},"featured_img":null,"coauthors":[],"tax_additional":{"categories":{"linked":["<a href=\"https:\/\/sindaopcpb.org.br\/congresso\/\" class=\"advgb-post-tax-term\">Congresso<\/a>","<a href=\"https:\/\/sindaopcpb.org.br\/g1\/\" class=\"advgb-post-tax-term\">G1<\/a>","<a href=\"https:\/\/sindaopcpb.org.br\/planalto\/\" class=\"advgb-post-tax-term\">planalto<\/a>","<a href=\"https:\/\/sindaopcpb.org.br\/politica\/\" class=\"advgb-post-tax-term\">POLITICA<\/a>","<a href=\"https:\/\/sindaopcpb.org.br\/pp\/\" class=\"advgb-post-tax-term\">pp<\/a>"],"unlinked":["<span class=\"advgb-post-tax-term\">Congresso<\/span>","<span class=\"advgb-post-tax-term\">G1<\/span>","<span class=\"advgb-post-tax-term\">planalto<\/span>","<span class=\"advgb-post-tax-term\">POLITICA<\/span>","<span class=\"advgb-post-tax-term\">pp<\/span>"]},"tags":{"linked":["<a href=\"https:\/\/sindaopcpb.org.br\/pp\/\" class=\"advgb-post-tax-term\">g1<\/a>"],"unlinked":["<span class=\"advgb-post-tax-term\">g1<\/span>"]}},"comment_count":"0","relative_dates":{"created":"Publicado 3 anos atr\u00e1s","modified":"Atualizado 3 anos atr\u00e1s"},"absolute_dates":{"created":"Publicado em 20 de julho de 2023","modified":"Atualizado em 20 de julho de 2023"},"absolute_dates_time":{"created":"Publicado em 20 de julho de 2023 14:39","modified":"Atualizado em 20 de julho de 2023 14:39"},"featured_img_caption":"","series_order":"","_links":{"self":[{"href":"https:\/\/sindaopcpb.org.br\/index.php\/wp-json\/wp\/v2\/posts\/26349","targetHints":{"allow":["GET"]}}],"collection":[{"href":"https:\/\/sindaopcpb.org.br\/index.php\/wp-json\/wp\/v2\/posts"}],"about":[{"href":"https:\/\/sindaopcpb.org.br\/index.php\/wp-json\/wp\/v2\/types\/post"}],"author":[{"embeddable":true,"href":"https:\/\/sindaopcpb.org.br\/index.php\/wp-json\/wp\/v2\/users\/50"}],"replies":[{"embeddable":true,"href":"https:\/\/sindaopcpb.org.br\/index.php\/wp-json\/wp\/v2\/comments?post=26349"}],"version-history":[{"count":1,"href":"https:\/\/sindaopcpb.org.br\/index.php\/wp-json\/wp\/v2\/posts\/26349\/revisions"}],"predecessor-version":[{"id":26350,"href":"https:\/\/sindaopcpb.org.br\/index.php\/wp-json\/wp\/v2\/posts\/26349\/revisions\/26350"}],"wp:attachment":[{"href":"https:\/\/sindaopcpb.org.br\/index.php\/wp-json\/wp\/v2\/media?parent=26349"}],"wp:term":[{"taxonomy":"category","embeddable":true,"href":"https:\/\/sindaopcpb.org.br\/index.php\/wp-json\/wp\/v2\/categories?post=26349"},{"taxonomy":"post_tag","embeddable":true,"href":"https:\/\/sindaopcpb.org.br\/index.php\/wp-json\/wp\/v2\/tags?post=26349"}],"curies":[{"name":"wp","href":"https:\/\/api.w.org\/{rel}","templated":true}]}}