{"id":26344,"date":"2023-07-20T14:01:00","date_gmt":"2023-07-20T17:01:00","guid":{"rendered":"https:\/\/www.infomoney.com.br\/?p=2192719"},"modified":"2023-07-20T14:01:00","modified_gmt":"2023-07-20T17:01:00","slug":"haddad-sem-reformas-e-crescimento-tensoes-vao-se-acirrar-novamente","status":"publish","type":"post","link":"https:\/\/sindaopcpb.org.br\/index.php\/2023\/07\/20\/haddad-sem-reformas-e-crescimento-tensoes-vao-se-acirrar-novamente\/","title":{"rendered":"Haddad: Sem reformas e crescimento, tens\u00f5es v\u00e3o se acirrar novamente"},"content":{"rendered":"<p><img loading=\"lazy\" width=\"300\" height=\"225\" src=\"https:\/\/www.infomoney.com.br\/wp-content\/uploads\/2023\/01\/Fernando_Haddad_ministro.jpg?fit=300%2C225&amp;quality=70&amp;strip=all\" class=\"attachment-medium size-medium wp-post-image\" alt=\"\" decoding=\"async\" style=\"float:right; margin:0 0 10px 10px;\" srcset=\"https:\/\/www.infomoney.com.br\/wp-content\/uploads\/2023\/01\/Fernando_Haddad_ministro.jpg?w=1024&amp;quality=70&amp;strip=all 1024w, https:\/\/www.infomoney.com.br\/wp-content\/uploads\/2023\/01\/Fernando_Haddad_ministro.jpg?w=300&amp;quality=70&amp;strip=all 300w, https:\/\/www.infomoney.com.br\/wp-content\/uploads\/2023\/01\/Fernando_Haddad_ministro.jpg?w=768&amp;quality=70&amp;strip=all 768w, https:\/\/www.infomoney.com.br\/wp-content\/uploads\/2023\/01\/Fernando_Haddad_ministro.jpg?w=150&amp;quality=70&amp;strip=all 150w\" sizes=\"auto, (max-width: 300px) 100vw, 300px\" data-attachment-id=\"2029934\" data-permalink=\"https:\/\/www.infomoney.com.br\/politica\/medidas-economicas-fernando-haddad-governo-lula\/attachment\/fernando_haddad_ministro\/\" data-orig-file=\"https:\/\/www.infomoney.com.br\/wp-content\/uploads\/2023\/01\/Fernando_Haddad_ministro.jpg?fit=1024%2C768&amp;quality=70&amp;strip=all\" data-orig-size=\"1024,768\" data-comments-opened=\"0\" data-image-meta=\"{&quot;aperture&quot;:&quot;2.8&quot;,&quot;credit&quot;:&quot;Marcelo Camargo\\\/Ag\\u00eancia Brasil&quot;,&quot;camera&quot;:&quot;Canon EOS-1D X&quot;,&quot;caption&quot;:&quot;O ministro da Fazenda, Fernando Haddad, assume o cargo em cerim\\u00f4nia no Centro Cultural Banco do Brasil (CCBB).&quot;,&quot;created_timestamp&quot;:&quot;1672652682&quot;,&quot;copyright&quot;:&quot;Ag\\u00eancia Brasil\\\/EBC&quot;,&quot;focal_length&quot;:&quot;200&quot;,&quot;iso&quot;:&quot;3200&quot;,&quot;shutter_speed&quot;:&quot;0.0025&quot;,&quot;title&quot;:&quot;&quot;,&quot;orientation&quot;:&quot;0&quot;}\" data-image-title=\"Fernando Haddad\" data-image-description=\"\" data-image-caption=\"&lt;p&gt;O ministro da Fazenda, Fernando Haddad (Foto: Marcelo Camargo\/Ag\u00eancia Brasil).&lt;\/p&gt;\n\" data-medium-file=\"https:\/\/www.infomoney.com.br\/wp-content\/uploads\/2023\/01\/Fernando_Haddad_ministro.jpg?fit=300%2C225&amp;quality=70&amp;strip=all\" data-large-file=\"https:\/\/www.infomoney.com.br\/wp-content\/uploads\/2023\/01\/Fernando_Haddad_ministro.jpg?fit=1024%2C768&amp;quality=70&amp;strip=all\" title=\"\"><\/p>\n<p>O ministro da Fazenda, <strong>Fernando Haddad (PT)<\/strong>, afirmou, nesta quinta-feira (20), que a retomada do bem-estar social e de resultados fiscais saud\u00e1veis para o pa\u00eds depende de reformas econ\u00f4micas e da volta de um crescimento mais expressivo.<\/p>\n<p>A declara\u00e7\u00e3o foi dada no lan\u00e7amento da Agenda de Reformas Financeiras ciclo 2023-2024, focada em um <a href=\"https:\/\/www.infomoney.com.br\/politica\/governo-lanca-agenda-microeconomica-para-expandir-mercados-de-capitais-e-de-divida-privada\/\" rel=\"nofollow noopener\" target=\"_blank\">conjunto de medidas microecon\u00f4micas<\/a> que o governo do presidente Luiz In\u00e1cio Lula da Silva (PT) pretende entregar ao Congresso Nacional a partir do ano que vem.<\/p>\n<p>Durante sua fala em evento que marcou a inaugura\u00e7\u00e3o da agenda no Pal\u00e1cio da Fazenda, no Rio de Janeiro, Haddad destacou o que entende ser um &#8220;novo horizonte para a economia brasileira&#8221;, desde que as medidas necess\u00e1rias para atrair investidores nacionais e estrangeiros, consumidores e a popula\u00e7\u00e3o em geral sejam entregues pelo poder p\u00fablico.<\/p>\n<p>&#8220;N\u00e3o tenhamos ilus\u00f5es: se n\u00e3o endere\u00e7armos essas reformas e fizermos o pa\u00eds crescer, as tens\u00f5es logo mais v\u00e3o se acirrar novamente. E tudo que precisamos agora \u00e9 nos afastar desse ambiente de acirramento de tens\u00f5es e voltar para um modelo de desenvolvimento em harmonia entre os Poderes, entre as ag\u00eancias, para conseguirmos vislumbrar um horizonte para o pa\u00eds&#8221;, afirmou.<\/p>\n<p>No discurso, Haddad voltou a defender a import\u00e2ncia de se &#8220;harmonizar&#8221; os trabalhos de distintas inst\u00e2ncias de poder, como o Judici\u00e1rio, o Legislativo e o Executivo, a atua\u00e7\u00e3o das ag\u00eancias reguladoras e a constru\u00e7\u00e3o das pol\u00edticas fiscal, sob a coordena\u00e7\u00e3o do Minist\u00e9rio da Fazenda, e monet\u00e1ria, comandada pelo Banco Central.<\/p>\n<p>&#8220;Se cada Poder jogar o seu jogo, se cada ag\u00eancia jogar o seu jogo e n\u00e3o olhar para o vizinho, n\u00f3s n\u00e3o temos como ir longe&#8221;, pontuou.<\/p>\n<p>&#8220;O pa\u00eds est\u00e1 cansado. 2013 a 2022 foram tempos de exaspera\u00e7\u00e3o. N\u00f3s temos que mudar esse tom e fazer essa agenda progredir. E isso n\u00e3o significa uma agenda light, porque \u00e9 muito dif\u00edcil fazer o que estamos fazendo. \u00c9 uma agenda carregada, exaustiva, que exige milhares de horas de reuni\u00f5es, centenas de pessoas envolvidas. Agora, n\u00e3o \u00e9 por isso que vamos nos acanhar diante dela. N\u00f3s temos que entregar isso&#8221;, prosseguiu.<\/p>\n<p>Apesar do alerta, o ministro manifestou otimismo com o andamento da agenda econ\u00f4mica. &#8220;Eu sou um otimista. N\u00e3o \u00e9 poss\u00edvel fazer pol\u00edtica sem ser otimista&#8221;, disse.<\/p>\n<p>Ele destacou a aprova\u00e7\u00e3o de medidas como o novo arcabou\u00e7o fiscal e o avan\u00e7o de mat\u00e9rias como o marco de garantias, a retomada do &#8220;voto de qualidade&#8221; a favor da Uni\u00e3o no caso de empate em julgamentos no \u00e2mbito do Conselho de Administra\u00e7\u00e3o de Recursos Fiscais (Carf) e a pr\u00f3pria reforma tribut\u00e1ria.<\/p>\n<p>&#8220;Aquilo que parecia impens\u00e1vel seis meses atr\u00e1s hoje se tornou n\u00e3o apenas uma realidade&#8221;, disse o ministro. &#8220;Tem algum marco fiscal melhor do que o brasileiro neste momento? Estamos falando de gente, de uma s\u00e9rie de pessoas que t\u00eam opini\u00f5es diferentes. E eu pergunto: qual \u00e9 o pa\u00eds que tem o marco fiscal melhor do que o Brasil hoje?&#8221;, questionou.<\/p>\n<p>The post <a rel=\"nofollow noopener\" href=\"https:\/\/www.infomoney.com.br\/politica\/haddad-sem-reformas-e-crescimento-tensoes-vao-se-acirrar-novamente\/\" target=\"_blank\">Haddad: Sem reformas e crescimento, tens\u00f5es v\u00e3o se acirrar novamente<\/a> appeared first on <a rel=\"nofollow noopener\" href=\"https:\/\/www.infomoney.com.br\/\" target=\"_blank\">InfoMoney<\/a>.<\/p>\n","protected":false},"excerpt":{"rendered":"<p><img loading=\"lazy\" decoding=\"async\" width=\"300\" height=\"225\" src=\"https:\/\/www.infomoney.com.br\/wp-content\/uploads\/2023\/01\/Fernando_Haddad_ministro.jpg?fit=300%2C225&amp;quality=70&amp;strip=all\" class=\"attachment-medium size-medium wp-post-image\" alt=\"\" data-attachment-id=\"2029934\" data-permalink=\"https:\/\/www.infomoney.com.br\/politica\/medidas-economicas-fernando-haddad-governo-lula\/attachment\/fernando_haddad_ministro\/\" data-orig-file=\"https:\/\/www.infomoney.com.br\/wp-content\/uploads\/2023\/01\/Fernando_Haddad_ministro.jpg?fit=1024%2C768&amp;quality=70&amp;strip=all\" data-orig-size=\"1024,768\" data-comments-opened=\"0\" data-image-meta='{\"aperture\":\"2.8\",\"credit\":\"Marcelo Camargo\\\/Ag\\u00eancia Brasil\",\"camera\":\"Canon EOS-1D X\",\"caption\":\"O ministro da Fazenda, Fernando Haddad, assume o cargo em cerim\\u00f4nia no Centro Cultural Banco do Brasil (CCBB).\",\"created_timestamp\":\"1672652682\",\"copyright\":\"Ag\\u00eancia Brasil\\\/EBC\",\"focal_length\":\"200\",\"iso\":\"3200\",\"shutter_speed\":\"0.0025\",\"title\":\"\",\"orientation\":\"0\"}' data-image-title=\"Fernando Haddad\" data-image-description=\"\" data-image-caption=\"&lt;p&gt;O ministro da Fazenda, Fernando Haddad (Foto: Marcelo Camargo\/Ag\u00eancia Brasil).&lt;\/p&gt;\n\" data-medium-file=\"https:\/\/www.infomoney.com.br\/wp-content\/uploads\/2023\/01\/Fernando_Haddad_ministro.jpg?fit=300%2C225&amp;quality=70&amp;strip=all\" data-large-file=\"https:\/\/www.infomoney.com.br\/wp-content\/uploads\/2023\/01\/Fernando_Haddad_ministro.jpg?fit=1024%2C768&amp;quality=70&amp;strip=all\">Ministro volta a defender &#8220;harmoniza\u00e7\u00e3o&#8221; entre inst\u00e2ncias de poder, mas manifesta otimismo com andamento da agenda econ\u00f4mica do governo<\/p>\n<p>The post <a rel=\"nofollow\" href=\"https:\/\/www.infomoney.com.br\/politica\/haddad-sem-reformas-e-crescimento-tensoes-vao-se-acirrar-novamente\/\">Haddad: Sem reformas e crescimento, tens\u00f5es v\u00e3o se acirrar novamente<\/a> appeared first on <a rel=\"nofollow\" href=\"https:\/\/www.infomoney.com.br\/\">InfoMoney<\/a>.<\/p>\n","protected":false},"author":52,"featured_media":0,"comment_status":"closed","ping_status":"closed","sticky":false,"template":"","format":"standard","meta":{"advgb_blocks_editor_width":"","advgb_blocks_columns_visual_guide":"","footnotes":""},"categories":[109,34,260,130,47],"tags":[35],"class_list":["post-26344","post","type-post","status-publish","format-standard","hentry","category-fernando-haddad","category-g1","category-governo","category-ministerio-da-fazenda","category-politica","tag-g1"],"author_meta":{"display_name":"Marcos Mortari","author_link":"https:\/\/sindaopcpb.org.br\/author\/marcos-mortari\/"},"featured_img":null,"coauthors":[],"tax_additional":{"categories":{"linked":["<a href=\"https:\/\/sindaopcpb.org.br\/fernando-haddad\/\" class=\"advgb-post-tax-term\">FERNANDO HADDAD<\/a>","<a href=\"https:\/\/sindaopcpb.org.br\/g1\/\" class=\"advgb-post-tax-term\">G1<\/a>","<a href=\"https:\/\/sindaopcpb.org.br\/governo\/\" class=\"advgb-post-tax-term\">Governo<\/a>","<a href=\"https:\/\/sindaopcpb.org.br\/ministerio-da-fazenda\/\" class=\"advgb-post-tax-term\">Minist\u00e9rio da Fazenda<\/a>","<a href=\"https:\/\/sindaopcpb.org.br\/politica\/\" class=\"advgb-post-tax-term\">POLITICA<\/a>"],"unlinked":["<span class=\"advgb-post-tax-term\">FERNANDO HADDAD<\/span>","<span class=\"advgb-post-tax-term\">G1<\/span>","<span class=\"advgb-post-tax-term\">Governo<\/span>","<span class=\"advgb-post-tax-term\">Minist\u00e9rio da Fazenda<\/span>","<span class=\"advgb-post-tax-term\">POLITICA<\/span>"]},"tags":{"linked":["<a href=\"https:\/\/sindaopcpb.org.br\/politica\/\" class=\"advgb-post-tax-term\">g1<\/a>"],"unlinked":["<span class=\"advgb-post-tax-term\">g1<\/span>"]}},"comment_count":"0","relative_dates":{"created":"Publicado 3 anos atr\u00e1s","modified":"Atualizado 3 anos atr\u00e1s"},"absolute_dates":{"created":"Publicado em 20 de julho de 2023","modified":"Atualizado em 20 de julho de 2023"},"absolute_dates_time":{"created":"Publicado em 20 de julho de 2023 14:01","modified":"Atualizado em 20 de julho de 2023 14:01"},"featured_img_caption":"","series_order":"","_links":{"self":[{"href":"https:\/\/sindaopcpb.org.br\/index.php\/wp-json\/wp\/v2\/posts\/26344","targetHints":{"allow":["GET"]}}],"collection":[{"href":"https:\/\/sindaopcpb.org.br\/index.php\/wp-json\/wp\/v2\/posts"}],"about":[{"href":"https:\/\/sindaopcpb.org.br\/index.php\/wp-json\/wp\/v2\/types\/post"}],"author":[{"embeddable":true,"href":"https:\/\/sindaopcpb.org.br\/index.php\/wp-json\/wp\/v2\/users\/52"}],"replies":[{"embeddable":true,"href":"https:\/\/sindaopcpb.org.br\/index.php\/wp-json\/wp\/v2\/comments?post=26344"}],"version-history":[{"count":1,"href":"https:\/\/sindaopcpb.org.br\/index.php\/wp-json\/wp\/v2\/posts\/26344\/revisions"}],"predecessor-version":[{"id":26345,"href":"https:\/\/sindaopcpb.org.br\/index.php\/wp-json\/wp\/v2\/posts\/26344\/revisions\/26345"}],"wp:attachment":[{"href":"https:\/\/sindaopcpb.org.br\/index.php\/wp-json\/wp\/v2\/media?parent=26344"}],"wp:term":[{"taxonomy":"category","embeddable":true,"href":"https:\/\/sindaopcpb.org.br\/index.php\/wp-json\/wp\/v2\/categories?post=26344"},{"taxonomy":"post_tag","embeddable":true,"href":"https:\/\/sindaopcpb.org.br\/index.php\/wp-json\/wp\/v2\/tags?post=26344"}],"curies":[{"name":"wp","href":"https:\/\/api.w.org\/{rel}","templated":true}]}}