{"id":26338,"date":"2023-07-20T12:49:33","date_gmt":"2023-07-20T15:49:33","guid":{"rendered":"https:\/\/wpa.wscom.com.br\/?p=912968"},"modified":"2023-07-20T12:49:33","modified_gmt":"2023-07-20T15:49:33","slug":"eduardo-leite-aciona-ministerio-publico-contra-jean-wyllys-por-homofobia","status":"publish","type":"post","link":"https:\/\/sindaopcpb.org.br\/index.php\/2023\/07\/20\/eduardo-leite-aciona-ministerio-publico-contra-jean-wyllys-por-homofobia\/","title":{"rendered":"Eduardo Leite aciona Minist\u00e9rio P\u00fablico contra Jean Wyllys por homofobia"},"content":{"rendered":"<p>&nbsp;<\/p>\n<p>&nbsp;<\/p>\n<p>O governador do Rio Grande do Sul, Eduardo Leite (PSDB), acionou o Minist\u00e9rio P\u00fablico do Rio Grande do Sul com uma representa\u00e7\u00e3o contra o ex-deputado federal Jean Wyllys (PT). Em v\u00eddeo publicado nesta quinta-feira (20) nas redes sociais, Leite disse ter se sentido v\u00edtima de \u201chomofobia, preconceito e discrimina\u00e7\u00e3o\u201d por parte de Wyllys, que o chamou de \u201cgay com homofobia internalizada\u201d .<\/p>\n<p>Tudo come\u00e7ou na sexta-feira passada, quando Jean Wyllys criticou Eduardo Leite nas redes sociais. O embate ocorreu por conta das escolas c\u00edvico-militares, modelo educacional criado pelo ex-presidente Jair Bolsonaro (PL) e encerrado pelo governo Lula na semana passada, mas mantido por alguns governadores, incluindo Leite.<\/p>\n<p>Wyllys se revolta com o posicionamento de Leite e chamou o governador de de \u201cgay com homofobia internalizada\u201d.<\/p>\n<p>\u201cQue governadores heteros de direita e extrema-direita fizessem isso j\u00e1 era esperado. Mas de um gay\u2026? Se bem que gays com homofobia internalizada em geral desenvolvem libido e fetiches em rela\u00e7\u00e3o ao autoritarismo e aos uniformes; se for branco e rico ent\u00e3o\u2026 T\u00e1 feio, bee!\u201d, escreveu o ex-deputado.<\/p>\n<p>O post <a rel=\"nofollow noopener\" href=\"https:\/\/wscom.com.br\/eduardo-leite-aciona-ministerio-publico-contra-jean-wyllys-por-homofobia\/\" target=\"_blank\">Eduardo Leite aciona Minist\u00e9rio P\u00fablico contra Jean Wyllys por homofobia<\/a> apareceu primeiro em <a rel=\"nofollow noopener\" href=\"https:\/\/wscom.com.br\/\" target=\"_blank\">WSCOM<\/a>.<\/p>\n","protected":false},"excerpt":{"rendered":"<p>\u00a0 \u00a0 O governador do Rio Grande do Sul, Eduardo Leite (PSDB), acionou o Minist\u00e9rio P\u00fablico do Rio Grande do Sul com uma representa\u00e7\u00e3o contra o ex-deputado federal Jean Wyllys (PT). Em v\u00eddeo publicado nesta quinta-feira (20) nas redes sociais, Leite disse ter se sentido v\u00edtima de \u201chomofobia, preconceito e discrimina\u00e7\u00e3o\u201d por parte de Wyllys, [\u2026]<\/p>\n<p>O post <a rel=\"nofollow\" href=\"https:\/\/wscom.com.br\/eduardo-leite-aciona-ministerio-publico-contra-jean-wyllys-por-homofobia\/\">Eduardo Leite aciona Minist\u00e9rio P\u00fablico contra Jean Wyllys por homofobia<\/a> apareceu primeiro em <a rel=\"nofollow\" href=\"https:\/\/wscom.com.br\/\">WSCOM<\/a>.<\/p>\n","protected":false},"author":42,"featured_media":0,"comment_status":"closed","ping_status":"closed","sticky":false,"template":"","format":"standard","meta":{"advgb_blocks_editor_width":"","advgb_blocks_columns_visual_guide":"","footnotes":""},"categories":[115,5496,6239,34,5283,6675],"tags":[35],"class_list":["post-26338","post","type-post","status-publish","format-standard","hentry","category-brasil","category-eduardo-leite","category-escolas-civico-militares","category-g1","category-homofobia","category-jean-wyllys","tag-g1"],"author_meta":{"display_name":"Rafael Andrade","author_link":"https:\/\/sindaopcpb.org.br\/author\/rafael-andrade\/"},"featured_img":null,"coauthors":[],"tax_additional":{"categories":{"linked":["<a href=\"https:\/\/sindaopcpb.org.br\/brasil\/\" class=\"advgb-post-tax-term\">Brasil<\/a>","<a href=\"https:\/\/sindaopcpb.org.br\/eduardo-leite\/\" class=\"advgb-post-tax-term\">Eduardo Leite<\/a>","<a href=\"https:\/\/sindaopcpb.org.br\/escolas-civico-militares\/\" class=\"advgb-post-tax-term\">escolas c\u00edvico-militares<\/a>","<a href=\"https:\/\/sindaopcpb.org.br\/g1\/\" class=\"advgb-post-tax-term\">G1<\/a>","<a href=\"https:\/\/sindaopcpb.org.br\/homofobia\/\" class=\"advgb-post-tax-term\">homofobia<\/a>","<a href=\"https:\/\/sindaopcpb.org.br\/jean-wyllys\/\" class=\"advgb-post-tax-term\">Jean Wyllys<\/a>"],"unlinked":["<span class=\"advgb-post-tax-term\">Brasil<\/span>","<span class=\"advgb-post-tax-term\">Eduardo Leite<\/span>","<span class=\"advgb-post-tax-term\">escolas c\u00edvico-militares<\/span>","<span class=\"advgb-post-tax-term\">G1<\/span>","<span class=\"advgb-post-tax-term\">homofobia<\/span>","<span class=\"advgb-post-tax-term\">Jean Wyllys<\/span>"]},"tags":{"linked":["<a href=\"https:\/\/sindaopcpb.org.br\/jean-wyllys\/\" class=\"advgb-post-tax-term\">g1<\/a>"],"unlinked":["<span class=\"advgb-post-tax-term\">g1<\/span>"]}},"comment_count":"0","relative_dates":{"created":"Publicado 3 anos atr\u00e1s","modified":"Atualizado 3 anos atr\u00e1s"},"absolute_dates":{"created":"Publicado em 20 de julho de 2023","modified":"Atualizado em 20 de julho de 2023"},"absolute_dates_time":{"created":"Publicado em 20 de julho de 2023 12:49","modified":"Atualizado em 20 de julho de 2023 12:49"},"featured_img_caption":"","series_order":"","_links":{"self":[{"href":"https:\/\/sindaopcpb.org.br\/index.php\/wp-json\/wp\/v2\/posts\/26338","targetHints":{"allow":["GET"]}}],"collection":[{"href":"https:\/\/sindaopcpb.org.br\/index.php\/wp-json\/wp\/v2\/posts"}],"about":[{"href":"https:\/\/sindaopcpb.org.br\/index.php\/wp-json\/wp\/v2\/types\/post"}],"author":[{"embeddable":true,"href":"https:\/\/sindaopcpb.org.br\/index.php\/wp-json\/wp\/v2\/users\/42"}],"replies":[{"embeddable":true,"href":"https:\/\/sindaopcpb.org.br\/index.php\/wp-json\/wp\/v2\/comments?post=26338"}],"version-history":[{"count":1,"href":"https:\/\/sindaopcpb.org.br\/index.php\/wp-json\/wp\/v2\/posts\/26338\/revisions"}],"predecessor-version":[{"id":26339,"href":"https:\/\/sindaopcpb.org.br\/index.php\/wp-json\/wp\/v2\/posts\/26338\/revisions\/26339"}],"wp:attachment":[{"href":"https:\/\/sindaopcpb.org.br\/index.php\/wp-json\/wp\/v2\/media?parent=26338"}],"wp:term":[{"taxonomy":"category","embeddable":true,"href":"https:\/\/sindaopcpb.org.br\/index.php\/wp-json\/wp\/v2\/categories?post=26338"},{"taxonomy":"post_tag","embeddable":true,"href":"https:\/\/sindaopcpb.org.br\/index.php\/wp-json\/wp\/v2\/tags?post=26338"}],"curies":[{"name":"wp","href":"https:\/\/api.w.org\/{rel}","templated":true}]}}