{"id":26324,"date":"2023-07-20T11:26:35","date_gmt":"2023-07-20T14:26:35","guid":{"rendered":"https:\/\/g1.globo.com\/pb\/paraiba\/noticia\/2023\/07\/20\/inmet-emite-dois-alertas-de-perigo-potencial-de-rajadas-de-vento-na-paraiba.ghtml"},"modified":"2023-07-20T11:26:35","modified_gmt":"2023-07-20T14:26:35","slug":"inmet-emite-dois-alertas-de-perigo-potencial-de-rajadas-de-vento-na-paraiba","status":"publish","type":"post","link":"https:\/\/sindaopcpb.org.br\/index.php\/2023\/07\/20\/inmet-emite-dois-alertas-de-perigo-potencial-de-rajadas-de-vento-na-paraiba\/","title":{"rendered":"Inmet emite dois alertas de perigo potencial de rajadas de vento, na Para\u00edba"},"content":{"rendered":"   <img src=\"https:\/\/s2.glbimg.com\/xJQ4eo2wwMnpHVn03b0Eu6nugoY=\/i.s3.glbimg.com\/v1\/AUTH_59edd422c0c84a879bd37670ae4f538a\/internal_photos\/bs\/2020\/3\/F\/TZKmnITLCn8s9yn4bfeg\/arvore.jpg\" \/><br \/>     Alertas entre 40 km\/h e 60 km\/h s\u00e3o v\u00e1lidos at\u00e9 as 15h desta quinta-feira (20).  Inmet emite dois alertas de perigo potencial de rajadas de ventos na PB \nDivulga\u00e7\u00e3o\/Secretaria de Meio Ambiente de Patos\nO Instituto Nacional de Meteorologia (Inmet) emitiu dois alertas amarelos de perigo potencial de ventos para o estado da Para\u00edba. Os dois alertas s\u00e3o v\u00e1lidos at\u00e9 as 15h desta quinta-feira (20). \nO primeiro alerta abrange 18 cidades litor\u00e2neas, incluindo Jo\u00e3o Pessoa, Santa Rita e Conde. O segundo \u00e9 v\u00e1lido para 213 cidades da Para\u00edba (veja listas de cidades dos dois alertas no final desta not\u00edcia). \nA previs\u00e3o \u00e9 de ventos variando entre 40 km\/h e 60 km\/h, com baixo risco de quedas de \u00e1rvores. No Litoral, h\u00e1 possibilidade de movimenta\u00e7\u00e3o de dunas de areia sobre constru\u00e7\u00f5es na orla.\nO Inmet orienta que, em caso de rajadas de vento, as pessoas evitem se abrigar debaixo de \u00e1rvores, pois h\u00e1 leve risco de queda e descargas el\u00e9tricas. Tamb\u00e9m \u00e9 recomend\u00e1vel  n\u00e3o estacionar ve\u00edculos pr\u00f3ximos a torres de transmiss\u00e3o e placas de propaganda. Para mais informa\u00e7\u00f5es, entrar em contato com a Defesa Civil (telefone 199) e ao Corpo de Bombeiros (telefone 193).\nVeja listas de cidades com alerta amarelo de ventos \nAlerta 1: \nAlhandra\t\nBa\u00eda da Trai\u00e7\u00e3o\t\nBayeux\t\nCaapor\u00e3\t\nCabedelo\t\nCapim\t\nConde\t\nCruz do Esp\u00edrito Santo\t\nJacara\u00fa\t\nJo\u00e3o Pessoa\t\nLucena\t\nMamanguape\t\nMarca\u00e7\u00e3o\t\nMataraca\t\nPedras de Fogo\t\nPitimbu\t\nRio Tinto\t\nSanta Rita\nAlerta 2: \n\u00c1gua Branca\t\nAguiar\nAlagoa Grande\t\nAlagoa Nova\t\nAlagoinha\t\nAlcantil\t\nAlgod\u00e3o de Janda\u00edra\t\nAlhandra\t\nAmparo\t\nAparecida\t\nAra\u00e7agi\t\nArara\t\nAraruna\t\nAreia\t\nAreia de Bara\u00fanas\t\nAreial\t\nAroeiras\t\nAssun\u00e7\u00e3o\t\nBananeiras\t\nBara\u00fana\t\nBarra de Santana\t\nBarra de Santa Rosa\t\nBarra de S\u00e3o Miguel\t\nBel\u00e9m\t\nBel\u00e9m do Brejo do Cruz\t\nBernardino Batista\t\nBoa Ventura\t\nBoa Vista\t\nBom Jesus\t\nBom Sucesso\t\nBonito de Santa F\u00e9\t\nBoqueir\u00e3o\t\nBorborema\t\nBrejo do Cruz\t\nBrejo dos Santos\t\nCaapor\u00e3\t\nCabaceiras\nCachoeira dos \u00cdndios\t\nCacimba de Areia\t\nCacimba de Dentro\t\nCacimbas\t\nCai\u00e7ara\t\nCajazeiras\t\nCajazeirinhas\t\nCaldas Brand\u00e3o\t\nCamala\u00fa\t\nCampina Grande\t\nCapim\nCara\u00fabas\t\nCarrapateira\t\nCasserengue\t\nCatingueira\t\nCatol\u00e9 do Rocha\t\nCaturit\u00e9\t\nConcei\u00e7\u00e3o\t\nCondado\t\nCongo\t\nCoremas\t\nCoxixola\t\nCruz do Esp\u00edrito Santo\t\nCubati\t\nCuit\u00e9\t\nCuit\u00e9 de Mamanguape\t\nCuitegi\t\nCurral de Cima\t\nCurral Velho\t\nDami\u00e3o\t\nDesterro\t\nDiamante\t\nDona In\u00eas\t\nDuas Estradas\t\nEmas\t\nEsperan\u00e7a\t\nFagundes\t\nFrei Martinho\t\nGado Bravo\t\nGuarabira\t\nGurinh\u00e9m\t\nGurj\u00e3o\t\nIbiara\nIgaracy\t\nImaculada\t\nIng\u00e1\t\nItabaiana\t\nItaporanga\t\nItapororoca\t\nItatuba\nJacara\u00fa\t\nJeric\u00f3\t\nJoca Claudino\nJuarez T\u00e1vora\t\nJuazeirinho\t\nJunco do Serid\u00f3\t\nJuripiranga\t\nJuru\t\nLagoa\t\nLagoa de Dentro\t\nLagoa Seca\t\nLastro\t\nLivramento\nLogradouro\t\nM\u00e3e d'\u00c1gua\t\nMalta\t\nMamanguape\t\nMana\u00edra\t\nMari\t\nMariz\u00f3polis\t\nMassaranduba\t\nMatinhas\t\nMato Grosso\t\nMatur\u00e9ia\t\nMogeiro\t\nMontadas\nMonte Horebe\t\nMonteiro\t\nMulungu\t\nNatuba\t\nNazarezinho\t\nNova Floresta\t\nNova Olinda\t\nNova Palmeira\t\nOlho d'\u00c1gua\t\nOlivedos\t\nOuro Velho\t\nParari\t\nPassagem\t\nPatos\t\nPaulista\t\nPedra Branca\t\nPedra Lavrada\t\nPedras de Fogo\t\nPedro R\u00e9gis\t\nPianc\u00f3\t\nPicu\u00ed\t\nPilar\t\nPil\u00f5es\t\nPil\u00f5ezinhos\t\nPirpirituba\nPocinhos\t\nPo\u00e7o Dantas\t\nPo\u00e7o de Jos\u00e9 de Moura\t\nPombal\t\nPrata\t\nPrincesa Isabel\t\nPuxinan\u00e3\t\nQueimadas\nQuixaba\t\nRem\u00edgio\t\nRiach\u00e3o\t\nRiach\u00e3o do Bacamarte\t\nRiach\u00e3o do Po\u00e7o\t\nRiacho de Santo Ant\u00f4nio\nRiacho dos Cavalos\t\nSalgadinho\t\nSalgado de S\u00e3o F\u00e9lix\t\nSanta Cec\u00edlia\t\nSanta Cruz\t\nSanta Helena\t\nSanta In\u00eas\t\nSanta Luzia\t\nSantana de Mangueira\t\nSantana dos Garrotes\t\nSanta Rita\t\nSanta Teresinha\t\nSanto Andr\u00e9\t\nS\u00e3o Bentinho\t\nS\u00e3o Bento\nS\u00e3o Domingos\t\nS\u00e3o Domingos do Cariri\t\nS\u00e3o Francisco\t\nS\u00e3o Jo\u00e3o do Cariri\t\nS\u00e3o Jo\u00e3o do Rio do Peixe\t\nS\u00e3o Jo\u00e3o do Tigre\t\nS\u00e3o Jos\u00e9 da Lagoa Tapada\t\nS\u00e3o Jos\u00e9 de Caiana\t\nS\u00e3o Jos\u00e9 de Espinharas\t\nS\u00e3o Jos\u00e9 de Piranhas\t\nS\u00e3o Jos\u00e9 de Princesa\t\nS\u00e3o Jos\u00e9 do Bonfim\t\nS\u00e3o Jos\u00e9 do Brejo do Cruz\t\nS\u00e3o Jos\u00e9 do Sabugi\t\nS\u00e3o Jos\u00e9 dos Cordeiros\t\nS\u00e3o Jos\u00e9 dos Ramos\t\nS\u00e3o Mamede\t\nS\u00e3o Miguel de Taipu\t\nS\u00e3o Sebasti\u00e3o de Lagoa de Ro\u00e7a\nS\u00e3o Sebasti\u00e3o do Umbuzeiro\t\nS\u00e3o Vicente do Serid\u00f3\nSap\u00e9\t\nSerra Branca\t\nSerra da Raiz\t\nSerra Grande\t\nSerra Redonda\t\nSerraria\t\nSert\u00e3ozinho\t\nSobrado\t\nSol\u00e2nea\t\nSoledade\t\nSoss\u00eago\t\nSousa\nSum\u00e9\t\nTacima\t\nTapero\u00e1\t\nTavares\t\nTeixeira\nTen\u00f3rio\t\nTriunfo\t\nUira\u00fana\t\nUmbuzeiro\nV\u00e1rzea\t\nVieir\u00f3polis\t\nVista Serrana\t\nZabel\u00ea\nV\u00eddeos mais assistidos do g1 Para\u00edba  ","protected":false},"excerpt":{"rendered":"<p>        Alertas entre 40 km\/h e 60 km\/h s\u00e3o v\u00e1lidos at\u00e9 as 15h desta quinta-feira (20).  Inmet emite dois alertas de perigo potencial de rajadas de ventos na PB<br \/>\nDivulga\u00e7\u00e3o\/Secretaria de Meio Ambiente de Patos<br \/>\nO Instituto Nacional de Meteorologia (Inme&#8230;<\/p>\n","protected":false},"author":2,"featured_media":0,"comment_status":"closed","ping_status":"closed","sticky":false,"template":"","format":"standard","meta":{"advgb_blocks_editor_width":"","advgb_blocks_columns_visual_guide":"","footnotes":""},"categories":[34],"tags":[35],"class_list":["post-26324","post","type-post","status-publish","format-standard","hentry","category-g1","tag-g1"],"author_meta":{"display_name":"g1 &gt; Para\u00edba","author_link":"https:\/\/sindaopcpb.org.br\/author\/g1-paraiba\/"},"featured_img":null,"coauthors":[],"tax_additional":{"categories":{"linked":["<a href=\"https:\/\/sindaopcpb.org.br\/g1\/\" class=\"advgb-post-tax-term\">G1<\/a>"],"unlinked":["<span class=\"advgb-post-tax-term\">G1<\/span>"]},"tags":{"linked":["<a href=\"https:\/\/sindaopcpb.org.br\/g1\/\" class=\"advgb-post-tax-term\">g1<\/a>"],"unlinked":["<span class=\"advgb-post-tax-term\">g1<\/span>"]}},"comment_count":"0","relative_dates":{"created":"Publicado 3 anos atr\u00e1s","modified":"Atualizado 3 anos atr\u00e1s"},"absolute_dates":{"created":"Publicado em 20 de julho de 2023","modified":"Atualizado em 20 de julho de 2023"},"absolute_dates_time":{"created":"Publicado em 20 de julho de 2023 11:26","modified":"Atualizado em 20 de julho de 2023 11:26"},"featured_img_caption":"","series_order":"","_links":{"self":[{"href":"https:\/\/sindaopcpb.org.br\/index.php\/wp-json\/wp\/v2\/posts\/26324","targetHints":{"allow":["GET"]}}],"collection":[{"href":"https:\/\/sindaopcpb.org.br\/index.php\/wp-json\/wp\/v2\/posts"}],"about":[{"href":"https:\/\/sindaopcpb.org.br\/index.php\/wp-json\/wp\/v2\/types\/post"}],"author":[{"embeddable":true,"href":"https:\/\/sindaopcpb.org.br\/index.php\/wp-json\/wp\/v2\/users\/2"}],"replies":[{"embeddable":true,"href":"https:\/\/sindaopcpb.org.br\/index.php\/wp-json\/wp\/v2\/comments?post=26324"}],"version-history":[{"count":2,"href":"https:\/\/sindaopcpb.org.br\/index.php\/wp-json\/wp\/v2\/posts\/26324\/revisions"}],"predecessor-version":[{"id":26368,"href":"https:\/\/sindaopcpb.org.br\/index.php\/wp-json\/wp\/v2\/posts\/26324\/revisions\/26368"}],"wp:attachment":[{"href":"https:\/\/sindaopcpb.org.br\/index.php\/wp-json\/wp\/v2\/media?parent=26324"}],"wp:term":[{"taxonomy":"category","embeddable":true,"href":"https:\/\/sindaopcpb.org.br\/index.php\/wp-json\/wp\/v2\/categories?post=26324"},{"taxonomy":"post_tag","embeddable":true,"href":"https:\/\/sindaopcpb.org.br\/index.php\/wp-json\/wp\/v2\/tags?post=26324"}],"curies":[{"name":"wp","href":"https:\/\/api.w.org\/{rel}","templated":true}]}}