{"id":26316,"date":"2023-07-20T12:19:58","date_gmt":"2023-07-20T15:19:58","guid":{"rendered":"https:\/\/wpa.wscom.com.br\/?p=912958"},"modified":"2023-07-20T12:19:58","modified_gmt":"2023-07-20T15:19:58","slug":"em-carta-ao-pt-servidores-do-ibama-rejeitam-indicado-do-partido-para-superintendencia-do-orgao-na-paraiba","status":"publish","type":"post","link":"https:\/\/sindaopcpb.org.br\/index.php\/2023\/07\/20\/em-carta-ao-pt-servidores-do-ibama-rejeitam-indicado-do-partido-para-superintendencia-do-orgao-na-paraiba\/","title":{"rendered":"Em carta ao PT, servidores do Ibama rejeitam indicado do partido para superintend\u00eancia do \u00f3rg\u00e3o na Para\u00edba"},"content":{"rendered":"<p>&nbsp;<\/p>\n<p>&nbsp;<\/p>\n<p>Servidores do Instituto Brasileiro do Meio Ambiente (Ibama) na Para\u00edba se manifestaram contr\u00e1rios ao nome do professor titular da Universidade Federal de Campina Grande (UFCG), M\u00e1rcio de Matos Caniello, para a superintend\u00eancia do \u00f3rg\u00e3o. O docente \u00e9 filiado ao PT e foi indicado pelo partido para comandar o instituto no estado.<\/p>\n<p>Em uma carta encaminhada \u00e0 presidente nacional do PT, Gleisi Hoffmann, e ao presidente da sigla na Para\u00edba, Jackson Mac\u00eado, os funcion\u00e1rios afirmaram que M\u00e1rcio n\u00e3o possui requisitos t\u00e9cnicos para assumir a superintend\u00eancia do Ibama, questionando o curr\u00edculo profissional do professor para a gest\u00e3o ambiental do instituto.<\/p>\n<p>&#8220;Reafirmamos que almejamos que o cargo de Superintendente do IBAMA deve ser ocupado por servidor de carreira do pr\u00f3prio IBAMA, que det\u00e9m, conhecimento, compet\u00eancia e experi\u00eancia necess\u00e1rias \u00e0 gest\u00e3o ambiental mais adequada e estrat\u00e9gica&#8221;, diz o documento.<\/p>\n<p>Os servidores tamb\u00e9m repudiaram a resolu\u00e7\u00e3o do PT que acusou o \u00f3rg\u00e3o de omiss\u00e3o ao se furtar &#8220;do cumprimento de suas obriga\u00e7\u00f5es&#8221; por mais de uma d\u00e9cada na Para\u00edba. No documento partid\u00e1rio, o Ibama \u00e9 responsabilizado por diversos problemas ambientais, como &#8220;ocupa\u00e7\u00f5es irregulares na zona costeira e desmatamentos sem crit\u00e9rios na Mata Atl\u00e2ntica&#8221;.<\/p>\n<p>&#8220;Os servidores do IBAMA no estado da Para\u00edba, que abaixo subscrevem, v\u00eam mui respeitosamente, solicitar ato de desagravo do Partido dos Trabalhadores &#8211; PT com rela\u00e7\u00e3o \u00e0 cr\u00edtica equivocada e injusta do Diret\u00f3rio Regional da Para\u00edba sobre os servi\u00e7os prestados pelo IBAMA nos \u00faltimos 10 anos, considerando que n\u00e3o condiz com a realidade e nem com o hist\u00f3rico do partido de lutas e mobiliza\u00e7\u00f5es em favor dos trabalhadores, inclusive da categoria dos servidores p\u00fablicos&#8221;, informam em outro trecho da carta.<\/p>\n<p>Um protesto est\u00e1 sendo realizado nesta quinta-feira (20) em Jo\u00e3o Pessoa para exigir uma retrata\u00e7\u00e3o do PT.<\/p>\n<p><strong>Confira a carta do Ibama:<\/strong><\/p>\n<p><img decoding=\"async\" loading=\"lazy\" class=\"alignnone size-full wp-image-912960\" src=\"https:\/\/wpa.wscom.com.br\/wp-content\/uploads\/2023\/07\/carta_resposta_ibama-pb_1_00001.jpg\" alt=\"\" width=\"1653\" height=\"2339\" srcset=\"https:\/\/d5b0emwo2ogpi.cloudfront.net\/wp-content\/uploads\/2023\/07\/20121041\/carta_resposta_ibama-pb_1_00001.jpg 1653w, https:\/\/d5b0emwo2ogpi.cloudfront.net\/wp-content\/uploads\/2023\/07\/20121041\/carta_resposta_ibama-pb_1_00001-212x300.jpg 212w, https:\/\/d5b0emwo2ogpi.cloudfront.net\/wp-content\/uploads\/2023\/07\/20121041\/carta_resposta_ibama-pb_1_00001-724x1024.jpg 724w, https:\/\/d5b0emwo2ogpi.cloudfront.net\/wp-content\/uploads\/2023\/07\/20121041\/carta_resposta_ibama-pb_1_00001-768x1087.jpg 768w, https:\/\/d5b0emwo2ogpi.cloudfront.net\/wp-content\/uploads\/2023\/07\/20121041\/carta_resposta_ibama-pb_1_00001-1086x1536.jpg 1086w, https:\/\/d5b0emwo2ogpi.cloudfront.net\/wp-content\/uploads\/2023\/07\/20121041\/carta_resposta_ibama-pb_1_00001-1447x2048.jpg 1447w\" sizes=\"auto, (max-width: 1653px) 100vw, 1653px\" title=\"\"> <img decoding=\"async\" loading=\"lazy\" class=\"alignnone size-full wp-image-912961\" src=\"https:\/\/wpa.wscom.com.br\/wp-content\/uploads\/2023\/07\/carta_resposta_ibama-pb_1_00002.jpg\" alt=\"\" width=\"1653\" height=\"2339\" srcset=\"https:\/\/d5b0emwo2ogpi.cloudfront.net\/wp-content\/uploads\/2023\/07\/20121106\/carta_resposta_ibama-pb_1_00002.jpg 1653w, https:\/\/d5b0emwo2ogpi.cloudfront.net\/wp-content\/uploads\/2023\/07\/20121106\/carta_resposta_ibama-pb_1_00002-212x300.jpg 212w, https:\/\/d5b0emwo2ogpi.cloudfront.net\/wp-content\/uploads\/2023\/07\/20121106\/carta_resposta_ibama-pb_1_00002-724x1024.jpg 724w, https:\/\/d5b0emwo2ogpi.cloudfront.net\/wp-content\/uploads\/2023\/07\/20121106\/carta_resposta_ibama-pb_1_00002-768x1087.jpg 768w, https:\/\/d5b0emwo2ogpi.cloudfront.net\/wp-content\/uploads\/2023\/07\/20121106\/carta_resposta_ibama-pb_1_00002-1086x1536.jpg 1086w, https:\/\/d5b0emwo2ogpi.cloudfront.net\/wp-content\/uploads\/2023\/07\/20121106\/carta_resposta_ibama-pb_1_00002-1447x2048.jpg 1447w\" sizes=\"auto, (max-width: 1653px) 100vw, 1653px\" title=\"\"><\/p>\n<p>O post <a rel=\"nofollow noopener\" href=\"https:\/\/wscom.com.br\/servidores-do-ibama-rejeitam-indicado-do-partido-para-superintendencia-do-orgao-na-paraiba\/\" target=\"_blank\">Em carta ao PT, servidores do Ibama rejeitam indicado do partido para superintend\u00eancia do \u00f3rg\u00e3o na Para\u00edba<\/a> apareceu primeiro em <a rel=\"nofollow noopener\" href=\"https:\/\/wscom.com.br\/\" target=\"_blank\">WSCOM<\/a>.<\/p>\n","protected":false},"excerpt":{"rendered":"<p>\u00a0 \u00a0 Servidores do Instituto Brasileiro do Meio Ambiente (Ibama) na Para\u00edba se manifestaram contr\u00e1rios ao nome do professor titular da Universidade Federal de Campina Grande (UFCG), M\u00e1rcio de Matos Caniello, para a superintend\u00eancia do \u00f3rg\u00e3o. O docente \u00e9 filiado ao PT e foi indicado pelo partido para comandar o instituto no estado. Em uma [\u2026]<\/p>\n<p>O post <a rel=\"nofollow\" href=\"https:\/\/wscom.com.br\/servidores-do-ibama-rejeitam-indicado-do-partido-para-superintendencia-do-orgao-na-paraiba\/\">Em carta ao PT, servidores do Ibama rejeitam indicado do partido para superintend\u00eancia do \u00f3rg\u00e3o na Para\u00edba<\/a> apareceu primeiro em <a rel=\"nofollow\" href=\"https:\/\/wscom.com.br\/\">WSCOM<\/a>.<\/p>\n","protected":false},"author":42,"featured_media":0,"comment_status":"closed","ping_status":"closed","sticky":false,"template":"","format":"standard","meta":{"advgb_blocks_editor_width":"","advgb_blocks_columns_visual_guide":"","footnotes":""},"categories":[34,645,2325,6672,54,47,2494,813,1843,6673],"tags":[35],"class_list":["post-26316","post","type-post","status-publish","format-standard","hentry","category-g1","category-ibama","category-indicacao","category-marcio-de-matos-caniello","category-paraiba","category-politica","category-protesto","category-pt","category-servidores","category-superintendencia","tag-g1"],"author_meta":{"display_name":"Rafael Andrade","author_link":"https:\/\/sindaopcpb.org.br\/author\/rafael-andrade\/"},"featured_img":null,"coauthors":[],"tax_additional":{"categories":{"linked":["<a href=\"https:\/\/sindaopcpb.org.br\/g1\/\" class=\"advgb-post-tax-term\">G1<\/a>","<a href=\"https:\/\/sindaopcpb.org.br\/ibama\/\" class=\"advgb-post-tax-term\">Ibama<\/a>","<a href=\"https:\/\/sindaopcpb.org.br\/indicacao\/\" class=\"advgb-post-tax-term\">Indica\u00e7\u00e3o<\/a>","<a href=\"https:\/\/sindaopcpb.org.br\/marcio-de-matos-caniello\/\" class=\"advgb-post-tax-term\">M\u00e1rcio de Matos Caniello<\/a>","<a href=\"https:\/\/sindaopcpb.org.br\/paraiba\/\" class=\"advgb-post-tax-term\">Para\u00edba<\/a>","<a href=\"https:\/\/sindaopcpb.org.br\/politica\/\" class=\"advgb-post-tax-term\">POLITICA<\/a>","<a href=\"https:\/\/sindaopcpb.org.br\/protesto\/\" class=\"advgb-post-tax-term\">Protesto<\/a>","<a href=\"https:\/\/sindaopcpb.org.br\/pt\/\" class=\"advgb-post-tax-term\">PT<\/a>","<a href=\"https:\/\/sindaopcpb.org.br\/servidores\/\" class=\"advgb-post-tax-term\">Servidores<\/a>","<a href=\"https:\/\/sindaopcpb.org.br\/superintendencia\/\" class=\"advgb-post-tax-term\">Superintend\u00eancia<\/a>"],"unlinked":["<span class=\"advgb-post-tax-term\">G1<\/span>","<span class=\"advgb-post-tax-term\">Ibama<\/span>","<span class=\"advgb-post-tax-term\">Indica\u00e7\u00e3o<\/span>","<span class=\"advgb-post-tax-term\">M\u00e1rcio de Matos Caniello<\/span>","<span class=\"advgb-post-tax-term\">Para\u00edba<\/span>","<span class=\"advgb-post-tax-term\">POLITICA<\/span>","<span class=\"advgb-post-tax-term\">Protesto<\/span>","<span class=\"advgb-post-tax-term\">PT<\/span>","<span class=\"advgb-post-tax-term\">Servidores<\/span>","<span class=\"advgb-post-tax-term\">Superintend\u00eancia<\/span>"]},"tags":{"linked":["<a href=\"https:\/\/sindaopcpb.org.br\/superintendencia\/\" class=\"advgb-post-tax-term\">g1<\/a>"],"unlinked":["<span class=\"advgb-post-tax-term\">g1<\/span>"]}},"comment_count":"0","relative_dates":{"created":"Publicado 3 anos atr\u00e1s","modified":"Atualizado 3 anos atr\u00e1s"},"absolute_dates":{"created":"Publicado em 20 de julho de 2023","modified":"Atualizado em 20 de julho de 2023"},"absolute_dates_time":{"created":"Publicado em 20 de julho de 2023 12:19","modified":"Atualizado em 20 de julho de 2023 12:19"},"featured_img_caption":"","series_order":"","_links":{"self":[{"href":"https:\/\/sindaopcpb.org.br\/index.php\/wp-json\/wp\/v2\/posts\/26316","targetHints":{"allow":["GET"]}}],"collection":[{"href":"https:\/\/sindaopcpb.org.br\/index.php\/wp-json\/wp\/v2\/posts"}],"about":[{"href":"https:\/\/sindaopcpb.org.br\/index.php\/wp-json\/wp\/v2\/types\/post"}],"author":[{"embeddable":true,"href":"https:\/\/sindaopcpb.org.br\/index.php\/wp-json\/wp\/v2\/users\/42"}],"replies":[{"embeddable":true,"href":"https:\/\/sindaopcpb.org.br\/index.php\/wp-json\/wp\/v2\/comments?post=26316"}],"version-history":[{"count":1,"href":"https:\/\/sindaopcpb.org.br\/index.php\/wp-json\/wp\/v2\/posts\/26316\/revisions"}],"predecessor-version":[{"id":26317,"href":"https:\/\/sindaopcpb.org.br\/index.php\/wp-json\/wp\/v2\/posts\/26316\/revisions\/26317"}],"wp:attachment":[{"href":"https:\/\/sindaopcpb.org.br\/index.php\/wp-json\/wp\/v2\/media?parent=26316"}],"wp:term":[{"taxonomy":"category","embeddable":true,"href":"https:\/\/sindaopcpb.org.br\/index.php\/wp-json\/wp\/v2\/categories?post=26316"},{"taxonomy":"post_tag","embeddable":true,"href":"https:\/\/sindaopcpb.org.br\/index.php\/wp-json\/wp\/v2\/tags?post=26316"}],"curies":[{"name":"wp","href":"https:\/\/api.w.org\/{rel}","templated":true}]}}