{"id":26294,"date":"2023-07-20T09:55:40","date_gmt":"2023-07-20T12:55:40","guid":{"rendered":"https:\/\/www.infomoney.com.br\/?p=2192244"},"modified":"2023-07-20T09:55:40","modified_gmt":"2023-07-20T12:55:40","slug":"orcamento-do-novo-pac-esta-fechado-diz-simone-tebet","status":"publish","type":"post","link":"https:\/\/sindaopcpb.org.br\/index.php\/2023\/07\/20\/orcamento-do-novo-pac-esta-fechado-diz-simone-tebet\/","title":{"rendered":"Or\u00e7amento do novo PAC est\u00e1 fechado, diz Simone Tebet"},"content":{"rendered":"<p><img loading=\"lazy\" width=\"300\" height=\"200\" src=\"https:\/\/www.infomoney.com.br\/wp-content\/uploads\/2023\/04\/52621591439_4403bdf32b_c.jpg?fit=300%2C200&amp;quality=70&amp;strip=all\" class=\"attachment-medium size-medium wp-post-image\" alt=\"\" decoding=\"async\" style=\"float:right; margin:0 0 10px 10px;\" srcset=\"https:\/\/www.infomoney.com.br\/wp-content\/uploads\/2023\/04\/52621591439_4403bdf32b_c.jpg?w=799&amp;quality=70&amp;strip=all 799w, https:\/\/www.infomoney.com.br\/wp-content\/uploads\/2023\/04\/52621591439_4403bdf32b_c.jpg?w=300&amp;quality=70&amp;strip=all 300w, https:\/\/www.infomoney.com.br\/wp-content\/uploads\/2023\/04\/52621591439_4403bdf32b_c.jpg?w=768&amp;quality=70&amp;strip=all 768w, https:\/\/www.infomoney.com.br\/wp-content\/uploads\/2023\/04\/52621591439_4403bdf32b_c.jpg?w=150&amp;quality=70&amp;strip=all 150w\" sizes=\"auto, (max-width: 300px) 100vw, 300px\" data-attachment-id=\"2109715\" data-permalink=\"https:\/\/www.infomoney.com.br\/politica\/simone-tebet-projeto-de-lei-diretrizes-orcamentarias-deficit-zero-2024-ao-vivo\/attachment\/52621591439_4403bdf32b_c\/\" data-orig-file=\"https:\/\/www.infomoney.com.br\/wp-content\/uploads\/2023\/04\/52621591439_4403bdf32b_c.jpg?fit=799%2C533&amp;quality=70&amp;strip=all\" data-orig-size=\"799,533\" data-comments-opened=\"0\" data-image-meta=\"{&quot;aperture&quot;:&quot;0&quot;,&quot;credit&quot;:&quot;&quot;,&quot;camera&quot;:&quot;&quot;,&quot;caption&quot;:&quot;&quot;,&quot;created_timestamp&quot;:&quot;0&quot;,&quot;copyright&quot;:&quot;&quot;,&quot;focal_length&quot;:&quot;0&quot;,&quot;iso&quot;:&quot;0&quot;,&quot;shutter_speed&quot;:&quot;0&quot;,&quot;title&quot;:&quot;&quot;,&quot;orientation&quot;:&quot;0&quot;}\" data-image-title=\"Simone Tebet\" data-image-description=\"\" data-image-caption=\"&lt;p&gt;A ministra do Planejamento e Or\u00e7amento, Simone Tebet (MDB), durante entrevista coletiva (FOTO: EDU ANDRADE\/Ascom\/MF)&lt;\/p&gt;\n\" data-medium-file=\"https:\/\/www.infomoney.com.br\/wp-content\/uploads\/2023\/04\/52621591439_4403bdf32b_c.jpg?fit=300%2C200&amp;quality=70&amp;strip=all\" data-large-file=\"https:\/\/www.infomoney.com.br\/wp-content\/uploads\/2023\/04\/52621591439_4403bdf32b_c.jpg?fit=799%2C533&amp;quality=70&amp;strip=all\" title=\"\"><\/p>\n<p>Prevista para ser lan\u00e7ada em agosto, a nova vers\u00e3o do Programa de Acelera\u00e7\u00e3o do Crescimento (PAC) j\u00e1 tem or\u00e7amento fechado, disse nesta noite a ministra do Planejamento e Or\u00e7amento, Simone Tebet. Segundo ela, o Minha Casa, Minha Vida ser\u00e1 um dos carros-chefe do programa.<\/p>\n<p>A ministra n\u00e3o detalhou valores. Apenas disse que a verba para as obras da faixa 1 do programa habitacional, a que atende as fam\u00edlias com renda de at\u00e9 dois sal\u00e1rios m\u00ednimos, ter\u00e1 um \u201cor\u00e7amento consider\u00e1vel\u201d.<\/p>\n<p>Segundo diversas construtoras, a verba atual, de R$ 9,6 bilh\u00f5es, \u00e9 insuficiente para cobrir a demanda do Minha Casa, Minha Vida at\u00e9 o fim do ano. Tebet, no entanto, assegurou que o assunto foi levado em conta nas reuni\u00f5es para a elabora\u00e7\u00e3o do novo PAC.<\/p>\n<p>Alegando que o an\u00fancio do valor cabe \u00e0 Casa Civil e ao Minist\u00e9rio das Cidades, a ministra n\u00e3o revelou valores, nem para o Minha Casa, Minha Vida, nem para o PAC. \u201cN\u00e3o posso dizer se vai aumentar ou ficar est\u00e1vel. S\u00f3 posso dizer que [a verba] n\u00e3o vai baixar\u201d, declarou. Em entrevistas recentes, o ministro da Casa Civil, Rui Costa, tem dito que o novo PAC ter\u00e1 uma dota\u00e7\u00e3o em torno de R$ 60 bilh\u00f5es.<\/p>\n<h2><strong>Prioridades<\/strong><\/h2>\n<p>Tebet deu a declara\u00e7\u00e3o ap\u00f3s se reunir com o ministro da Fazenda, Fernando Haddad, e com a presidente do Instituto de Pesquisa Econ\u00f4mica Aplicada (Ipea), Luciana Servo, na sede do Minist\u00e9rio da Fazenda. Segundo ela, o encontro serviu para fazer um balan\u00e7o dos seis primeiros meses de governo e para avaliar perspectivas para o segundo semestre.<\/p>\n<p>Para os pr\u00f3ximos meses, destacou a ministra, as prioridades ser\u00e3o a apresenta\u00e7\u00e3o do novo Plano Plurianual e do Or\u00e7amento de 2024, previstas para 31 de agosto, e pelas vota\u00e7\u00f5es de projetos de interesse do governo no Congresso: como o novo arcabou\u00e7o fiscal, a Lei de Diretrizes Or\u00e7ament\u00e1rias (LDO) de 2024 e a reforma tribut\u00e1ria.<\/p>\n<h2><strong>Arcabou\u00e7o fiscal<\/strong><\/h2>\n<p>Em rela\u00e7\u00e3o ao atraso na vota\u00e7\u00e3o das novas regras fiscais, adiada para agosto, Tebet disse que o cronograma apertado n\u00e3o ser\u00e1 um problema. Isso porque o Minist\u00e9rio do Planejamento est\u00e1 levando em conta a vers\u00e3o aprovada pelo Senado para elaborar o Or\u00e7amento do pr\u00f3ximo ano.<\/p>\n<p>Por causa das altera\u00e7\u00f5es do Senado, o arcabou\u00e7o foi mandado de volta \u00e0 C\u00e2mara para ser votado pela segunda vez. Assim como o projeto da LDO, o projeto do Or\u00e7amento de 2024 est\u00e1 sendo elaborado com despesas ressalvadas, que constar\u00e3o do texto, mas ser\u00e3o tratadas como fict\u00edcias at\u00e9 a aprova\u00e7\u00e3o do novo marco fiscal.<\/p>\n<h2><strong>Limites<\/strong><\/h2>\n<p>Segundo Tebet, o governo come\u00e7ou a dar os primeiros passos para a elabora\u00e7\u00e3o do Or\u00e7amento. Nesta sexta-feira (21), os minist\u00e9rios ser\u00e3o informados sobre a verba dispon\u00edvel para cada pasta em 2024. A ministra, no entanto, advertiu que haver\u00e1 limites.<\/p>\n<p>Parte do espa\u00e7o fiscal do novo arcabou\u00e7o ser\u00e1 consumido por gastos que precisam ser corrigidos pelo crescimento da receita, como os m\u00ednimos constitucionais de gastos com sa\u00fade e educa\u00e7\u00e3o. \u201cAo mesmo tempo em que a gente vai ter um espa\u00e7o fiscal significativo, uma parte dele j\u00e1 est\u00e1 carimbada, e os minist\u00e9rios ter\u00e3o que se adaptar e entender a realidade dos fatos, diante de um arcabou\u00e7o e da Constitui\u00e7\u00e3o que estabelece par\u00e2metros\u201d, destacou.<\/p>\n<p>A ministra ressaltou que o Or\u00e7amento incorporou quase todas as promessas do presidente Luiz In\u00e1cio Lula da Silva. No entanto, admitiu que a eleva\u00e7\u00e3o da faixa de isen\u00e7\u00e3o de Imposto de Renda (IR) para R$ 5 mil ainda n\u00e3o est\u00e1 prevista no Or\u00e7amento para 2024 porque depende da vota\u00e7\u00e3o da reforma tribut\u00e1ria. \u201cIsso [a nova faixa de isen\u00e7\u00e3o] pode entrar no ano que vem como pode entrar em 2025, a depender de uma outra quest\u00e3o que vai ser discutida com o Minist\u00e9rio da Fazenda at\u00e9 o fim do ano, logo ap\u00f3s a aprova\u00e7\u00e3o da reforma tribut\u00e1ria no Senado\u201d, declarou Tebet.<\/p>\n<p>The post <a rel=\"nofollow noopener\" href=\"https:\/\/www.infomoney.com.br\/politica\/orcamento-do-novo-pac-esta-fechado-diz-simone-tebet\/\" target=\"_blank\">Or\u00e7amento do novo PAC est\u00e1 fechado, diz Simone Tebet<\/a> appeared first on <a rel=\"nofollow noopener\" href=\"https:\/\/www.infomoney.com.br\/\" target=\"_blank\">InfoMoney<\/a>.<\/p>\n","protected":false},"excerpt":{"rendered":"<p><img loading=\"lazy\" decoding=\"async\" width=\"300\" height=\"200\" src=\"https:\/\/www.infomoney.com.br\/wp-content\/uploads\/2023\/04\/52621591439_4403bdf32b_c.jpg?fit=300%2C200&amp;quality=70&amp;strip=all\" class=\"attachment-medium size-medium wp-post-image\" alt=\"\" data-attachment-id=\"2109715\" data-permalink=\"https:\/\/www.infomoney.com.br\/politica\/simone-tebet-projeto-de-lei-diretrizes-orcamentarias-deficit-zero-2024-ao-vivo\/attachment\/52621591439_4403bdf32b_c\/\" data-orig-file=\"https:\/\/www.infomoney.com.br\/wp-content\/uploads\/2023\/04\/52621591439_4403bdf32b_c.jpg?fit=799%2C533&amp;quality=70&amp;strip=all\" data-orig-size=\"799,533\" data-comments-opened=\"0\" data-image-meta='{\"aperture\":\"0\",\"credit\":\"\",\"camera\":\"\",\"caption\":\"\",\"created_timestamp\":\"0\",\"copyright\":\"\",\"focal_length\":\"0\",\"iso\":\"0\",\"shutter_speed\":\"0\",\"title\":\"\",\"orientation\":\"0\"}' data-image-title=\"Simone Tebet\" data-image-description=\"\" data-image-caption=\"&lt;p&gt;A ministra do Planejamento e Or\u00e7amento, Simone Tebet (MDB), durante entrevista coletiva (FOTO: EDU ANDRADE\/Ascom\/MF)&lt;\/p&gt;\n\" data-medium-file=\"https:\/\/www.infomoney.com.br\/wp-content\/uploads\/2023\/04\/52621591439_4403bdf32b_c.jpg?fit=300%2C200&amp;quality=70&amp;strip=all\" data-large-file=\"https:\/\/www.infomoney.com.br\/wp-content\/uploads\/2023\/04\/52621591439_4403bdf32b_c.jpg?fit=799%2C533&amp;quality=70&amp;strip=all\">Ministra do Planejamento nega que demora na vota\u00e7\u00e3o do arcabou\u00e7o atrapalhe governo<\/p>\n<p>The post <a rel=\"nofollow\" href=\"https:\/\/www.infomoney.com.br\/politica\/orcamento-do-novo-pac-esta-fechado-diz-simone-tebet\/\">Or\u00e7amento do novo PAC est\u00e1 fechado, diz Simone Tebet<\/a> appeared first on <a rel=\"nofollow\" href=\"https:\/\/www.infomoney.com.br\/\">InfoMoney<\/a>.<\/p>\n","protected":false},"author":44,"featured_media":0,"comment_status":"closed","ping_status":"closed","sticky":false,"template":"","format":"standard","meta":{"advgb_blocks_editor_width":"","advgb_blocks_columns_visual_guide":"","footnotes":""},"categories":[108,34,376,47,5738,360],"tags":[35],"class_list":["post-26294","post","type-post","status-publish","format-standard","hentry","category-arcabouco-fiscal","category-g1","category-ministerio-do-planejamento","category-politica","category-programa-de-aceleracao-do-crescimento","category-simone-tebet","tag-g1"],"author_meta":{"display_name":"Ag\u00eancia Brasil","author_link":"https:\/\/sindaopcpb.org.br\/author\/agencia-brasil\/"},"featured_img":null,"coauthors":[],"tax_additional":{"categories":{"linked":["<a href=\"https:\/\/sindaopcpb.org.br\/arcabouco-fiscal\/\" class=\"advgb-post-tax-term\">Arcabou\u00e7o Fiscal<\/a>","<a href=\"https:\/\/sindaopcpb.org.br\/g1\/\" class=\"advgb-post-tax-term\">G1<\/a>","<a href=\"https:\/\/sindaopcpb.org.br\/ministerio-do-planejamento\/\" class=\"advgb-post-tax-term\">Minist\u00e9rio do Planejamento<\/a>","<a href=\"https:\/\/sindaopcpb.org.br\/politica\/\" class=\"advgb-post-tax-term\">POLITICA<\/a>","<a href=\"https:\/\/sindaopcpb.org.br\/programa-de-aceleracao-do-crescimento\/\" class=\"advgb-post-tax-term\">Programa de Acelera\u00e7\u00e3o do Crescimento<\/a>","<a href=\"https:\/\/sindaopcpb.org.br\/simone-tebet\/\" class=\"advgb-post-tax-term\">Simone Tebet<\/a>"],"unlinked":["<span class=\"advgb-post-tax-term\">Arcabou\u00e7o Fiscal<\/span>","<span class=\"advgb-post-tax-term\">G1<\/span>","<span class=\"advgb-post-tax-term\">Minist\u00e9rio do Planejamento<\/span>","<span class=\"advgb-post-tax-term\">POLITICA<\/span>","<span class=\"advgb-post-tax-term\">Programa de Acelera\u00e7\u00e3o do Crescimento<\/span>","<span class=\"advgb-post-tax-term\">Simone Tebet<\/span>"]},"tags":{"linked":["<a href=\"https:\/\/sindaopcpb.org.br\/simone-tebet\/\" class=\"advgb-post-tax-term\">g1<\/a>"],"unlinked":["<span class=\"advgb-post-tax-term\">g1<\/span>"]}},"comment_count":"0","relative_dates":{"created":"Publicado 3 anos atr\u00e1s","modified":"Atualizado 3 anos atr\u00e1s"},"absolute_dates":{"created":"Publicado em 20 de julho de 2023","modified":"Atualizado em 20 de julho de 2023"},"absolute_dates_time":{"created":"Publicado em 20 de julho de 2023 09:55","modified":"Atualizado em 20 de julho de 2023 09:55"},"featured_img_caption":"","series_order":"","_links":{"self":[{"href":"https:\/\/sindaopcpb.org.br\/index.php\/wp-json\/wp\/v2\/posts\/26294","targetHints":{"allow":["GET"]}}],"collection":[{"href":"https:\/\/sindaopcpb.org.br\/index.php\/wp-json\/wp\/v2\/posts"}],"about":[{"href":"https:\/\/sindaopcpb.org.br\/index.php\/wp-json\/wp\/v2\/types\/post"}],"author":[{"embeddable":true,"href":"https:\/\/sindaopcpb.org.br\/index.php\/wp-json\/wp\/v2\/users\/44"}],"replies":[{"embeddable":true,"href":"https:\/\/sindaopcpb.org.br\/index.php\/wp-json\/wp\/v2\/comments?post=26294"}],"version-history":[{"count":1,"href":"https:\/\/sindaopcpb.org.br\/index.php\/wp-json\/wp\/v2\/posts\/26294\/revisions"}],"predecessor-version":[{"id":26295,"href":"https:\/\/sindaopcpb.org.br\/index.php\/wp-json\/wp\/v2\/posts\/26294\/revisions\/26295"}],"wp:attachment":[{"href":"https:\/\/sindaopcpb.org.br\/index.php\/wp-json\/wp\/v2\/media?parent=26294"}],"wp:term":[{"taxonomy":"category","embeddable":true,"href":"https:\/\/sindaopcpb.org.br\/index.php\/wp-json\/wp\/v2\/categories?post=26294"},{"taxonomy":"post_tag","embeddable":true,"href":"https:\/\/sindaopcpb.org.br\/index.php\/wp-json\/wp\/v2\/tags?post=26294"}],"curies":[{"name":"wp","href":"https:\/\/api.w.org\/{rel}","templated":true}]}}