{"id":26278,"date":"2023-07-20T09:39:03","date_gmt":"2023-07-20T12:39:03","guid":{"rendered":"https:\/\/wpa.wscom.com.br\/?p=912930"},"modified":"2023-07-20T09:39:03","modified_gmt":"2023-07-20T12:39:03","slug":"operacao-prende-policial-civil-acusado-de-vender-armas-e-drogas-para-faccoes-no-sertao-da-paraiba","status":"publish","type":"post","link":"https:\/\/sindaopcpb.org.br\/index.php\/2023\/07\/20\/operacao-prende-policial-civil-acusado-de-vender-armas-e-drogas-para-faccoes-no-sertao-da-paraiba\/","title":{"rendered":"Opera\u00e7\u00e3o prende policial civil acusado de vender armas e drogas para fac\u00e7\u00f5es no Sert\u00e3o da Para\u00edba"},"content":{"rendered":"<p>&nbsp;<\/p>\n<p>&nbsp;<\/p>\n<p>Um policial civil foi preso na manh\u00e3 desta quinta-feira (20) suspeito de integrar um grupo criminoso que comercializava armas ilegalmente para quadrilhas. A Opera\u00e7\u00e3o Cont\u00ednua, conduzida por For\u00e7as-Tarefas, foi realizada nos munic\u00edpios de Patos e Teixeira, no Sert\u00e3o da Para\u00edba. Outras quatro pessoas foram detidas.<\/p>\n<p>O agente preso era lotado na delegacia de Teixeira. Em sua casa, foram apreendidas drogas, muni\u00e7\u00f5es e armas de grosso calibre. Os materiais estavam em uma esp\u00e9cie de laborat\u00f3rio improvisado. De acordo com o superintendente regional da Pol\u00edcia Civil, Cristiano Jacques, ele tinha uma participa\u00e7\u00e3o efetiva na contribui\u00e7\u00e3o e fomenta\u00e7\u00e3o da criminalidade.<\/p>\n<p>\u201cO que mais surpreende \u00e9 a participa\u00e7\u00e3o de um policial civil. A gente lamenta, mas tem que tomar uma atitude firme aplicando a lei como tem que ser feito. No ano passado j\u00e1 t\u00ednhamos feito um trabalho de repress\u00e3o dentro da Pol\u00edcia Civil, que culminou na pris\u00e3o do delegado de Teixeira e hoje com a pris\u00e3o de um agente, tamb\u00e9m da delegacia de Teixeira\u201d, disse o superintendente.<\/p>\n<p>O post <a rel=\"nofollow noopener\" href=\"https:\/\/wscom.com.br\/operacao-prende-policial-civil-acusado-de-vender-armas-e-drogas-para-faccoes-no-sertao-da-paraiba\/\" target=\"_blank\">Opera\u00e7\u00e3o prende policial civil acusado de vender armas e drogas para fac\u00e7\u00f5es no Sert\u00e3o da Para\u00edba<\/a> apareceu primeiro em <a rel=\"nofollow noopener\" href=\"https:\/\/wscom.com.br\/\" target=\"_blank\">WSCOM<\/a>.<\/p>\n","protected":false},"excerpt":{"rendered":"<p>\u00a0 \u00a0 Um policial civil foi preso na manh\u00e3 desta quinta-feira (20) suspeito de integrar um grupo criminoso que comercializava armas ilegalmente para quadrilhas. A Opera\u00e7\u00e3o Cont\u00ednua, conduzida por For\u00e7as-Tarefas, foi realizada nos munic\u00edpios de Patos e Teixeira, no Sert\u00e3o da Para\u00edba. Outras quatro pessoas foram detidas. O agente preso era lotado na delegacia de [\u2026]<\/p>\n<p>O post <a rel=\"nofollow\" href=\"https:\/\/wscom.com.br\/operacao-prende-policial-civil-acusado-de-vender-armas-e-drogas-para-faccoes-no-sertao-da-paraiba\/\">Opera\u00e7\u00e3o prende policial civil acusado de vender armas e drogas para fac\u00e7\u00f5es no Sert\u00e3o da Para\u00edba<\/a> apareceu primeiro em <a rel=\"nofollow\" href=\"https:\/\/wscom.com.br\/\">WSCOM<\/a>.<\/p>\n","protected":false},"author":42,"featured_media":0,"comment_status":"closed","ping_status":"closed","sticky":false,"template":"","format":"standard","meta":{"advgb_blocks_editor_width":"","advgb_blocks_columns_visual_guide":"","footnotes":""},"categories":[34,6655,66,687,688],"tags":[35],"class_list":["post-26278","post","type-post","status-publish","format-standard","hentry","category-g1","category-operacao-continua","category-policial","category-policial-civil","category-prisao","tag-g1"],"author_meta":{"display_name":"Rafael Andrade","author_link":"https:\/\/sindaopcpb.org.br\/author\/rafael-andrade\/"},"featured_img":null,"coauthors":[],"tax_additional":{"categories":{"linked":["<a href=\"https:\/\/sindaopcpb.org.br\/g1\/\" class=\"advgb-post-tax-term\">G1<\/a>","<a href=\"https:\/\/sindaopcpb.org.br\/operacao-continua\/\" class=\"advgb-post-tax-term\">Opera\u00e7\u00e3o Cont\u00ednua<\/a>","<a href=\"https:\/\/sindaopcpb.org.br\/policial\/\" class=\"advgb-post-tax-term\">Policial<\/a>","<a href=\"https:\/\/sindaopcpb.org.br\/policial-civil\/\" class=\"advgb-post-tax-term\">Policial Civil<\/a>","<a href=\"https:\/\/sindaopcpb.org.br\/prisao\/\" class=\"advgb-post-tax-term\">pris\u00e3o<\/a>"],"unlinked":["<span class=\"advgb-post-tax-term\">G1<\/span>","<span class=\"advgb-post-tax-term\">Opera\u00e7\u00e3o Cont\u00ednua<\/span>","<span class=\"advgb-post-tax-term\">Policial<\/span>","<span class=\"advgb-post-tax-term\">Policial Civil<\/span>","<span class=\"advgb-post-tax-term\">pris\u00e3o<\/span>"]},"tags":{"linked":["<a href=\"https:\/\/sindaopcpb.org.br\/prisao\/\" class=\"advgb-post-tax-term\">g1<\/a>"],"unlinked":["<span class=\"advgb-post-tax-term\">g1<\/span>"]}},"comment_count":"0","relative_dates":{"created":"Publicado 3 anos atr\u00e1s","modified":"Atualizado 3 anos atr\u00e1s"},"absolute_dates":{"created":"Publicado em 20 de julho de 2023","modified":"Atualizado em 20 de julho de 2023"},"absolute_dates_time":{"created":"Publicado em 20 de julho de 2023 09:39","modified":"Atualizado em 20 de julho de 2023 09:39"},"featured_img_caption":"","series_order":"","_links":{"self":[{"href":"https:\/\/sindaopcpb.org.br\/index.php\/wp-json\/wp\/v2\/posts\/26278","targetHints":{"allow":["GET"]}}],"collection":[{"href":"https:\/\/sindaopcpb.org.br\/index.php\/wp-json\/wp\/v2\/posts"}],"about":[{"href":"https:\/\/sindaopcpb.org.br\/index.php\/wp-json\/wp\/v2\/types\/post"}],"author":[{"embeddable":true,"href":"https:\/\/sindaopcpb.org.br\/index.php\/wp-json\/wp\/v2\/users\/42"}],"replies":[{"embeddable":true,"href":"https:\/\/sindaopcpb.org.br\/index.php\/wp-json\/wp\/v2\/comments?post=26278"}],"version-history":[{"count":1,"href":"https:\/\/sindaopcpb.org.br\/index.php\/wp-json\/wp\/v2\/posts\/26278\/revisions"}],"predecessor-version":[{"id":26279,"href":"https:\/\/sindaopcpb.org.br\/index.php\/wp-json\/wp\/v2\/posts\/26278\/revisions\/26279"}],"wp:attachment":[{"href":"https:\/\/sindaopcpb.org.br\/index.php\/wp-json\/wp\/v2\/media?parent=26278"}],"wp:term":[{"taxonomy":"category","embeddable":true,"href":"https:\/\/sindaopcpb.org.br\/index.php\/wp-json\/wp\/v2\/categories?post=26278"},{"taxonomy":"post_tag","embeddable":true,"href":"https:\/\/sindaopcpb.org.br\/index.php\/wp-json\/wp\/v2\/tags?post=26278"}],"curies":[{"name":"wp","href":"https:\/\/api.w.org\/{rel}","templated":true}]}}