{"id":26272,"date":"2023-07-20T07:46:50","date_gmt":"2023-07-20T10:46:50","guid":{"rendered":"https:\/\/wpa.wscom.com.br\/?p=912897"},"modified":"2023-07-20T07:46:50","modified_gmt":"2023-07-20T10:46:50","slug":"bebe-de-dois-meses-morre-por-suspeita-de-engasgo-em-joao-pessoa","status":"publish","type":"post","link":"https:\/\/sindaopcpb.org.br\/index.php\/2023\/07\/20\/bebe-de-dois-meses-morre-por-suspeita-de-engasgo-em-joao-pessoa\/","title":{"rendered":"Beb\u00ea de dois meses morre por suspeita de engasgo em Jo\u00e3o Pessoa"},"content":{"rendered":"<p>&nbsp;<\/p>\n<p>&nbsp;<\/p>\n<p>Um beb\u00ea de dois meses morreu na madrugada desta quinta-feira (20) no bairro do Funcion\u00e1rios I, em Jo\u00e3o Pessoa. A principal suspeita, de acordo com a fam\u00edlia, \u00e9 que a crian\u00e7a tenha se engasgado.<\/p>\n<p>Segundo o relato dos pais, o beb\u00ea foi colocado para dormir e durante a madrugada perceberam que o menino n\u00e3o se mexia. Equipes da Pol\u00edcia Militar, Civil e do Servi\u00e7o de Atendimento M\u00f3vel de Urg\u00eancia (Samu) foram acionadas ao local. A crian\u00e7a, no entanto, n\u00e3o resistiu e morreu.<\/p>\n<p>Uma per\u00edcia ser\u00e1 realizada para determinar qual foi a causa da morte.<\/p>\n<p>O post <a rel=\"nofollow noopener\" href=\"https:\/\/wscom.com.br\/bebe-de-dois-meses-morre-por-suspeita-de-engasgo-em-joao-pessoa\/\" target=\"_blank\">Beb\u00ea de dois meses morre por suspeita de engasgo em Jo\u00e3o Pessoa<\/a> apareceu primeiro em <a rel=\"nofollow noopener\" href=\"https:\/\/wscom.com.br\/\" target=\"_blank\">WSCOM<\/a>.<\/p>\n","protected":false},"excerpt":{"rendered":"<p>\u00a0 \u00a0 Um beb\u00ea de dois meses morreu na madrugada desta quinta-feira (20) no bairro do Funcion\u00e1rios I, em Jo\u00e3o Pessoa. A principal suspeita, de acordo com a fam\u00edlia, \u00e9 que a crian\u00e7a tenha se engasgado. Segundo o relato dos pais, o beb\u00ea foi colocado para dormir e durante a madrugada perceberam que o menino [\u2026]<\/p>\n<p>O post <a rel=\"nofollow\" href=\"https:\/\/wscom.com.br\/bebe-de-dois-meses-morre-por-suspeita-de-engasgo-em-joao-pessoa\/\">Beb\u00ea de dois meses morre por suspeita de engasgo em Jo\u00e3o Pessoa<\/a> apareceu primeiro em <a rel=\"nofollow\" href=\"https:\/\/wscom.com.br\/\">WSCOM<\/a>.<\/p>\n","protected":false},"author":42,"featured_media":0,"comment_status":"closed","ping_status":"closed","sticky":false,"template":"","format":"standard","meta":{"advgb_blocks_editor_width":"","advgb_blocks_columns_visual_guide":"","footnotes":""},"categories":[59,6652,34,71,930,54],"tags":[35],"class_list":["post-26272","post","type-post","status-publish","format-standard","hentry","category-bebe","category-engasgo","category-g1","category-joao-pessoa","category-morte","category-paraiba","tag-g1"],"author_meta":{"display_name":"Rafael Andrade","author_link":"https:\/\/sindaopcpb.org.br\/author\/rafael-andrade\/"},"featured_img":null,"coauthors":[],"tax_additional":{"categories":{"linked":["<a href=\"https:\/\/sindaopcpb.org.br\/bebe\/\" class=\"advgb-post-tax-term\">bebe<\/a>","<a href=\"https:\/\/sindaopcpb.org.br\/engasgo\/\" class=\"advgb-post-tax-term\">Engasgo<\/a>","<a href=\"https:\/\/sindaopcpb.org.br\/g1\/\" class=\"advgb-post-tax-term\">G1<\/a>","<a href=\"https:\/\/sindaopcpb.org.br\/joao-pessoa\/\" class=\"advgb-post-tax-term\">Jo\u00e3o Pessoa<\/a>","<a href=\"https:\/\/sindaopcpb.org.br\/morte\/\" class=\"advgb-post-tax-term\">Morte<\/a>","<a href=\"https:\/\/sindaopcpb.org.br\/paraiba\/\" class=\"advgb-post-tax-term\">Para\u00edba<\/a>"],"unlinked":["<span class=\"advgb-post-tax-term\">bebe<\/span>","<span class=\"advgb-post-tax-term\">Engasgo<\/span>","<span class=\"advgb-post-tax-term\">G1<\/span>","<span class=\"advgb-post-tax-term\">Jo\u00e3o Pessoa<\/span>","<span class=\"advgb-post-tax-term\">Morte<\/span>","<span class=\"advgb-post-tax-term\">Para\u00edba<\/span>"]},"tags":{"linked":["<a href=\"https:\/\/sindaopcpb.org.br\/paraiba\/\" class=\"advgb-post-tax-term\">g1<\/a>"],"unlinked":["<span class=\"advgb-post-tax-term\">g1<\/span>"]}},"comment_count":"0","relative_dates":{"created":"Publicado 3 anos atr\u00e1s","modified":"Atualizado 3 anos atr\u00e1s"},"absolute_dates":{"created":"Publicado em 20 de julho de 2023","modified":"Atualizado em 20 de julho de 2023"},"absolute_dates_time":{"created":"Publicado em 20 de julho de 2023 07:46","modified":"Atualizado em 20 de julho de 2023 07:46"},"featured_img_caption":"","series_order":"","_links":{"self":[{"href":"https:\/\/sindaopcpb.org.br\/index.php\/wp-json\/wp\/v2\/posts\/26272","targetHints":{"allow":["GET"]}}],"collection":[{"href":"https:\/\/sindaopcpb.org.br\/index.php\/wp-json\/wp\/v2\/posts"}],"about":[{"href":"https:\/\/sindaopcpb.org.br\/index.php\/wp-json\/wp\/v2\/types\/post"}],"author":[{"embeddable":true,"href":"https:\/\/sindaopcpb.org.br\/index.php\/wp-json\/wp\/v2\/users\/42"}],"replies":[{"embeddable":true,"href":"https:\/\/sindaopcpb.org.br\/index.php\/wp-json\/wp\/v2\/comments?post=26272"}],"version-history":[{"count":1,"href":"https:\/\/sindaopcpb.org.br\/index.php\/wp-json\/wp\/v2\/posts\/26272\/revisions"}],"predecessor-version":[{"id":26273,"href":"https:\/\/sindaopcpb.org.br\/index.php\/wp-json\/wp\/v2\/posts\/26272\/revisions\/26273"}],"wp:attachment":[{"href":"https:\/\/sindaopcpb.org.br\/index.php\/wp-json\/wp\/v2\/media?parent=26272"}],"wp:term":[{"taxonomy":"category","embeddable":true,"href":"https:\/\/sindaopcpb.org.br\/index.php\/wp-json\/wp\/v2\/categories?post=26272"},{"taxonomy":"post_tag","embeddable":true,"href":"https:\/\/sindaopcpb.org.br\/index.php\/wp-json\/wp\/v2\/tags?post=26272"}],"curies":[{"name":"wp","href":"https:\/\/api.w.org\/{rel}","templated":true}]}}