{"id":26270,"date":"2023-07-20T07:54:53","date_gmt":"2023-07-20T10:54:53","guid":{"rendered":"https:\/\/wpa.wscom.com.br\/?p=912901"},"modified":"2023-07-20T07:54:53","modified_gmt":"2023-07-20T10:54:53","slug":"ufpb-vai-oferecer-300-bolsas-para-qualificar-mulheres-em-situacao-de-vulnerabilidade-social","status":"publish","type":"post","link":"https:\/\/sindaopcpb.org.br\/index.php\/2023\/07\/20\/ufpb-vai-oferecer-300-bolsas-para-qualificar-mulheres-em-situacao-de-vulnerabilidade-social\/","title":{"rendered":"UFPB vai oferecer 300 bolsas para qualificar mulheres em situa\u00e7\u00e3o de vulnerabilidade social"},"content":{"rendered":"<p>&nbsp;<\/p>\n<p>&nbsp;<\/p>\n<p dir=\"ltr\">A Universidade Federal da Para\u00edba (UFPB) vai receber 300 bolsas-forma\u00e7\u00e3o do Programa Nacional Mulheres Mil, iniciativa do governo federal que tem o intuito de qualificar mulheres em situa\u00e7\u00e3o de vulnerabilidade social por meio da oferta de cursos de capacita\u00e7\u00e3o. As a\u00e7\u00f5es de forma\u00e7\u00e3o v\u00e3o ocorrer nos munic\u00edpios de Jo\u00e3o Pessoa, Bayeux, Rio Tinto e Pitimbu.<\/p>\n<p dir=\"ltr\">Duas unidades de ensino que oferecem educa\u00e7\u00e3o profissional foram contempladas no programa. O Centro Profissional e Tecnol\u00f3gico\/Escola T\u00e9cnica de Sa\u00fade (CPT-ETS) vai receber 150 bolsas-forma\u00e7\u00e3o e as outras 150 ser\u00e3o destinadas ao Col\u00e9gio Agr\u00edcola Vidal de Negreiro (CAVN), do Centro de Ci\u00eancias Humanas, Sociais e Agr\u00e1rias (CCHSA), em Bananeiras.<\/p>\n<p dir=\"ltr\">A diretora do CPT-ETS, Professora Soraya Pereira, informou que o p\u00fablico-alvo dos cursos que ser\u00e3o realizados por meio do Centro s\u00e3o mulheres encarceradas e quilombolas em situa\u00e7\u00e3o de vulnerabilidade social em Jo\u00e3o Pessoa, mulheres ind\u00edgenas em Rio Tinto e Mamanguape, em situa\u00e7\u00e3o de viol\u00eancia no munic\u00edpio de Bayeux, al\u00e9m de mulheres em vulnerabilidade social na cidade de Pitimbu.<\/p>\n<p dir=\"ltr\">O\u00a0<a class=\"internal-link\" title=\"\" href=\"https:\/\/www.ufpb.br\/ufpb\/contents\/documentos\/outros-pdfs\/resultado-final.pdf\" rel=\"noopener nofollow\" target=\"_blank\">resultado da an\u00e1lise<\/a>\u00a0das propostas de ades\u00e3o \u00e0 Linha de Fomento da Bolsa-Forma\u00e7\u00e3o do programa, enviadas por Institui\u00e7\u00f5es Federais de Ensino Superior (IFES), foi divulgado nesta ter\u00e7a-feira (18) pelo Minist\u00e9rio da Educa\u00e7\u00e3o. Para ofertar os cursos, o CPT-ETS e o CAVN, juntos, v\u00e3o receber do governo federal recursos financeiros da ordem de R$ 480 mil.<\/p>\n<p dir=\"ltr\">Ainda segundo a diretora, as capacita\u00e7\u00f5es \u2013 cursos de Forma\u00e7\u00e3o Inicial e Continuada (FIC) em Operador de Computador, Assistente em Contabilidade e Confec\u00e7\u00e3o de bioj\u00f3ias, por exemplo \u2013 ser\u00e3o realizadas em parceria com outros centros de ensino da UFPB, como o Centro de Inform\u00e1tica (CI) e o Centro de Tecnologia e Desenvolvimento Regional (CTDR), em Jo\u00e3o Pessoa, al\u00e9m do Centro de Ci\u00eancias Aplicadas e Educa\u00e7\u00e3o (CCAE), em Rio Tinto.<\/p>\n<p dir=\"ltr\">\u201cEssas forma\u00e7\u00f5es, al\u00e9m de permitirem uma aproxima\u00e7\u00e3o entre essas mulheres em vulnerabilidade social e de ofertarem uma oportunidade de educa\u00e7\u00e3o profissional, tamb\u00e9m consolidam a articula\u00e7\u00e3o entre centros da universidade, valorizando as habilidades e compet\u00eancias de cada um dos centros parceiros\u201d, destacou a diretora.<\/p>\n<p dir=\"ltr\">Para o Reitor da UFPB, Professor Valdiney Gouveia, al\u00e9m da oportunidade de capacita\u00e7\u00e3o, o projeto permite que a UFPB contribua na promo\u00e7\u00e3o da igualdade de g\u00eanero e no empoderamento de meninas e mulheres, atendendo, assim, a um dos Objetivos do Desenvolvimento Sustent\u00e1vel propostos pela Organiza\u00e7\u00e3o das Na\u00e7\u00f5es Unidas (ONU).<\/p>\n<p dir=\"ltr\">\u201cSeguramente os cursos que brevemente ser\u00e3o oferecidos pelo CPT-ETS e pelo CAVN ser\u00e3o \u00f3timas oportunidades de inser\u00e7\u00e3o social, de amplia\u00e7\u00e3o de oportunidades e, sobretudo, de empoderamento das mulheres paraibanas\u201d, afirmou o Reitor.<\/p>\n<p dir=\"ltr\"><strong>Sobre o Programa Mulheres Mil<\/strong><\/p>\n<p dir=\"ltr\">O Programa Nacional Mulheres Mil foi institu\u00eddo nacionalmente em 2011 e \u00e9 fruto dos resultados positivos gerados por uma iniciativa piloto de mesmo nome, criada em 2007 pela Secretaria de Educa\u00e7\u00e3o Profissional e Tecnol\u00f3gica do Minist\u00e9rio da Educa\u00e7\u00e3o (Setec\/MEC).<\/p>\n<p dir=\"ltr\">De acordo com o MEC, o objetivo da iniciativa \u00e9 promover forma\u00e7\u00e3o profissional e tecnol\u00f3gica articulada com o aumento de escolaridade de mulheres em situa\u00e7\u00e3o de vulnerabilidade social, especialmente nas regi\u00f5es Norte e Nordeste do pa\u00eds. Para isso, atua no sentido de garantir o acesso \u00e0 educa\u00e7\u00e3o a essa parcela da popula\u00e7\u00e3o de acordo com as necessidades educacionais de cada comunidade e a voca\u00e7\u00e3o econ\u00f4mica das regi\u00f5es.<\/p>\n<p dir=\"ltr\">A ideia do Programa Mulheres Mil \u00e9 contribuir para a inclus\u00e3o desse p\u00fablico no mercado de trabalho e para o fomento ao empreendedorismo, o que pode resultar no empoderamento econ\u00f4mico e na consequente melhoria da qualidade de vida das participantes.<\/p>\n<p>O post <a rel=\"nofollow noopener\" href=\"https:\/\/wscom.com.br\/ufpb-vai-oferecer-300-bolsas-para-qualificar-mulheres-em-situacao-de-vulnerabilidade-social\/\" target=\"_blank\">UFPB vai oferecer 300 bolsas para qualificar mulheres em situa\u00e7\u00e3o de vulnerabilidade social<\/a> apareceu primeiro em <a rel=\"nofollow noopener\" href=\"https:\/\/wscom.com.br\/\" target=\"_blank\">WSCOM<\/a>.<\/p>\n","protected":false},"excerpt":{"rendered":"<p>\u00a0 \u00a0 A Universidade Federal da Para\u00edba (UFPB) vai receber 300 bolsas-forma\u00e7\u00e3o do Programa Nacional Mulheres Mil, iniciativa do governo federal que tem o intuito de qualificar mulheres em situa\u00e7\u00e3o de vulnerabilidade social por meio da oferta de cursos de capacita\u00e7\u00e3o. As a\u00e7\u00f5es de forma\u00e7\u00e3o v\u00e3o ocorrer nos munic\u00edpios de Jo\u00e3o Pessoa, Bayeux, Rio Tinto [\u2026]<\/p>\n<p>O post <a rel=\"nofollow\" href=\"https:\/\/wscom.com.br\/ufpb-vai-oferecer-300-bolsas-para-qualificar-mulheres-em-situacao-de-vulnerabilidade-social\/\">UFPB vai oferecer 300 bolsas para qualificar mulheres em situa\u00e7\u00e3o de vulnerabilidade social<\/a> apareceu primeiro em <a rel=\"nofollow\" href=\"https:\/\/wscom.com.br\/\">WSCOM<\/a>.<\/p>\n","protected":false},"author":42,"featured_media":0,"comment_status":"closed","ping_status":"closed","sticky":false,"template":"","format":"standard","meta":{"advgb_blocks_editor_width":"","advgb_blocks_columns_visual_guide":"","footnotes":""},"categories":[263,229,34,1488,6651,265,2088],"tags":[35],"class_list":["post-26270","post","type-post","status-publish","format-standard","hentry","category-bolsas","category-educacao","category-g1","category-mulheres","category-mulheres-mil","category-ufpb","category-vulnerabilidade-social","tag-g1"],"author_meta":{"display_name":"Rafael Andrade","author_link":"https:\/\/sindaopcpb.org.br\/author\/rafael-andrade\/"},"featured_img":null,"coauthors":[],"tax_additional":{"categories":{"linked":["<a href=\"https:\/\/sindaopcpb.org.br\/bolsas\/\" class=\"advgb-post-tax-term\">bolsas<\/a>","<a href=\"https:\/\/sindaopcpb.org.br\/educacao\/\" class=\"advgb-post-tax-term\">Educa\u00e7\u00e3o<\/a>","<a href=\"https:\/\/sindaopcpb.org.br\/g1\/\" class=\"advgb-post-tax-term\">G1<\/a>","<a href=\"https:\/\/sindaopcpb.org.br\/mulheres\/\" class=\"advgb-post-tax-term\">Mulheres<\/a>","<a href=\"https:\/\/sindaopcpb.org.br\/mulheres-mil\/\" class=\"advgb-post-tax-term\">Mulheres Mil<\/a>","<a href=\"https:\/\/sindaopcpb.org.br\/ufpb\/\" class=\"advgb-post-tax-term\">UFPB<\/a>","<a href=\"https:\/\/sindaopcpb.org.br\/vulnerabilidade-social\/\" class=\"advgb-post-tax-term\">Vulnerabilidade Social<\/a>"],"unlinked":["<span class=\"advgb-post-tax-term\">bolsas<\/span>","<span class=\"advgb-post-tax-term\">Educa\u00e7\u00e3o<\/span>","<span class=\"advgb-post-tax-term\">G1<\/span>","<span class=\"advgb-post-tax-term\">Mulheres<\/span>","<span class=\"advgb-post-tax-term\">Mulheres Mil<\/span>","<span class=\"advgb-post-tax-term\">UFPB<\/span>","<span class=\"advgb-post-tax-term\">Vulnerabilidade Social<\/span>"]},"tags":{"linked":["<a href=\"https:\/\/sindaopcpb.org.br\/vulnerabilidade-social\/\" class=\"advgb-post-tax-term\">g1<\/a>"],"unlinked":["<span class=\"advgb-post-tax-term\">g1<\/span>"]}},"comment_count":"0","relative_dates":{"created":"Publicado 3 anos atr\u00e1s","modified":"Atualizado 3 anos atr\u00e1s"},"absolute_dates":{"created":"Publicado em 20 de julho de 2023","modified":"Atualizado em 20 de julho de 2023"},"absolute_dates_time":{"created":"Publicado em 20 de julho de 2023 07:54","modified":"Atualizado em 20 de julho de 2023 07:54"},"featured_img_caption":"","series_order":"","_links":{"self":[{"href":"https:\/\/sindaopcpb.org.br\/index.php\/wp-json\/wp\/v2\/posts\/26270","targetHints":{"allow":["GET"]}}],"collection":[{"href":"https:\/\/sindaopcpb.org.br\/index.php\/wp-json\/wp\/v2\/posts"}],"about":[{"href":"https:\/\/sindaopcpb.org.br\/index.php\/wp-json\/wp\/v2\/types\/post"}],"author":[{"embeddable":true,"href":"https:\/\/sindaopcpb.org.br\/index.php\/wp-json\/wp\/v2\/users\/42"}],"replies":[{"embeddable":true,"href":"https:\/\/sindaopcpb.org.br\/index.php\/wp-json\/wp\/v2\/comments?post=26270"}],"version-history":[{"count":1,"href":"https:\/\/sindaopcpb.org.br\/index.php\/wp-json\/wp\/v2\/posts\/26270\/revisions"}],"predecessor-version":[{"id":26271,"href":"https:\/\/sindaopcpb.org.br\/index.php\/wp-json\/wp\/v2\/posts\/26270\/revisions\/26271"}],"wp:attachment":[{"href":"https:\/\/sindaopcpb.org.br\/index.php\/wp-json\/wp\/v2\/media?parent=26270"}],"wp:term":[{"taxonomy":"category","embeddable":true,"href":"https:\/\/sindaopcpb.org.br\/index.php\/wp-json\/wp\/v2\/categories?post=26270"},{"taxonomy":"post_tag","embeddable":true,"href":"https:\/\/sindaopcpb.org.br\/index.php\/wp-json\/wp\/v2\/tags?post=26270"}],"curies":[{"name":"wp","href":"https:\/\/api.w.org\/{rel}","templated":true}]}}