{"id":26260,"date":"2023-07-20T07:31:29","date_gmt":"2023-07-20T10:31:29","guid":{"rendered":"https:\/\/wpa.wscom.com.br\/?p=912893"},"modified":"2023-07-20T07:31:29","modified_gmt":"2023-07-20T10:31:29","slug":"forca-tarefa-deflagra-operacao-contra-trafico-de-drogas-e-venda-de-armas-no-interior-da-paraiba","status":"publish","type":"post","link":"https:\/\/sindaopcpb.org.br\/index.php\/2023\/07\/20\/forca-tarefa-deflagra-operacao-contra-trafico-de-drogas-e-venda-de-armas-no-interior-da-paraiba\/","title":{"rendered":"For\u00e7a-Tarefa deflagra opera\u00e7\u00e3o contra tr\u00e1fico de drogas e venda de armas no interior da Para\u00edba"},"content":{"rendered":"<p>&nbsp;<\/p>\n<p>&nbsp;<\/p>\n<p>A For\u00e7a-Tarefa de combate ao crime organizado do Sistema \u00danico de Seguran\u00e7a P\u00fablica da Para\u00edba (FT-Susp\/PB) deflagrou, na manh\u00e3 desta quinta-feira (20), a Opera\u00e7\u00e3o Intermedium, com objetivo cumprir 12 mandados de busca e apreens\u00e3o e 2 mandados de pris\u00e3o preventiva nas cidades de Campina Grande, Fagundes e Esperan\u00e7a, todas no estado da Para\u00edba.<\/p>\n<p>As medidas cautelares cumpridas hoje t\u00eam como alvo homem matriculado em fac\u00e7\u00e3o criminosa que atua no tr\u00e1fico de drogas e intermedia\u00e7\u00e3o de compra e aluguel de armas de fogo, vindo da\u00ed o nome da opera\u00e7\u00e3o.<\/p>\n<p>A Opera\u00e7\u00e3o Intermedium \u00e9 mais um desdobramento da Opera\u00e7\u00e3o Patrinus, deflagrada em dezembro de 2022 contra a atua\u00e7\u00e3o de organiza\u00e7\u00e3o criminosa na Para\u00edba.<\/p>\n<p>&#8220;A For\u00e7a-Tarefa est\u00e1 sempre vigilante e atenta a a\u00e7\u00f5es \u00a0de organiza\u00e7\u00f5es criminosas atuando de forma c\u00e9lere e coesa na preven\u00e7\u00e3o e repress\u00e3o a eventuais pr\u00e1ticas delituosas&#8221;, diz nota lan\u00e7ada pelo grupo policial.<\/p>\n<p>A For\u00e7a-Tarefa \u00e9 composta por policiais federais, policiais rodovi\u00e1rios federais, agentes do SENAPPEN, policiais civis, policiais militares e policiais penais do estado da Para\u00edba e com o apoio do Corpo de Bombeiros Militar.<\/p>\n<p>O post <a rel=\"nofollow noopener\" href=\"https:\/\/wscom.com.br\/forca-tarefa-deflagra-operacao-contra-trafico-de-drogas-e-venda-de-armas-no-interior-da-paraiba\/\" target=\"_blank\">For\u00e7a-Tarefa deflagra opera\u00e7\u00e3o contra tr\u00e1fico de drogas e venda de armas no interior da Para\u00edba<\/a> apareceu primeiro em <a rel=\"nofollow noopener\" href=\"https:\/\/wscom.com.br\/\" target=\"_blank\">WSCOM<\/a>.<\/p>\n","protected":false},"excerpt":{"rendered":"<p>\u00a0 \u00a0 A For\u00e7a-Tarefa de combate ao crime organizado do Sistema \u00danico de Seguran\u00e7a P\u00fablica da Para\u00edba (FT-Susp\/PB) deflagrou, na manh\u00e3 desta quinta-feira (20), a Opera\u00e7\u00e3o Intermedium, com objetivo cumprir 12 mandados de busca e apreens\u00e3o e 2 mandados de pris\u00e3o preventiva nas cidades de Campina Grande, Fagundes e Esperan\u00e7a, todas no estado da Para\u00edba. [\u2026]<\/p>\n<p>O post <a rel=\"nofollow\" href=\"https:\/\/wscom.com.br\/forca-tarefa-deflagra-operacao-contra-trafico-de-drogas-e-venda-de-armas-no-interior-da-paraiba\/\">For\u00e7a-Tarefa deflagra opera\u00e7\u00e3o contra tr\u00e1fico de drogas e venda de armas no interior da Para\u00edba<\/a> apareceu primeiro em <a rel=\"nofollow\" href=\"https:\/\/wscom.com.br\/\">WSCOM<\/a>.<\/p>\n","protected":false},"author":42,"featured_media":0,"comment_status":"closed","ping_status":"closed","sticky":false,"template":"","format":"standard","meta":{"advgb_blocks_editor_width":"","advgb_blocks_columns_visual_guide":"","footnotes":""},"categories":[6649,6192,34,6650,66,769],"tags":[35],"class_list":["post-26260","post","type-post","status-publish","format-standard","hentry","category-forca-tarefa","category-ft-susp","category-g1","category-operacao-intermedium","category-policial","category-trafico-de-drogas","tag-g1"],"author_meta":{"display_name":"Rafael Andrade","author_link":"https:\/\/sindaopcpb.org.br\/author\/rafael-andrade\/"},"featured_img":null,"coauthors":[],"tax_additional":{"categories":{"linked":["<a href=\"https:\/\/sindaopcpb.org.br\/forca-tarefa\/\" class=\"advgb-post-tax-term\">for\u00e7a tarefa<\/a>","<a href=\"https:\/\/sindaopcpb.org.br\/ft-susp\/\" class=\"advgb-post-tax-term\">FT-Susp<\/a>","<a href=\"https:\/\/sindaopcpb.org.br\/g1\/\" class=\"advgb-post-tax-term\">G1<\/a>","<a href=\"https:\/\/sindaopcpb.org.br\/operacao-intermedium\/\" class=\"advgb-post-tax-term\">Opera\u00e7\u00e3o Intermedium<\/a>","<a href=\"https:\/\/sindaopcpb.org.br\/policial\/\" class=\"advgb-post-tax-term\">Policial<\/a>","<a href=\"https:\/\/sindaopcpb.org.br\/trafico-de-drogas\/\" class=\"advgb-post-tax-term\">tr\u00e1fico de drogas<\/a>"],"unlinked":["<span class=\"advgb-post-tax-term\">for\u00e7a tarefa<\/span>","<span class=\"advgb-post-tax-term\">FT-Susp<\/span>","<span class=\"advgb-post-tax-term\">G1<\/span>","<span class=\"advgb-post-tax-term\">Opera\u00e7\u00e3o Intermedium<\/span>","<span class=\"advgb-post-tax-term\">Policial<\/span>","<span class=\"advgb-post-tax-term\">tr\u00e1fico de drogas<\/span>"]},"tags":{"linked":["<a href=\"https:\/\/sindaopcpb.org.br\/trafico-de-drogas\/\" class=\"advgb-post-tax-term\">g1<\/a>"],"unlinked":["<span class=\"advgb-post-tax-term\">g1<\/span>"]}},"comment_count":"0","relative_dates":{"created":"Publicado 3 anos atr\u00e1s","modified":"Atualizado 3 anos atr\u00e1s"},"absolute_dates":{"created":"Publicado em 20 de julho de 2023","modified":"Atualizado em 20 de julho de 2023"},"absolute_dates_time":{"created":"Publicado em 20 de julho de 2023 07:31","modified":"Atualizado em 20 de julho de 2023 07:31"},"featured_img_caption":"","series_order":"","_links":{"self":[{"href":"https:\/\/sindaopcpb.org.br\/index.php\/wp-json\/wp\/v2\/posts\/26260","targetHints":{"allow":["GET"]}}],"collection":[{"href":"https:\/\/sindaopcpb.org.br\/index.php\/wp-json\/wp\/v2\/posts"}],"about":[{"href":"https:\/\/sindaopcpb.org.br\/index.php\/wp-json\/wp\/v2\/types\/post"}],"author":[{"embeddable":true,"href":"https:\/\/sindaopcpb.org.br\/index.php\/wp-json\/wp\/v2\/users\/42"}],"replies":[{"embeddable":true,"href":"https:\/\/sindaopcpb.org.br\/index.php\/wp-json\/wp\/v2\/comments?post=26260"}],"version-history":[{"count":1,"href":"https:\/\/sindaopcpb.org.br\/index.php\/wp-json\/wp\/v2\/posts\/26260\/revisions"}],"predecessor-version":[{"id":26261,"href":"https:\/\/sindaopcpb.org.br\/index.php\/wp-json\/wp\/v2\/posts\/26260\/revisions\/26261"}],"wp:attachment":[{"href":"https:\/\/sindaopcpb.org.br\/index.php\/wp-json\/wp\/v2\/media?parent=26260"}],"wp:term":[{"taxonomy":"category","embeddable":true,"href":"https:\/\/sindaopcpb.org.br\/index.php\/wp-json\/wp\/v2\/categories?post=26260"},{"taxonomy":"post_tag","embeddable":true,"href":"https:\/\/sindaopcpb.org.br\/index.php\/wp-json\/wp\/v2\/tags?post=26260"}],"curies":[{"name":"wp","href":"https:\/\/api.w.org\/{rel}","templated":true}]}}