{"id":26246,"date":"2023-07-19T19:43:36","date_gmt":"2023-07-19T22:43:36","guid":{"rendered":"https:\/\/wpa.wscom.com.br\/?p=912849"},"modified":"2023-07-19T19:43:36","modified_gmt":"2023-07-19T22:43:36","slug":"forca-tarefa-mantem-buscas-por-ana-sophia-apos-duas-semanas-policia-nao-descarta-nenhuma-linha-de-investigacao","status":"publish","type":"post","link":"https:\/\/sindaopcpb.org.br\/index.php\/2023\/07\/19\/forca-tarefa-mantem-buscas-por-ana-sophia-apos-duas-semanas-policia-nao-descarta-nenhuma-linha-de-investigacao\/","title":{"rendered":"For\u00e7a-tarefa mant\u00e9m buscas por Ana Sophia ap\u00f3s duas semanas; Pol\u00edcia n\u00e3o descarta nenhuma linha de investiga\u00e7\u00e3o"},"content":{"rendered":"<p>A Pol\u00edcia Civil segue nas buscas para encontrar Ana Sophia, a menina de oito anos que desapareceu no dia 4 de julho, no distrito de Roma, em Bananeiras. A crian\u00e7a foi vista pela \u00faltima vez quando saiu sozinha para brincar na casa de uma amiga e n\u00e3o retornou para casa.<\/p>\n<p>Desde o desaparecimento, as autoridades t\u00eam realizado uma s\u00e9rie de dilig\u00eancias e investiga\u00e7\u00f5es para tentar localizar a garota. Diversas pessoas foram ouvidas e v\u00e1rios im\u00f3veis foram vistoriados no Brejo da Para\u00edba, na esperan\u00e7a de encontrar pistas que levem ao paradeiro de Ana Sophia.<\/p>\n<p>A Pol\u00edcia Civil ainda n\u00e3o descartou nenhuma linha de investiga\u00e7\u00e3o. At\u00e9 o momento, n\u00e3o h\u00e1 uma previs\u00e3o para o t\u00e9rmino das buscas.<\/p>\n<p>A pol\u00edcia solicita o apoio da popula\u00e7\u00e3o e encoraja as pessoas a fornecerem qualquer informa\u00e7\u00e3o relevante atrav\u00e9s do disque-den\u00fancia. Todas as den\u00fancias s\u00e3o tratadas com sigilo e t\u00eam contribu\u00eddo para novas dilig\u00eancias e buscas di\u00e1rias com o aux\u00edlio de c\u00e3es farejadores.<\/p>\n<p>As \u00faltimas imagens registradas por c\u00e2meras de seguran\u00e7a mostram Ana Sophia caminhando pela cidade por volta das 12h30 do dia 4 de julho. Desde ent\u00e3o, n\u00e3o h\u00e1 informa\u00e7\u00f5es sobre o paradeiro da crian\u00e7a. A fam\u00edlia e a comunidade est\u00e3o apreensivas e esperam que a menina seja encontrada em seguran\u00e7a em breve.<\/p>\n<p>O post <a rel=\"nofollow noopener\" href=\"https:\/\/wscom.com.br\/policia-civil-mantem-buscas-por-ana-sophia-apos-duas-semanas-e-nao-descarta-nenhuma-linha-de-investigacao\/\" target=\"_blank\">For\u00e7a-tarefa mant\u00e9m buscas por Ana Sophia ap\u00f3s duas semanas; Pol\u00edcia n\u00e3o descarta nenhuma linha de investiga\u00e7\u00e3o<\/a> apareceu primeiro em <a rel=\"nofollow noopener\" href=\"https:\/\/wscom.com.br\/\" target=\"_blank\">WSCOM<\/a>.<\/p>\n","protected":false},"excerpt":{"rendered":"<p>A Pol\u00edcia Civil segue nas buscas para encontrar Ana Sophia, a menina de oito anos que desapareceu no dia 4 de julho, no distrito de Roma, em Bananeiras. A crian\u00e7a foi vista pela \u00faltima vez quando saiu sozinha para brincar na casa de uma amiga e n\u00e3o retornou para casa. Desde o desaparecimento, as autoridades [\u2026]<\/p>\n<p>O post <a rel=\"nofollow\" href=\"https:\/\/wscom.com.br\/policia-civil-mantem-buscas-por-ana-sophia-apos-duas-semanas-e-nao-descarta-nenhuma-linha-de-investigacao\/\">For\u00e7a-tarefa mant\u00e9m buscas por Ana Sophia ap\u00f3s duas semanas; Pol\u00edcia n\u00e3o descarta nenhuma linha de investiga\u00e7\u00e3o<\/a> apareceu primeiro em <a rel=\"nofollow\" href=\"https:\/\/wscom.com.br\/\">WSCOM<\/a>.<\/p>\n","protected":false},"author":50,"featured_media":0,"comment_status":"closed","ping_status":"closed","sticky":false,"template":"","format":"standard","meta":{"advgb_blocks_editor_width":"","advgb_blocks_columns_visual_guide":"","footnotes":""},"categories":[5972,310,34,66,6089],"tags":[35],"class_list":["post-26246","post","type-post","status-publish","format-standard","hentry","category-ana","category-bananeiras","category-g1","category-policial","category-sophia","tag-g1"],"author_meta":{"display_name":"Wallyson","author_link":"https:\/\/sindaopcpb.org.br\/author\/wallyson\/"},"featured_img":null,"coauthors":[],"tax_additional":{"categories":{"linked":["<a href=\"https:\/\/sindaopcpb.org.br\/ana\/\" class=\"advgb-post-tax-term\">Ana<\/a>","<a href=\"https:\/\/sindaopcpb.org.br\/bananeiras\/\" class=\"advgb-post-tax-term\">Bananeiras<\/a>","<a href=\"https:\/\/sindaopcpb.org.br\/g1\/\" class=\"advgb-post-tax-term\">G1<\/a>","<a href=\"https:\/\/sindaopcpb.org.br\/policial\/\" class=\"advgb-post-tax-term\">Policial<\/a>","<a href=\"https:\/\/sindaopcpb.org.br\/sophia\/\" class=\"advgb-post-tax-term\">Sophia<\/a>"],"unlinked":["<span class=\"advgb-post-tax-term\">Ana<\/span>","<span class=\"advgb-post-tax-term\">Bananeiras<\/span>","<span class=\"advgb-post-tax-term\">G1<\/span>","<span class=\"advgb-post-tax-term\">Policial<\/span>","<span class=\"advgb-post-tax-term\">Sophia<\/span>"]},"tags":{"linked":["<a href=\"https:\/\/sindaopcpb.org.br\/sophia\/\" class=\"advgb-post-tax-term\">g1<\/a>"],"unlinked":["<span class=\"advgb-post-tax-term\">g1<\/span>"]}},"comment_count":"0","relative_dates":{"created":"Publicado 3 anos atr\u00e1s","modified":"Atualizado 3 anos atr\u00e1s"},"absolute_dates":{"created":"Publicado em 19 de julho de 2023","modified":"Atualizado em 19 de julho de 2023"},"absolute_dates_time":{"created":"Publicado em 19 de julho de 2023 19:43","modified":"Atualizado em 19 de julho de 2023 19:43"},"featured_img_caption":"","series_order":"","_links":{"self":[{"href":"https:\/\/sindaopcpb.org.br\/index.php\/wp-json\/wp\/v2\/posts\/26246","targetHints":{"allow":["GET"]}}],"collection":[{"href":"https:\/\/sindaopcpb.org.br\/index.php\/wp-json\/wp\/v2\/posts"}],"about":[{"href":"https:\/\/sindaopcpb.org.br\/index.php\/wp-json\/wp\/v2\/types\/post"}],"author":[{"embeddable":true,"href":"https:\/\/sindaopcpb.org.br\/index.php\/wp-json\/wp\/v2\/users\/50"}],"replies":[{"embeddable":true,"href":"https:\/\/sindaopcpb.org.br\/index.php\/wp-json\/wp\/v2\/comments?post=26246"}],"version-history":[{"count":1,"href":"https:\/\/sindaopcpb.org.br\/index.php\/wp-json\/wp\/v2\/posts\/26246\/revisions"}],"predecessor-version":[{"id":26247,"href":"https:\/\/sindaopcpb.org.br\/index.php\/wp-json\/wp\/v2\/posts\/26246\/revisions\/26247"}],"wp:attachment":[{"href":"https:\/\/sindaopcpb.org.br\/index.php\/wp-json\/wp\/v2\/media?parent=26246"}],"wp:term":[{"taxonomy":"category","embeddable":true,"href":"https:\/\/sindaopcpb.org.br\/index.php\/wp-json\/wp\/v2\/categories?post=26246"},{"taxonomy":"post_tag","embeddable":true,"href":"https:\/\/sindaopcpb.org.br\/index.php\/wp-json\/wp\/v2\/tags?post=26246"}],"curies":[{"name":"wp","href":"https:\/\/api.w.org\/{rel}","templated":true}]}}