{"id":26238,"date":"2023-07-19T16:30:13","date_gmt":"2023-07-19T19:30:13","guid":{"rendered":"https:\/\/wpa.wscom.com.br\/?p=912846"},"modified":"2023-07-19T16:30:13","modified_gmt":"2023-07-19T19:30:13","slug":"aspas-sanny-japiassu-disputara-presidencia-da-associacao-dos-procuradores-da-paraiba","status":"publish","type":"post","link":"https:\/\/sindaopcpb.org.br\/index.php\/2023\/07\/19\/aspas-sanny-japiassu-disputara-presidencia-da-associacao-dos-procuradores-da-paraiba\/","title":{"rendered":"ASPAS: Sanny Japiass\u00fa disputar\u00e1 presid\u00eancia da Associa\u00e7\u00e3o dos Procuradores da Para\u00edba"},"content":{"rendered":"<p>&nbsp;<\/p>\n<p>A Procuradora do Estado Sanny Japiass\u00fa registrou nesta quarta, 19, a chapa \u2013 Aspas para Todos \u2013 Uni\u00e3o e Movimento, que ir\u00e1 disputar a elei\u00e7\u00e3o da Associa\u00e7\u00e3o dos Procuradores do Estado da Para\u00edba. O pleito para definir o comando da Entidade para tri\u00eanio 2023\/2026 acontece no pr\u00f3ximo dia 26 \u2013 das 09h00 \u00e0s 17h00 \u2013 e ter\u00e1 vota\u00e7\u00e3o h\u00edbrida. A vota\u00e7\u00e3o ser\u00e1 na sede Aspas, que est\u00e1 situada \u00e0 rua Banc\u00e1rio Francisco Mendes, 86, Pedro Gondim, na capital.<\/p>\n<p>Com a experi\u00eancia de ter exercido a presid\u00eancia da Aspas com grande \u00eaxito, Sanny destacou que vai trabalhar para apresentar \u00e0 sociedade todas as informa\u00e7\u00f5es acerca do trabalho relevante desenvolvido pelos procuradores de Estado, \u201csomos defensores de toda a sociedade ao defender os interesses do Estado, por\u00e9m nossa categoria vive a realidade de ter um dos piores sal\u00e1rios do pa\u00eds, apesar de todos os ganhos que geramos para a Para\u00edba, declarou.<\/p>\n<p>\u201cS\u00e3o poucos dias de campanha e durante esse per\u00edodo vamos apresentar cada uma das 10 propostas para a categoria dos procuradores que consideramos essenciais para o bom desempenho das nossas fun\u00e7\u00f5es com uma perfeita presta\u00e7\u00e3o de servi\u00e7os \u00e0 sociedade\u201d, destacou Sanny Japiass\u00fa.<\/p>\n<p><strong>A chapa Aspas para Todos \u2013 Uni\u00e3o e Movimento, ficou definida da seguinte forma:<\/strong><\/p>\n<p>Diretoria Executiva:<\/p>\n<p>Presidente: Sanny Japiass\u00fa<\/p>\n<p>Vice-Presidente: Adriano Carvalho<\/p>\n<p>Secret\u00e1ria-Geral: Silvano Sim\u00f5es<\/p>\n<p>Diretora Administrativo \u2013 Financeira: Rachel Lucena<\/p>\n<p>Diretor de Rela\u00e7\u00f5es Institucionais: Ricardo Lucena<\/p>\n<p>Diretora de Inativos: Walquiria Veloso<\/p>\n<p>Diretor Acad\u00eamico: Pablo Dayan<\/p>\n<p>&nbsp;<\/p>\n<p>Conselho Deliberativo (Candidatas e Candidatos)<\/p>\n<p>Solon Benevides<\/p>\n<p>Carlos Arthur de Almeida<\/p>\n<p>Paulo Renato Bezerra<\/p>\n<p>Francisco Franca<\/p>\n<p>Eliphas Toscano<\/p>\n<p>Ligia Dantas<\/p>\n<p>Glauberto Bezerra<\/p>\n<p>Ven\u00e2ncio Viana<\/p>\n<p>Conselho Fiscal (Candidatas e Candidatos)<\/p>\n<p>Jaqueline Alencar<\/p>\n<p>Nicolas Schuindt<\/p>\n<p>Arthur Freire<\/p>\n<p>Sancha Alencar<\/p>\n<p>Adlany Alves<\/p>\n<p>O post <a rel=\"nofollow noopener\" href=\"https:\/\/wscom.com.br\/aspas-sanny-japiassu-disputara-presidencia-da-associacao-dos-procuradores-da-paraiba\/\" target=\"_blank\">ASPAS: Sanny Japiass\u00fa disputar\u00e1 presid\u00eancia da Associa\u00e7\u00e3o dos Procuradores da Para\u00edba<\/a> apareceu primeiro em <a rel=\"nofollow noopener\" href=\"https:\/\/wscom.com.br\/\" target=\"_blank\">WSCOM<\/a>.<\/p>\n","protected":false},"excerpt":{"rendered":"<p>\u00a0 A Procuradora do Estado Sanny Japiass\u00fa registrou nesta quarta, 19, a chapa \u2013 Aspas para Todos \u2013 Uni\u00e3o e Movimento, que ir\u00e1 disputar a elei\u00e7\u00e3o da Associa\u00e7\u00e3o dos Procuradores do Estado da Para\u00edba. O pleito para definir o comando da Entidade para tri\u00eanio 2023\/2026 acontece no pr\u00f3ximo dia 26 \u2013 das 09h00 \u00e0s 17h00 [\u2026]<\/p>\n<p>O post <a rel=\"nofollow\" href=\"https:\/\/wscom.com.br\/aspas-sanny-japiassu-disputara-presidencia-da-associacao-dos-procuradores-da-paraiba\/\">ASPAS: Sanny Japiass\u00fa disputar\u00e1 presid\u00eancia da Associa\u00e7\u00e3o dos Procuradores da Para\u00edba<\/a> apareceu primeiro em <a rel=\"nofollow\" href=\"https:\/\/wscom.com.br\/\">WSCOM<\/a>.<\/p>\n","protected":false},"author":50,"featured_media":0,"comment_status":"closed","ping_status":"closed","sticky":false,"template":"","format":"standard","meta":{"advgb_blocks_editor_width":"","advgb_blocks_columns_visual_guide":"","footnotes":""},"categories":[6643,34,6644,54,6645],"tags":[35],"class_list":["post-26238","post","type-post","status-publish","format-standard","hentry","category-aspas","category-g1","category-japiassu","category-paraiba","category-sanny","tag-g1"],"author_meta":{"display_name":"Wallyson","author_link":"https:\/\/sindaopcpb.org.br\/author\/wallyson\/"},"featured_img":null,"coauthors":[],"tax_additional":{"categories":{"linked":["<a href=\"https:\/\/sindaopcpb.org.br\/aspas\/\" class=\"advgb-post-tax-term\">ASpas<\/a>","<a href=\"https:\/\/sindaopcpb.org.br\/g1\/\" class=\"advgb-post-tax-term\">G1<\/a>","<a href=\"https:\/\/sindaopcpb.org.br\/japiassu\/\" class=\"advgb-post-tax-term\">japiassu<\/a>","<a href=\"https:\/\/sindaopcpb.org.br\/paraiba\/\" class=\"advgb-post-tax-term\">Para\u00edba<\/a>","<a href=\"https:\/\/sindaopcpb.org.br\/sanny\/\" class=\"advgb-post-tax-term\">sanny<\/a>"],"unlinked":["<span class=\"advgb-post-tax-term\">ASpas<\/span>","<span class=\"advgb-post-tax-term\">G1<\/span>","<span class=\"advgb-post-tax-term\">japiassu<\/span>","<span class=\"advgb-post-tax-term\">Para\u00edba<\/span>","<span class=\"advgb-post-tax-term\">sanny<\/span>"]},"tags":{"linked":["<a href=\"https:\/\/sindaopcpb.org.br\/sanny\/\" class=\"advgb-post-tax-term\">g1<\/a>"],"unlinked":["<span class=\"advgb-post-tax-term\">g1<\/span>"]}},"comment_count":"0","relative_dates":{"created":"Publicado 3 anos atr\u00e1s","modified":"Atualizado 3 anos atr\u00e1s"},"absolute_dates":{"created":"Publicado em 19 de julho de 2023","modified":"Atualizado em 19 de julho de 2023"},"absolute_dates_time":{"created":"Publicado em 19 de julho de 2023 16:30","modified":"Atualizado em 19 de julho de 2023 16:30"},"featured_img_caption":"","series_order":"","_links":{"self":[{"href":"https:\/\/sindaopcpb.org.br\/index.php\/wp-json\/wp\/v2\/posts\/26238","targetHints":{"allow":["GET"]}}],"collection":[{"href":"https:\/\/sindaopcpb.org.br\/index.php\/wp-json\/wp\/v2\/posts"}],"about":[{"href":"https:\/\/sindaopcpb.org.br\/index.php\/wp-json\/wp\/v2\/types\/post"}],"author":[{"embeddable":true,"href":"https:\/\/sindaopcpb.org.br\/index.php\/wp-json\/wp\/v2\/users\/50"}],"replies":[{"embeddable":true,"href":"https:\/\/sindaopcpb.org.br\/index.php\/wp-json\/wp\/v2\/comments?post=26238"}],"version-history":[{"count":1,"href":"https:\/\/sindaopcpb.org.br\/index.php\/wp-json\/wp\/v2\/posts\/26238\/revisions"}],"predecessor-version":[{"id":26239,"href":"https:\/\/sindaopcpb.org.br\/index.php\/wp-json\/wp\/v2\/posts\/26238\/revisions\/26239"}],"wp:attachment":[{"href":"https:\/\/sindaopcpb.org.br\/index.php\/wp-json\/wp\/v2\/media?parent=26238"}],"wp:term":[{"taxonomy":"category","embeddable":true,"href":"https:\/\/sindaopcpb.org.br\/index.php\/wp-json\/wp\/v2\/categories?post=26238"},{"taxonomy":"post_tag","embeddable":true,"href":"https:\/\/sindaopcpb.org.br\/index.php\/wp-json\/wp\/v2\/tags?post=26238"}],"curies":[{"name":"wp","href":"https:\/\/api.w.org\/{rel}","templated":true}]}}