{"id":26226,"date":"2023-07-19T17:53:43","date_gmt":"2023-07-19T20:53:43","guid":{"rendered":"https:\/\/wpa.wscom.com.br\/?p=912821"},"modified":"2023-07-19T17:53:43","modified_gmt":"2023-07-19T20:53:43","slug":"lula-volta-ao-brasil-nesta-quarta-e-encara-agenda-para-reorganizar-a-esplanada-dos-ministerios","status":"publish","type":"post","link":"https:\/\/sindaopcpb.org.br\/index.php\/2023\/07\/19\/lula-volta-ao-brasil-nesta-quarta-e-encara-agenda-para-reorganizar-a-esplanada-dos-ministerios\/","title":{"rendered":"Lula volta ao Brasil nesta quarta e encara agenda para reorganizar a Esplanada dos Minist\u00e9rios"},"content":{"rendered":"<p>O presidente Lula (PT) retorna ao Brasil nesta quarta-feira (19) ap\u00f3s uma viagem com intensa agenda em Bruxelas, na B\u00e9lgica, onde participou da C\u00fapula entre Uni\u00e3o Europeia e Celac (Comunidade de Estados Latino-Americanos e Caribenhos). De volta \u00e0 capital federal, o mandat\u00e1rio dedicar\u00e1 o fim da semana para discutir com membros de seu n\u00facleo mais pr\u00f3ximo de governo o redesenho de sua composi\u00e7\u00e3o ministerial.<\/p>\n<p>J\u00e1 \u00e9 certo que haver\u00e1 mudan\u00e7as na Esplanada dos Minist\u00e9rios, j\u00e1 que Lula ter\u00e1 que reorganizar as pastas para agregar novos aliados, como o Republicanos, e dar mais espa\u00e7o a outros partidos e setores do Congresso Nacional que, no primeiro semestre, n\u00e3o responderam a contento com votos no parlamento.<\/p>\n<p>&#8220;A partir da pr\u00f3xima semana, Lula come\u00e7ar\u00e1 a debater com l\u00edderes partid\u00e1rios os cargos que ser\u00e3o concedidos e a participa\u00e7\u00e3o exata em cada pasta. A entrada do PP e do Republicanos no minist\u00e9rio de Lula \u00e9 dada como certa, e a participa\u00e7\u00e3o de nomes como os dos deputados Silvio Costa Filho e Andr\u00e9 Fufuca j\u00e1 n\u00e3o \u00e9 mais segredo entre os nomes mais pr\u00f3ximos do presidente&#8221;, diz o jornal O Globo.<\/p>\n<p>O presidente tem a inten\u00e7\u00e3o, segundo o Estado de S. Paulo, de preservar em suas pastas ministros que n\u00e3o t\u00eam outro cargo p\u00fablico para assumir caso deixem o governo. \u00c9 o caso, por exemplo, do ministro de Portos e Aeroportos, M\u00e1rcio Fran\u00e7a (PSB), da ministra de Ci\u00eancia e Tecnologia, Luciana Santos (PCdoB), do ministro da Casa Civil, Rui Costa (PT), e da ministra do Planejamento e Or\u00e7amento, Simone Tebet (MDB).<\/p>\n<p>O post <a rel=\"nofollow noopener\" href=\"https:\/\/wscom.com.br\/lula-volta-ao-brasil-nesta-quarta-e-encara-agenda-para-reorganizar-a-esplanada-dos-ministerios\/\" target=\"_blank\">Lula volta ao Brasil nesta quarta e encara agenda para reorganizar a Esplanada dos Minist\u00e9rios<\/a> apareceu primeiro em <a rel=\"nofollow noopener\" href=\"https:\/\/wscom.com.br\/\" target=\"_blank\">WSCOM<\/a>.<\/p>\n","protected":false},"excerpt":{"rendered":"<p>O presidente Lula (PT) retorna ao Brasil nesta quarta-feira (19) ap\u00f3s uma viagem com intensa agenda em Bruxelas, na B\u00e9lgica, onde participou da C\u00fapula entre Uni\u00e3o Europeia e Celac (Comunidade de Estados Latino-Americanos e Caribenhos). De volta \u00e0 capital federal, o mandat\u00e1rio dedicar\u00e1 o fim da semana para discutir com membros de seu n\u00facleo mais [\u2026]<\/p>\n<p>O post <a rel=\"nofollow\" href=\"https:\/\/wscom.com.br\/lula-volta-ao-brasil-nesta-quarta-e-encara-agenda-para-reorganizar-a-esplanada-dos-ministerios\/\">Lula volta ao Brasil nesta quarta e encara agenda para reorganizar a Esplanada dos Minist\u00e9rios<\/a> apareceu primeiro em <a rel=\"nofollow\" href=\"https:\/\/wscom.com.br\/\">WSCOM<\/a>.<\/p>\n","protected":false},"author":49,"featured_media":0,"comment_status":"closed","ping_status":"closed","sticky":false,"template":"","format":"standard","meta":{"advgb_blocks_editor_width":"","advgb_blocks_columns_visual_guide":"","footnotes":""},"categories":[134,34,4045,110,47,6632],"tags":[35],"class_list":["post-26226","post","type-post","status-publish","format-standard","hentry","category-brasilia","category-g1","category-governabilidade","category-lula","category-politica","category-reforma-ministerial","tag-g1"],"author_meta":{"display_name":"Cristiane Cavalcante","author_link":"https:\/\/sindaopcpb.org.br\/author\/cristiane-cavalcante\/"},"featured_img":null,"coauthors":[],"tax_additional":{"categories":{"linked":["<a href=\"https:\/\/sindaopcpb.org.br\/brasilia\/\" class=\"advgb-post-tax-term\">Bras\u00edlia<\/a>","<a href=\"https:\/\/sindaopcpb.org.br\/g1\/\" class=\"advgb-post-tax-term\">G1<\/a>","<a href=\"https:\/\/sindaopcpb.org.br\/governabilidade\/\" class=\"advgb-post-tax-term\">Governabilidade<\/a>","<a href=\"https:\/\/sindaopcpb.org.br\/lula\/\" class=\"advgb-post-tax-term\">Lula<\/a>","<a href=\"https:\/\/sindaopcpb.org.br\/politica\/\" class=\"advgb-post-tax-term\">POLITICA<\/a>","<a href=\"https:\/\/sindaopcpb.org.br\/reforma-ministerial\/\" class=\"advgb-post-tax-term\">REFORMA MINISTERIAL<\/a>"],"unlinked":["<span class=\"advgb-post-tax-term\">Bras\u00edlia<\/span>","<span class=\"advgb-post-tax-term\">G1<\/span>","<span class=\"advgb-post-tax-term\">Governabilidade<\/span>","<span class=\"advgb-post-tax-term\">Lula<\/span>","<span class=\"advgb-post-tax-term\">POLITICA<\/span>","<span class=\"advgb-post-tax-term\">REFORMA MINISTERIAL<\/span>"]},"tags":{"linked":["<a href=\"https:\/\/sindaopcpb.org.br\/reforma-ministerial\/\" class=\"advgb-post-tax-term\">g1<\/a>"],"unlinked":["<span class=\"advgb-post-tax-term\">g1<\/span>"]}},"comment_count":"0","relative_dates":{"created":"Publicado 3 anos atr\u00e1s","modified":"Atualizado 3 anos atr\u00e1s"},"absolute_dates":{"created":"Publicado em 19 de julho de 2023","modified":"Atualizado em 19 de julho de 2023"},"absolute_dates_time":{"created":"Publicado em 19 de julho de 2023 17:53","modified":"Atualizado em 19 de julho de 2023 17:53"},"featured_img_caption":"","series_order":"","_links":{"self":[{"href":"https:\/\/sindaopcpb.org.br\/index.php\/wp-json\/wp\/v2\/posts\/26226","targetHints":{"allow":["GET"]}}],"collection":[{"href":"https:\/\/sindaopcpb.org.br\/index.php\/wp-json\/wp\/v2\/posts"}],"about":[{"href":"https:\/\/sindaopcpb.org.br\/index.php\/wp-json\/wp\/v2\/types\/post"}],"author":[{"embeddable":true,"href":"https:\/\/sindaopcpb.org.br\/index.php\/wp-json\/wp\/v2\/users\/49"}],"replies":[{"embeddable":true,"href":"https:\/\/sindaopcpb.org.br\/index.php\/wp-json\/wp\/v2\/comments?post=26226"}],"version-history":[{"count":1,"href":"https:\/\/sindaopcpb.org.br\/index.php\/wp-json\/wp\/v2\/posts\/26226\/revisions"}],"predecessor-version":[{"id":26227,"href":"https:\/\/sindaopcpb.org.br\/index.php\/wp-json\/wp\/v2\/posts\/26226\/revisions\/26227"}],"wp:attachment":[{"href":"https:\/\/sindaopcpb.org.br\/index.php\/wp-json\/wp\/v2\/media?parent=26226"}],"wp:term":[{"taxonomy":"category","embeddable":true,"href":"https:\/\/sindaopcpb.org.br\/index.php\/wp-json\/wp\/v2\/categories?post=26226"},{"taxonomy":"post_tag","embeddable":true,"href":"https:\/\/sindaopcpb.org.br\/index.php\/wp-json\/wp\/v2\/tags?post=26226"}],"curies":[{"name":"wp","href":"https:\/\/api.w.org\/{rel}","templated":true}]}}