{"id":26224,"date":"2023-07-19T18:07:33","date_gmt":"2023-07-19T21:07:33","guid":{"rendered":"https:\/\/wpa.wscom.com.br\/?p=912813"},"modified":"2023-07-19T18:07:33","modified_gmt":"2023-07-19T21:07:33","slug":"whatsapp-passa-por-queda-global-e-fica-fora-do-ar-na-tarde-desta-quarta-feira","status":"publish","type":"post","link":"https:\/\/sindaopcpb.org.br\/index.php\/2023\/07\/19\/whatsapp-passa-por-queda-global-e-fica-fora-do-ar-na-tarde-desta-quarta-feira\/","title":{"rendered":"WhatsApp passa por queda global e fica fora do ar na tarde desta quarta-feira"},"content":{"rendered":"<p>O WhatsApp est\u00e1 fora do ar na tarde desta quarta-feira (19). Os usu\u00e1rios alegam erro ao tentar enviar mensagens tanto na vers\u00e3o Web quanto no aplicativo.<\/p>\n<p>No\u00a0Twitter, h\u00e1 relatos de que aparece a mensagem &#8220;conectando&#8221; quando a mensagem seria enviada, juntamente a um rel\u00f3gio.<\/p>\n<p>A falha tamb\u00e9m foi observada \u00e9 outros pa\u00edses, como o Reino Unido, com 177 mil reclama\u00e7\u00f5es, Estados Unidos, com 34 mil reclama\u00e7\u00f5es, e Fran\u00e7a, com 209 mil reclama\u00e7\u00f5es.<\/p>\n<p>&nbsp;<\/p>\n<figure class=\"content-media-figure\"><img decoding=\"async\" class=\"i-amphtml-fill-content i-amphtml-replaced-content\" src=\"https:\/\/s2-g1.glbimg.com\/n3o5EwKZnhayy70I6Anj2YzVRC0=\/0x0:1102x699\/984x0\/smart\/filters:strip_icc()\/i.s3.glbimg.com\/v1\/AUTH_59edd422c0c84a879bd37670ae4f538a\/internal_photos\/bs\/2023\/B\/S\/NMjCUOT1yHmiy8eqBM7A\/lista2-1-1-1-1-.jpg\" sizes=\"(max-width: 1366px) 648px, 100vw\" srcset=\"https:\/\/s2-g1.glbimg.com\/JH_M-YfekPFQ4l260MYDPBpjd-8=\/0x0:1102x699\/1000x0\/smart\/filters:strip_icc()\/i.s3.glbimg.com\/v1\/AUTH_59edd422c0c84a879bd37670ae4f538a\/internal_photos\/bs\/2023\/B\/S\/NMjCUOT1yHmiy8eqBM7A\/lista2-1-1-1-1-.jpg 1000w, https:\/\/s2-g1.glbimg.com\/n3o5EwKZnhayy70I6Anj2YzVRC0=\/0x0:1102x699\/984x0\/smart\/filters:strip_icc()\/i.s3.glbimg.com\/v1\/AUTH_59edd422c0c84a879bd37670ae4f538a\/internal_photos\/bs\/2023\/B\/S\/NMjCUOT1yHmiy8eqBM7A\/lista2-1-1-1-1-.jpg 984w, https:\/\/s2-g1.glbimg.com\/9IBokP1m9OhuFhNnxw4EPF3Pg_Q=\/0x0:1102x699\/640x0\/smart\/filters:strip_icc()\/i.s3.glbimg.com\/v1\/AUTH_59edd422c0c84a879bd37670ae4f538a\/internal_photos\/bs\/2023\/B\/S\/NMjCUOT1yHmiy8eqBM7A\/lista2-1-1-1-1-.jpg 640w, https:\/\/s2-g1.glbimg.com\/GytSxLdnk17alqY2xHOn83amcFE=\/0x0:1102x699\/600x0\/smart\/filters:strip_icc()\/i.s3.glbimg.com\/v1\/AUTH_59edd422c0c84a879bd37670ae4f538a\/internal_photos\/bs\/2023\/B\/S\/NMjCUOT1yHmiy8eqBM7A\/lista2-1-1-1-1-.jpg 600w\" alt=\"WhatsApp parou de enviar mensagens na tarde desta quarta (19) \u2014 Foto: WhatsApp\/Divulga\u00e7\u00e3o\" title=\"\"><\/figure>\n<p class=\"content-media__description \"><span style=\"font-size: 8pt;\"><strong>WhatsApp parou de enviar mensagens na tarde desta quarta (19) \u2014 Foto: WhatsApp\/Divulga\u00e7\u00e3o<\/strong><\/span><\/p>\n<p>&nbsp;<\/p>\n<p>No Downdetector, que re\u00fane falhas de sites e aplicativos, houve um pico de 44 mil reclama\u00e7\u00f5es de usu\u00e1rios do WhatsApp.<\/p>\n<p>&nbsp;<\/p>\n<div id=\"chunk-2afib\">\n<div class=\"row medium-uncollapsed content-media content-photo\" data-block-type=\"backstage-photo\" data-block-id=\"9\">\n<div class=\" mc-column content-media__container\">\n<div class=\"content-media-container glb-skeleton-box\">\n<figure class=\"content-media-figure\"><img decoding=\"async\" class=\"i-amphtml-fill-content i-amphtml-replaced-content\" src=\"https:\/\/s2-g1.glbimg.com\/dgtx-INf-CiWU4cqUbkBST6M3D0=\/0x0:934x376\/984x0\/smart\/filters:strip_icc()\/i.s3.glbimg.com\/v1\/AUTH_59edd422c0c84a879bd37670ae4f538a\/internal_photos\/bs\/2023\/7\/C\/pH5gcaSnepBTJJAVNP0Q\/captura-de-tela-2023-07-19-174833.png\" sizes=\"(max-width: 1366px) 648px, 100vw\" srcset=\"https:\/\/s2-g1.glbimg.com\/8Vff0SKmFqCdu_bTSsuraw-pd5E=\/0x0:934x376\/1000x0\/smart\/filters:strip_icc()\/i.s3.glbimg.com\/v1\/AUTH_59edd422c0c84a879bd37670ae4f538a\/internal_photos\/bs\/2023\/7\/C\/pH5gcaSnepBTJJAVNP0Q\/captura-de-tela-2023-07-19-174833.png 1000w, https:\/\/s2-g1.glbimg.com\/dgtx-INf-CiWU4cqUbkBST6M3D0=\/0x0:934x376\/984x0\/smart\/filters:strip_icc()\/i.s3.glbimg.com\/v1\/AUTH_59edd422c0c84a879bd37670ae4f538a\/internal_photos\/bs\/2023\/7\/C\/pH5gcaSnepBTJJAVNP0Q\/captura-de-tela-2023-07-19-174833.png 984w, https:\/\/s2-g1.glbimg.com\/yVs0JleF6TJq4zCTnlf39hjHhjo=\/0x0:934x376\/640x0\/smart\/filters:strip_icc()\/i.s3.glbimg.com\/v1\/AUTH_59edd422c0c84a879bd37670ae4f538a\/internal_photos\/bs\/2023\/7\/C\/pH5gcaSnepBTJJAVNP0Q\/captura-de-tela-2023-07-19-174833.png 640w, https:\/\/s2-g1.glbimg.com\/-hw_RfsBQZLTBstnkyWrwkI8bFE=\/0x0:934x376\/600x0\/smart\/filters:strip_icc()\/i.s3.glbimg.com\/v1\/AUTH_59edd422c0c84a879bd37670ae4f538a\/internal_photos\/bs\/2023\/7\/C\/pH5gcaSnepBTJJAVNP0Q\/captura-de-tela-2023-07-19-174833.png 600w\" alt=\"No Downdetector, que re\u00fane falhas de sites e aplicativos, houve um pico de 44 mil reclama\u00e7\u00f5es de usu\u00e1rios do WhatsApp. \u2014 Foto: Reprodu\u00e7\u00e3o\" title=\"\"><\/figure>\n<\/div>\n<p class=\"content-media__description \"><span style=\"font-size: 8pt;\"><strong>No Downdetector, que re\u00fane falhas de sites e aplicativos, houve um pico de 44 mil reclama\u00e7\u00f5es de usu\u00e1rios do WhatsApp. \u2014 Foto: Reprodu\u00e7\u00e3o<\/strong><\/span><\/p>\n<\/div>\n<p>&nbsp;<\/p>\n<p>J\u00e1 no Twitter, mais de 419 mil publica\u00e7\u00f5es citam o WhatsApp.<\/p>\n<p>&nbsp;<\/p>\n<\/div>\n<\/div>\n<div id=\"chunk-6jugp\">\n<div class=\"row medium-uncollapsed content-media content-photo\" data-block-type=\"backstage-photo\" data-block-id=\"11\">\n<div class=\" mc-column content-media__container\">\n<div class=\"content-media-container glb-skeleton-box\">\n<figure class=\"content-media-figure\"><img decoding=\"async\" class=\"i-amphtml-fill-content i-amphtml-replaced-content\" src=\"https:\/\/s2-g1.glbimg.com\/PbOviqoNuEKMrfyA7r9QT-0uYEs=\/0x0:323x355\/984x0\/smart\/filters:strip_icc()\/i.s3.glbimg.com\/v1\/AUTH_59edd422c0c84a879bd37670ae4f538a\/internal_photos\/bs\/2023\/W\/O\/43gagpSZGcIvAGc8hvYg\/microsoftteams-image-6-.png\" sizes=\"(max-width: 1366px) 648px, 100vw\" srcset=\"https:\/\/s2-g1.glbimg.com\/A6fhiL8v0KrQssz0_uQ0suAta2o=\/0x0:323x355\/1000x0\/smart\/filters:strip_icc()\/i.s3.glbimg.com\/v1\/AUTH_59edd422c0c84a879bd37670ae4f538a\/internal_photos\/bs\/2023\/W\/O\/43gagpSZGcIvAGc8hvYg\/microsoftteams-image-6-.png 1000w, https:\/\/s2-g1.glbimg.com\/PbOviqoNuEKMrfyA7r9QT-0uYEs=\/0x0:323x355\/984x0\/smart\/filters:strip_icc()\/i.s3.glbimg.com\/v1\/AUTH_59edd422c0c84a879bd37670ae4f538a\/internal_photos\/bs\/2023\/W\/O\/43gagpSZGcIvAGc8hvYg\/microsoftteams-image-6-.png 984w, https:\/\/s2-g1.glbimg.com\/GqMobleMa5unaNO_zFF1J_Fv3sA=\/0x0:323x355\/640x0\/smart\/filters:strip_icc()\/i.s3.glbimg.com\/v1\/AUTH_59edd422c0c84a879bd37670ae4f538a\/internal_photos\/bs\/2023\/W\/O\/43gagpSZGcIvAGc8hvYg\/microsoftteams-image-6-.png 640w, https:\/\/s2-g1.glbimg.com\/Gjro2hhmyENUS9nbXvUb5FpuWHg=\/0x0:323x355\/600x0\/smart\/filters:strip_icc()\/i.s3.glbimg.com\/v1\/AUTH_59edd422c0c84a879bd37670ae4f538a\/internal_photos\/bs\/2023\/W\/O\/43gagpSZGcIvAGc8hvYg\/microsoftteams-image-6-.png 600w\" alt=\"Mais de 400 mil publica\u00e7\u00f5es citam o WhatsApp no Twitter \u2014 Foto: Reprodu\u00e7\u00e3o\/Twitter\" title=\"\"><\/figure>\n<\/div>\n<p class=\"content-media__description \"><span style=\"font-size: 8pt;\"><strong>Mais de 400 mil publica\u00e7\u00f5es citam o WhatsApp no Twitter \u2014 Foto: Reprodu\u00e7\u00e3o\/Twitter<\/strong><\/span><\/p>\n<p>&nbsp;<\/p>\n<p>A Meta, empresa que controla o aplicativo, ainda n\u00e3o se posicionou sobre as causa da instabilidade no aplicativo na tarde de hoje.<\/p>\n<\/div>\n<\/div>\n<\/div>\n<p>O post <a rel=\"nofollow noopener\" href=\"https:\/\/wscom.com.br\/whatsapp-passa-por-queda-global-e-fica-fora-do-ar-na-tarde-desta-quarta-feira\/\" target=\"_blank\">WhatsApp passa por queda global e fica fora do ar na tarde desta quarta-feira<\/a> apareceu primeiro em <a rel=\"nofollow noopener\" href=\"https:\/\/wscom.com.br\/\" target=\"_blank\">WSCOM<\/a>.<\/p>\n","protected":false},"excerpt":{"rendered":"<p>O WhatsApp est\u00e1 fora do ar na tarde desta quarta-feira (19). Os usu\u00e1rios alegam erro ao tentar enviar mensagens tanto na vers\u00e3o Web quanto no aplicativo. No\u00a0Twitter, h\u00e1 relatos de que aparece a mensagem \u201cconectando\u201d quando a mensagem seria enviada, juntamente a um rel\u00f3gio. A falha tamb\u00e9m foi observada \u00e9 outros pa\u00edses, como o Reino [\u2026]<\/p>\n<p>O post <a rel=\"nofollow\" href=\"https:\/\/wscom.com.br\/whatsapp-passa-por-queda-global-e-fica-fora-do-ar-na-tarde-desta-quarta-feira\/\">WhatsApp passa por queda global e fica fora do ar na tarde desta quarta-feira<\/a> apareceu primeiro em <a rel=\"nofollow\" href=\"https:\/\/wscom.com.br\/\">WSCOM<\/a>.<\/p>\n","protected":false},"author":49,"featured_media":0,"comment_status":"closed","ping_status":"closed","sticky":false,"template":"","format":"standard","meta":{"advgb_blocks_editor_width":"","advgb_blocks_columns_visual_guide":"","footnotes":""},"categories":[6630,34,694,6631,1161,1873],"tags":[35],"class_list":["post-26224","post","type-post","status-publish","format-standard","hentry","category-app-de-mensagens","category-g1","category-meta","category-queda-global","category-tecnologia","category-whatsapp","tag-g1"],"author_meta":{"display_name":"Cristiane Cavalcante","author_link":"https:\/\/sindaopcpb.org.br\/author\/cristiane-cavalcante\/"},"featured_img":null,"coauthors":[],"tax_additional":{"categories":{"linked":["<a href=\"https:\/\/sindaopcpb.org.br\/app-de-mensagens\/\" class=\"advgb-post-tax-term\">app de mensagens<\/a>","<a href=\"https:\/\/sindaopcpb.org.br\/g1\/\" class=\"advgb-post-tax-term\">G1<\/a>","<a href=\"https:\/\/sindaopcpb.org.br\/meta\/\" class=\"advgb-post-tax-term\">Meta<\/a>","<a href=\"https:\/\/sindaopcpb.org.br\/queda-global\/\" class=\"advgb-post-tax-term\">queda global<\/a>","<a href=\"https:\/\/sindaopcpb.org.br\/tecnologia\/\" class=\"advgb-post-tax-term\">Tecnologia<\/a>","<a href=\"https:\/\/sindaopcpb.org.br\/whatsapp\/\" class=\"advgb-post-tax-term\">Whatsapp<\/a>"],"unlinked":["<span class=\"advgb-post-tax-term\">app de mensagens<\/span>","<span class=\"advgb-post-tax-term\">G1<\/span>","<span class=\"advgb-post-tax-term\">Meta<\/span>","<span class=\"advgb-post-tax-term\">queda global<\/span>","<span class=\"advgb-post-tax-term\">Tecnologia<\/span>","<span class=\"advgb-post-tax-term\">Whatsapp<\/span>"]},"tags":{"linked":["<a href=\"https:\/\/sindaopcpb.org.br\/whatsapp\/\" class=\"advgb-post-tax-term\">g1<\/a>"],"unlinked":["<span class=\"advgb-post-tax-term\">g1<\/span>"]}},"comment_count":"0","relative_dates":{"created":"Publicado 3 anos atr\u00e1s","modified":"Atualizado 3 anos atr\u00e1s"},"absolute_dates":{"created":"Publicado em 19 de julho de 2023","modified":"Atualizado em 19 de julho de 2023"},"absolute_dates_time":{"created":"Publicado em 19 de julho de 2023 18:07","modified":"Atualizado em 19 de julho de 2023 18:07"},"featured_img_caption":"","series_order":"","_links":{"self":[{"href":"https:\/\/sindaopcpb.org.br\/index.php\/wp-json\/wp\/v2\/posts\/26224","targetHints":{"allow":["GET"]}}],"collection":[{"href":"https:\/\/sindaopcpb.org.br\/index.php\/wp-json\/wp\/v2\/posts"}],"about":[{"href":"https:\/\/sindaopcpb.org.br\/index.php\/wp-json\/wp\/v2\/types\/post"}],"author":[{"embeddable":true,"href":"https:\/\/sindaopcpb.org.br\/index.php\/wp-json\/wp\/v2\/users\/49"}],"replies":[{"embeddable":true,"href":"https:\/\/sindaopcpb.org.br\/index.php\/wp-json\/wp\/v2\/comments?post=26224"}],"version-history":[{"count":1,"href":"https:\/\/sindaopcpb.org.br\/index.php\/wp-json\/wp\/v2\/posts\/26224\/revisions"}],"predecessor-version":[{"id":26225,"href":"https:\/\/sindaopcpb.org.br\/index.php\/wp-json\/wp\/v2\/posts\/26224\/revisions\/26225"}],"wp:attachment":[{"href":"https:\/\/sindaopcpb.org.br\/index.php\/wp-json\/wp\/v2\/media?parent=26224"}],"wp:term":[{"taxonomy":"category","embeddable":true,"href":"https:\/\/sindaopcpb.org.br\/index.php\/wp-json\/wp\/v2\/categories?post=26224"},{"taxonomy":"post_tag","embeddable":true,"href":"https:\/\/sindaopcpb.org.br\/index.php\/wp-json\/wp\/v2\/tags?post=26224"}],"curies":[{"name":"wp","href":"https:\/\/api.w.org\/{rel}","templated":true}]}}