{"id":26218,"date":"2023-07-19T17:38:00","date_gmt":"2023-07-19T20:38:00","guid":{"rendered":"https:\/\/www.infomoney.com.br\/?p=2191550"},"modified":"2023-07-19T17:38:00","modified_gmt":"2023-07-19T20:38:00","slug":"previsto-para-agosto-projeto-voa-brasil-ainda-nao-chegou-a-casa-civil-diz-ministerio","status":"publish","type":"post","link":"https:\/\/sindaopcpb.org.br\/index.php\/2023\/07\/19\/previsto-para-agosto-projeto-voa-brasil-ainda-nao-chegou-a-casa-civil-diz-ministerio\/","title":{"rendered":"Previsto para agosto, projeto \u2018Voa Brasil\u2019 ainda n\u00e3o chegou \u00e0 Casa Civil, diz minist\u00e9rio"},"content":{"rendered":"<p><img loading=\"lazy\" width=\"300\" height=\"211\" src=\"https:\/\/www.infomoney.com.br\/wp-content\/uploads\/2019\/10\/shutterstock_520766149.jpg?fit=300%2C211&amp;quality=70&amp;strip=all\" class=\"attachment-medium size-medium wp-post-image\" alt=\"Bagagens vermelhas no terminal de um aeroporto\" decoding=\"async\" style=\"float:right; margin:0 0 10px 10px;\" srcset=\"https:\/\/www.infomoney.com.br\/wp-content\/uploads\/2019\/10\/shutterstock_520766149.jpg?w=7448&amp;quality=70&amp;strip=all 7448w, https:\/\/www.infomoney.com.br\/wp-content\/uploads\/2019\/10\/shutterstock_520766149.jpg?w=300&amp;quality=70&amp;strip=all 300w, https:\/\/www.infomoney.com.br\/wp-content\/uploads\/2019\/10\/shutterstock_520766149.jpg?w=768&amp;quality=70&amp;strip=all 768w, https:\/\/www.infomoney.com.br\/wp-content\/uploads\/2019\/10\/shutterstock_520766149.jpg?w=1280&amp;quality=70&amp;strip=all 1280w, https:\/\/www.infomoney.com.br\/wp-content\/uploads\/2019\/10\/shutterstock_520766149.jpg?w=1536&amp;quality=70&amp;strip=all 1536w, https:\/\/www.infomoney.com.br\/wp-content\/uploads\/2019\/10\/shutterstock_520766149.jpg?w=2048&amp;quality=70&amp;strip=all 2048w, https:\/\/www.infomoney.com.br\/wp-content\/uploads\/2019\/10\/shutterstock_520766149.jpg?w=150&amp;quality=70&amp;strip=all 150w, https:\/\/www.infomoney.com.br\/wp-content\/uploads\/2019\/10\/shutterstock_520766149.jpg?w=3000&amp;quality=70&amp;strip=all 3000w\" sizes=\"auto, (max-width: 300px) 100vw, 300px\" data-attachment-id=\"1344790\" data-permalink=\"https:\/\/www.infomoney.com.br\/consumo\/preco-de-passagem-aerea-cai-ate-23-com-entrada-de-low-cost-no-brasil\/attachment\/shutterstock_520766149\/\" data-orig-file=\"https:\/\/www.infomoney.com.br\/wp-content\/uploads\/2019\/10\/shutterstock_520766149.jpg?fit=7448%2C5227&amp;quality=70&amp;strip=all\" data-orig-size=\"7448,5227\" data-comments-opened=\"1\" data-image-meta=\"{&quot;aperture&quot;:&quot;0&quot;,&quot;credit&quot;:&quot;&quot;,&quot;camera&quot;:&quot;&quot;,&quot;caption&quot;:&quot;&quot;,&quot;created_timestamp&quot;:&quot;0&quot;,&quot;copyright&quot;:&quot;&quot;,&quot;focal_length&quot;:&quot;0&quot;,&quot;iso&quot;:&quot;0&quot;,&quot;shutter_speed&quot;:&quot;0&quot;,&quot;title&quot;:&quot;&quot;,&quot;orientation&quot;:&quot;0&quot;}\" data-image-title=\"Terminal de aeroporto\" data-image-description=\"&lt;p&gt;Terminal de aeroporto&lt;\/p&gt;\n\" data-image-caption=\"&lt;p&gt;(Shutterstock)&lt;\/p&gt;\n\" data-medium-file=\"https:\/\/www.infomoney.com.br\/wp-content\/uploads\/2019\/10\/shutterstock_520766149.jpg?fit=300%2C211&amp;quality=70&amp;strip=all\" data-large-file=\"https:\/\/www.infomoney.com.br\/wp-content\/uploads\/2019\/10\/shutterstock_520766149.jpg?fit=1280%2C898&amp;quality=70&amp;strip=all\" title=\"\"><\/p>\n<p>Com promessa de ser lan\u00e7ado em agosto, o projeto &#8220;Voa Brasil&#8221;, programa de passagens a\u00e9reas a R$ 200, ainda n\u00e3o foi apresentado oficialmente \u00e0 Casa Civil, segundo informou ao <i>Broadcast<\/i> (sistema de not\u00edcias em tempo real do Grupo Estado) o Minist\u00e9rio dos Portos e Aeroportos nesta quarta-feira, 19. Em mar\u00e7o, o programa ficou em xeque ao ser anunciado pelo ministro da pasta, M\u00e1rcio Fran\u00e7a, sem aval da Casa Civil.<\/p>\n<p>Na semana passada, M\u00e1rcio Fran\u00e7a confirmou ao <i>Broadcast<\/i> que o lan\u00e7amento da medida ser\u00e1 feito no pr\u00f3ximo m\u00eas. Em atualiza\u00e7\u00e3o nesta quarta-feira, o minist\u00e9rio informou que o projeto est\u00e1 na fase de \u00faltimos ajustes.<\/p>\n<p>&#8220;Assim que eles (ajustes) forem conclu\u00eddos, (o projeto) ser\u00e1 encaminhado \u00e0 Casa Civil para aprova\u00e7\u00e3o&#8221;, informou o \u00f3rg\u00e3o. O minist\u00e9rio lembra, contudo, que o programa n\u00e3o depende de medida provis\u00f3ria ou projeto de lei para existir.<\/p>\n<p>A iniciativa tamb\u00e9m n\u00e3o depender\u00e1 de subs\u00eddio do governo, sendo idealizado em formato para que as empresas possam oferecer passagens em per\u00edodos de ociosidade &#8211; os meses de mar\u00e7o, abril, maio, agosto, setembro, outubro e novembro.<\/p>\n<p>The post <a rel=\"nofollow noopener\" href=\"https:\/\/www.infomoney.com.br\/politica\/previsto-para-agosto-projeto-voa-brasil-ainda-nao-chegou-a-casa-civil-diz-ministerio\/\" target=\"_blank\">Previsto para agosto, projeto &#8216;Voa Brasil&#8217; ainda n\u00e3o chegou \u00e0 Casa Civil, diz minist\u00e9rio<\/a> appeared first on <a rel=\"nofollow noopener\" href=\"https:\/\/www.infomoney.com.br\/\" target=\"_blank\">InfoMoney<\/a>.<\/p>\n","protected":false},"excerpt":{"rendered":"<p><img loading=\"lazy\" decoding=\"async\" width=\"300\" height=\"211\" src=\"https:\/\/www.infomoney.com.br\/wp-content\/uploads\/2019\/10\/shutterstock_520766149.jpg?fit=300%2C211&amp;quality=70&amp;strip=all\" class=\"attachment-medium size-medium wp-post-image\" alt=\"Bagagens vermelhas no terminal de um aeroporto\" data-attachment-id=\"1344790\" data-permalink=\"https:\/\/www.infomoney.com.br\/consumo\/preco-de-passagem-aerea-cai-ate-23-com-entrada-de-low-cost-no-brasil\/attachment\/shutterstock_520766149\/\" data-orig-file=\"https:\/\/www.infomoney.com.br\/wp-content\/uploads\/2019\/10\/shutterstock_520766149.jpg?fit=7448%2C5227&amp;quality=70&amp;strip=all\" data-orig-size=\"7448,5227\" data-comments-opened=\"1\" data-image-meta='{\"aperture\":\"0\",\"credit\":\"\",\"camera\":\"\",\"caption\":\"\",\"created_timestamp\":\"0\",\"copyright\":\"\",\"focal_length\":\"0\",\"iso\":\"0\",\"shutter_speed\":\"0\",\"title\":\"\",\"orientation\":\"0\"}' data-image-title=\"Terminal de aeroporto\" data-image-description=\"&lt;p&gt;Terminal de aeroporto&lt;\/p&gt;\n\" data-image-caption=\"&lt;p&gt;(Shutterstock)&lt;\/p&gt;\n\" data-medium-file=\"https:\/\/www.infomoney.com.br\/wp-content\/uploads\/2019\/10\/shutterstock_520766149.jpg?fit=300%2C211&amp;quality=70&amp;strip=all\" data-large-file=\"https:\/\/www.infomoney.com.br\/wp-content\/uploads\/2019\/10\/shutterstock_520766149.jpg?fit=1280%2C898&amp;quality=70&amp;strip=all\">Iniciativa foi idealizada obedecendo formato para que as empresas possam oferecer passagens em per\u00edodos de ociosidade<\/p>\n<p>The post <a rel=\"nofollow\" href=\"https:\/\/www.infomoney.com.br\/politica\/previsto-para-agosto-projeto-voa-brasil-ainda-nao-chegou-a-casa-civil-diz-ministerio\/\">Previsto para agosto, projeto \u2018Voa Brasil\u2019 ainda n\u00e3o chegou \u00e0 Casa Civil, diz minist\u00e9rio<\/a> appeared first on <a rel=\"nofollow\" href=\"https:\/\/www.infomoney.com.br\/\">InfoMoney<\/a>.<\/p>\n","protected":false},"author":43,"featured_media":0,"comment_status":"closed","ping_status":"closed","sticky":false,"template":"","format":"standard","meta":{"advgb_blocks_editor_width":"","advgb_blocks_columns_visual_guide":"","footnotes":""},"categories":[34,187,1594,6628,47,203],"tags":[35],"class_list":["post-26218","post","type-post","status-publish","format-standard","hentry","category-g1","category-governo-federal","category-ministerio-de-portos-e-aeroportos","category-passagens-aereas","category-politica","category-viagem","tag-g1"],"author_meta":{"display_name":"Estad\u00e3o Conte\u00fado","author_link":"https:\/\/sindaopcpb.org.br\/author\/estadao-conteudo\/"},"featured_img":null,"coauthors":[],"tax_additional":{"categories":{"linked":["<a href=\"https:\/\/sindaopcpb.org.br\/g1\/\" class=\"advgb-post-tax-term\">G1<\/a>","<a href=\"https:\/\/sindaopcpb.org.br\/governo-federal\/\" class=\"advgb-post-tax-term\">Governo Federal<\/a>","<a href=\"https:\/\/sindaopcpb.org.br\/ministerio-de-portos-e-aeroportos\/\" class=\"advgb-post-tax-term\">Minist\u00e9rio de Portos e Aeroportos<\/a>","<a href=\"https:\/\/sindaopcpb.org.br\/passagens-aereas\/\" class=\"advgb-post-tax-term\">Passagens A\u00e9reas<\/a>","<a href=\"https:\/\/sindaopcpb.org.br\/politica\/\" class=\"advgb-post-tax-term\">POLITICA<\/a>","<a href=\"https:\/\/sindaopcpb.org.br\/viagem\/\" class=\"advgb-post-tax-term\">Viagem<\/a>"],"unlinked":["<span class=\"advgb-post-tax-term\">G1<\/span>","<span class=\"advgb-post-tax-term\">Governo Federal<\/span>","<span class=\"advgb-post-tax-term\">Minist\u00e9rio de Portos e Aeroportos<\/span>","<span class=\"advgb-post-tax-term\">Passagens A\u00e9reas<\/span>","<span class=\"advgb-post-tax-term\">POLITICA<\/span>","<span class=\"advgb-post-tax-term\">Viagem<\/span>"]},"tags":{"linked":["<a href=\"https:\/\/sindaopcpb.org.br\/viagem\/\" class=\"advgb-post-tax-term\">g1<\/a>"],"unlinked":["<span class=\"advgb-post-tax-term\">g1<\/span>"]}},"comment_count":"0","relative_dates":{"created":"Publicado 3 anos atr\u00e1s","modified":"Atualizado 3 anos atr\u00e1s"},"absolute_dates":{"created":"Publicado em 19 de julho de 2023","modified":"Atualizado em 19 de julho de 2023"},"absolute_dates_time":{"created":"Publicado em 19 de julho de 2023 17:38","modified":"Atualizado em 19 de julho de 2023 17:38"},"featured_img_caption":"","series_order":"","_links":{"self":[{"href":"https:\/\/sindaopcpb.org.br\/index.php\/wp-json\/wp\/v2\/posts\/26218","targetHints":{"allow":["GET"]}}],"collection":[{"href":"https:\/\/sindaopcpb.org.br\/index.php\/wp-json\/wp\/v2\/posts"}],"about":[{"href":"https:\/\/sindaopcpb.org.br\/index.php\/wp-json\/wp\/v2\/types\/post"}],"author":[{"embeddable":true,"href":"https:\/\/sindaopcpb.org.br\/index.php\/wp-json\/wp\/v2\/users\/43"}],"replies":[{"embeddable":true,"href":"https:\/\/sindaopcpb.org.br\/index.php\/wp-json\/wp\/v2\/comments?post=26218"}],"version-history":[{"count":1,"href":"https:\/\/sindaopcpb.org.br\/index.php\/wp-json\/wp\/v2\/posts\/26218\/revisions"}],"predecessor-version":[{"id":26219,"href":"https:\/\/sindaopcpb.org.br\/index.php\/wp-json\/wp\/v2\/posts\/26218\/revisions\/26219"}],"wp:attachment":[{"href":"https:\/\/sindaopcpb.org.br\/index.php\/wp-json\/wp\/v2\/media?parent=26218"}],"wp:term":[{"taxonomy":"category","embeddable":true,"href":"https:\/\/sindaopcpb.org.br\/index.php\/wp-json\/wp\/v2\/categories?post=26218"},{"taxonomy":"post_tag","embeddable":true,"href":"https:\/\/sindaopcpb.org.br\/index.php\/wp-json\/wp\/v2\/tags?post=26218"}],"curies":[{"name":"wp","href":"https:\/\/api.w.org\/{rel}","templated":true}]}}