{"id":26216,"date":"2023-07-19T17:02:55","date_gmt":"2023-07-19T20:02:55","guid":{"rendered":"https:\/\/g1.globo.com\/pb\/paraiba\/especial-publicitario\/fiep\/espaco-da-industria\/noticia\/2023\/07\/19\/fiep-atraves-do-senai-oferta-capacitacao-profissional-para-inscritos-no-cadunico.ghtml"},"modified":"2023-07-19T17:02:55","modified_gmt":"2023-07-19T20:02:55","slug":"fiep-atraves-do-senai-oferta-capacitacao-profissional-para-inscritos-no-cadunico","status":"publish","type":"post","link":"https:\/\/sindaopcpb.org.br\/index.php\/2023\/07\/19\/fiep-atraves-do-senai-oferta-capacitacao-profissional-para-inscritos-no-cadunico\/","title":{"rendered":"FIEP, atrav\u00e9s do SENAI, oferta capacita\u00e7\u00e3o profissional para inscritos no Cad\u00danico"},"content":{"rendered":"   <img src=\"https:\/\/s2.glbimg.com\/16rgjLZW6OOp6CFagsy0NBCVHjQ=\/i.s3.glbimg.com\/v1\/AUTH_59edd422c0c84a879bd37670ae4f538a\/internal_photos\/bs\/2023\/b\/J\/yN3YqkTDK8Vw8HPKl0aw\/024-imagem-de-capa.jpg\" \/><br \/>     A FIEP, atrav\u00e9s do Centro de Forma\u00e7\u00e3o Profissional Robson Braga de Andrade do SENAI, em Caapor\u00e3, vai oferecer cursos de capacita\u00e7\u00e3o nas mais diversas \u00e1reas para  pessoas inscritas no Cad\u00danico. O governador da Para\u00edba Joa\u0303o Azeve\u0302do, e o ministro do Desenvolvimento e Assiste\u0302ncia Social, Fam\u00edlia e Combate a\u0300 Fome, Wellington Dias assinaram no \u00faltimo dia 26 de junho, no Espa\u00e7o Cultural Jos\u00e9 Lins do R\u00eago, em Jo\u00e3o Pessoa, Protocolos de Inten\u00e7\u00f5es com a Federa\u00e7\u00e3o das Ind\u00fastrias do Estado da Para\u00edba \u2013 FIEP, a Federa\u00e7\u00e3o do Com\u00e9rcio de Bens e de Servi\u00e7os do Estado da Para\u00edba \u2013 FECOM\u00c9RCIO, e outras entidades empresariais para promo\u00e7\u00f5es dos Pactos Contra a Fome e de Inclus\u00e3o Socioecon\u00f4mica.\nA FIEP foi representada na solenidade por Diala Meira, coordenadora do SENAI de Caapor\u00e3. O SENAI Para\u00edba vai oferecer a partir dos pr\u00f3ximos dias cursos de capacita\u00e7\u00e3o nas mais diversas \u00e1reas atendendo as pessoas inscritas no Cad\u00danico, e no Programa Bolsa Fam\u00edli\nO governador da Para\u00edba Joa\u0303o Azeve\u0302do, e o ministro do Desenvolvimento e Assiste\u0302ncia Social, Fam\u00edlia e Combate a\u0300 Fome, Wellington Dias assinaram protocolos de Inten\u00e7\u00f5es com a Federa\u00e7\u00e3o das Ind\u00fastrias do Estado da Para\u00edba \u2013 FIEP, a Federa\u00e7\u00e3o do Com\u00e9rcio de Bens e de Servi\u00e7os do Estado da Para\u00edba \u2013 FECOM\u00c9RCIO, e outras entidades empresariais para promo\u00e7\u00f5es dos Pactos Contra a Fome e de Inclus\u00e3o Socioecon\u00f4mica.\nDilvulga\u00e7\u00e3o\/Fiep\nOs pactos Contra a Fome e de Inclus\u00e3o Socioecon\u00f4mica ter\u00e3o o objetivo de promover a\u00e7\u00f5es de combate a\u0300 inseguran\u00e7a alimentar em parceria com o Governo do Estado e promover a inser\u00e7\u00e3o no mercado de trabalho e capacita\u00e7\u00e3o profissional.\nA inten\u00e7\u00e3o e\u0301 que, por meio da oferta de oportunidades provenientes dessas parcerias, mais de 710 mil fam\u00edlias atualmente atendidas pelo PBF no estado tenham a alternativa de iniciarem sua trajet\u00f3ria profissional.  ","protected":false},"excerpt":{"rendered":"<p>        A FIEP, atrav\u00e9s do Centro de Forma\u00e7\u00e3o Profissional Robson Braga de Andrade do SENAI, em Caapor\u00e3, vai oferecer cursos de capacita\u00e7\u00e3o nas mais diversas \u00e1reas para  pessoas inscritas no Cad\u00danico. O governador da Para\u00edba Joa\u0303o Azeve\u0302do, e o ministr&#8230;<\/p>\n","protected":false},"author":2,"featured_media":0,"comment_status":"closed","ping_status":"closed","sticky":false,"template":"","format":"standard","meta":{"advgb_blocks_editor_width":"","advgb_blocks_columns_visual_guide":"","footnotes":""},"categories":[34],"tags":[35],"class_list":["post-26216","post","type-post","status-publish","format-standard","hentry","category-g1","tag-g1"],"author_meta":{"display_name":"g1 &gt; Para\u00edba","author_link":"https:\/\/sindaopcpb.org.br\/author\/g1-paraiba\/"},"featured_img":null,"coauthors":[],"tax_additional":{"categories":{"linked":["<a href=\"https:\/\/sindaopcpb.org.br\/g1\/\" class=\"advgb-post-tax-term\">G1<\/a>"],"unlinked":["<span class=\"advgb-post-tax-term\">G1<\/span>"]},"tags":{"linked":["<a href=\"https:\/\/sindaopcpb.org.br\/g1\/\" class=\"advgb-post-tax-term\">g1<\/a>"],"unlinked":["<span class=\"advgb-post-tax-term\">g1<\/span>"]}},"comment_count":"0","relative_dates":{"created":"Publicado 3 anos atr\u00e1s","modified":"Atualizado 3 anos atr\u00e1s"},"absolute_dates":{"created":"Publicado em 19 de julho de 2023","modified":"Atualizado em 19 de julho de 2023"},"absolute_dates_time":{"created":"Publicado em 19 de julho de 2023 17:02","modified":"Atualizado em 19 de julho de 2023 17:02"},"featured_img_caption":"","series_order":"","_links":{"self":[{"href":"https:\/\/sindaopcpb.org.br\/index.php\/wp-json\/wp\/v2\/posts\/26216","targetHints":{"allow":["GET"]}}],"collection":[{"href":"https:\/\/sindaopcpb.org.br\/index.php\/wp-json\/wp\/v2\/posts"}],"about":[{"href":"https:\/\/sindaopcpb.org.br\/index.php\/wp-json\/wp\/v2\/types\/post"}],"author":[{"embeddable":true,"href":"https:\/\/sindaopcpb.org.br\/index.php\/wp-json\/wp\/v2\/users\/2"}],"replies":[{"embeddable":true,"href":"https:\/\/sindaopcpb.org.br\/index.php\/wp-json\/wp\/v2\/comments?post=26216"}],"version-history":[{"count":1,"href":"https:\/\/sindaopcpb.org.br\/index.php\/wp-json\/wp\/v2\/posts\/26216\/revisions"}],"predecessor-version":[{"id":26217,"href":"https:\/\/sindaopcpb.org.br\/index.php\/wp-json\/wp\/v2\/posts\/26216\/revisions\/26217"}],"wp:attachment":[{"href":"https:\/\/sindaopcpb.org.br\/index.php\/wp-json\/wp\/v2\/media?parent=26216"}],"wp:term":[{"taxonomy":"category","embeddable":true,"href":"https:\/\/sindaopcpb.org.br\/index.php\/wp-json\/wp\/v2\/categories?post=26216"},{"taxonomy":"post_tag","embeddable":true,"href":"https:\/\/sindaopcpb.org.br\/index.php\/wp-json\/wp\/v2\/tags?post=26216"}],"curies":[{"name":"wp","href":"https:\/\/api.w.org\/{rel}","templated":true}]}}