{"id":26214,"date":"2023-07-19T15:40:48","date_gmt":"2023-07-19T18:40:48","guid":{"rendered":"https:\/\/wpa.wscom.com.br\/?p=912785"},"modified":"2023-07-19T15:40:48","modified_gmt":"2023-07-19T18:40:48","slug":"cabedelo-divulga-lista-com-empresas-selecionadas-para-permissao-de-uso-de-quiosques-na-praia-do-miramar","status":"publish","type":"post","link":"https:\/\/sindaopcpb.org.br\/index.php\/2023\/07\/19\/cabedelo-divulga-lista-com-empresas-selecionadas-para-permissao-de-uso-de-quiosques-na-praia-do-miramar\/","title":{"rendered":"Cabedelo divulga lista com empresas selecionadas para permiss\u00e3o de uso de quiosques na Praia do Miramar"},"content":{"rendered":"<p>A Prefeitura Municipal de Cabedelo (PMC), por meio da Secretaria de Turismo (Setur), divulgou o resultado final das empresas selecionadas no edital de chamamento p\u00fablico de credenciamento para permiss\u00e3o de uso quiosques na Praia do Miramar.<\/p>\n<p>A sele\u00e7\u00e3o abrangeu empresas, microempresas e\/ou empresas de pequeno porte que atuam no ramo de bares e restaurantes para outorga de Termo de Permiss\u00e3o de Uso. Ao final do processo, foram habilitados 26 inscritos.<\/p>\n<p>Segundo o edital, ap\u00f3s o resultado final, ser\u00e1 publicado Decreto do Chefe do Poder Executivo Municipal para outorgar a permiss\u00e3o de uso a todos os selecionados, conforme disposto no artigo 107, \u00a72\u00ba, da Lei Org\u00e2nica Municipal. Ap\u00f3s a publica\u00e7\u00e3o do Decreto, a Setur ir\u00e1 divulgar um data para que os selecionados compare\u00e7am ao sorteio que ir\u00e1 designar a ordem dos 16 (dezesseis) quiosques a cada permission\u00e1rio, e para que seja celebrado Termo de Permiss\u00e3o de\u00a0 Uso de Bem P\u00fablico.<\/p>\n<p><b><a href=\"https:\/\/cabedelo.pb.gov.br\/cabedelo-divulga-lista-com-empresas-selecionadas-em-chamamento-publico-para-permissao-de-uso-de-quiosques-na-praia-do-miramar\/\" rel=\"noopener nofollow\" data-saferedirecturl=\"https:\/\/www.google.com\/url?q=https:\/\/cabedelo.pb.gov.br\/cabedelo-divulga-lista-com-empresas-selecionadas-em-chamamento-publico-para-permissao-de-uso-de-quiosques-na-praia-do-miramar\/&amp;source=gmail&amp;ust=1689877586302000&amp;usg=AOvVaw1wNk1aG6c1O8Ubl_ojUKjB\" target=\"_blank\">A lista com os selecionados est\u00e1 dispon\u00edvel no site oficial da PMC.\u00a0<\/a><\/b><\/p>\n<p>Mais informa\u00e7\u00f5es podem ser obtidas na sede da Setur, das 8h \u00e0s 14h, localizada no Centro Tur\u00edstico Francisco de Oliveira &#8211; BR230, Km 0, S\/N, Centro, Cabedelo\/PB, ou atrav\u00e9s do telefone 83 9 9804. 5813 e-mail\u00a0<a href=\"mailto:setur@cabedelo.pb.gov.br\"  rel=\"noopener\">setur@cabedelo.pb.gov.br<\/a>.<\/p>\n<p>O post <a rel=\"nofollow noopener\" href=\"https:\/\/wscom.com.br\/cabedelo-divulga-lista-com-empresas-selecionadas-para-permissao-de-uso-de-quiosques-na-praia-do-miramar\/\" target=\"_blank\">Cabedelo divulga lista com empresas selecionadas para permiss\u00e3o de uso de quiosques na Praia do Miramar<\/a> apareceu primeiro em <a rel=\"nofollow noopener\" href=\"https:\/\/wscom.com.br\/\" target=\"_blank\">WSCOM<\/a>.<\/p>\n","protected":false},"excerpt":{"rendered":"<p>A Prefeitura Municipal de Cabedelo (PMC), por meio da Secretaria de Turismo (Setur), divulgou o resultado final das empresas selecionadas no edital de chamamento p\u00fablico de credenciamento para permiss\u00e3o de uso quiosques na Praia do Miramar. A sele\u00e7\u00e3o abrangeu empresas, microempresas e\/ou empresas de pequeno porte que atuam no ramo de bares e restaurantes para [\u2026]<\/p>\n<p>O post <a rel=\"nofollow\" href=\"https:\/\/wscom.com.br\/cabedelo-divulga-lista-com-empresas-selecionadas-para-permissao-de-uso-de-quiosques-na-praia-do-miramar\/\">Cabedelo divulga lista com empresas selecionadas para permiss\u00e3o de uso de quiosques na Praia do Miramar<\/a> apareceu primeiro em <a rel=\"nofollow\" href=\"https:\/\/wscom.com.br\/\">WSCOM<\/a>.<\/p>\n","protected":false},"author":49,"featured_media":0,"comment_status":"closed","ping_status":"closed","sticky":false,"template":"","format":"standard","meta":{"advgb_blocks_editor_width":"","advgb_blocks_columns_visual_guide":"","footnotes":""},"categories":[5954,471,34,54,4052,202,6627],"tags":[35],"class_list":["post-26214","post","type-post","status-publish","format-standard","hentry","category-bares-e-restaurantes","category-cabedelo","category-g1","category-paraiba","category-praia-do-miramar","category-turismo","category-uso-de-quiosques","tag-g1"],"author_meta":{"display_name":"Cristiane Cavalcante","author_link":"https:\/\/sindaopcpb.org.br\/author\/cristiane-cavalcante\/"},"featured_img":null,"coauthors":[],"tax_additional":{"categories":{"linked":["<a href=\"https:\/\/sindaopcpb.org.br\/bares-e-restaurantes\/\" class=\"advgb-post-tax-term\">Bares e Restaurantes<\/a>","<a href=\"https:\/\/sindaopcpb.org.br\/cabedelo\/\" class=\"advgb-post-tax-term\">cabedelo<\/a>","<a href=\"https:\/\/sindaopcpb.org.br\/g1\/\" class=\"advgb-post-tax-term\">G1<\/a>","<a href=\"https:\/\/sindaopcpb.org.br\/paraiba\/\" class=\"advgb-post-tax-term\">Para\u00edba<\/a>","<a href=\"https:\/\/sindaopcpb.org.br\/praia-do-miramar\/\" class=\"advgb-post-tax-term\">Praia do Miramar<\/a>","<a href=\"https:\/\/sindaopcpb.org.br\/turismo\/\" class=\"advgb-post-tax-term\">Turismo<\/a>","<a href=\"https:\/\/sindaopcpb.org.br\/uso-de-quiosques\/\" class=\"advgb-post-tax-term\">uso de quiosques<\/a>"],"unlinked":["<span class=\"advgb-post-tax-term\">Bares e Restaurantes<\/span>","<span class=\"advgb-post-tax-term\">cabedelo<\/span>","<span class=\"advgb-post-tax-term\">G1<\/span>","<span class=\"advgb-post-tax-term\">Para\u00edba<\/span>","<span class=\"advgb-post-tax-term\">Praia do Miramar<\/span>","<span class=\"advgb-post-tax-term\">Turismo<\/span>","<span class=\"advgb-post-tax-term\">uso de quiosques<\/span>"]},"tags":{"linked":["<a href=\"https:\/\/sindaopcpb.org.br\/uso-de-quiosques\/\" class=\"advgb-post-tax-term\">g1<\/a>"],"unlinked":["<span class=\"advgb-post-tax-term\">g1<\/span>"]}},"comment_count":"0","relative_dates":{"created":"Publicado 3 anos atr\u00e1s","modified":"Atualizado 3 anos atr\u00e1s"},"absolute_dates":{"created":"Publicado em 19 de julho de 2023","modified":"Atualizado em 19 de julho de 2023"},"absolute_dates_time":{"created":"Publicado em 19 de julho de 2023 15:40","modified":"Atualizado em 19 de julho de 2023 15:40"},"featured_img_caption":"","series_order":"","_links":{"self":[{"href":"https:\/\/sindaopcpb.org.br\/index.php\/wp-json\/wp\/v2\/posts\/26214","targetHints":{"allow":["GET"]}}],"collection":[{"href":"https:\/\/sindaopcpb.org.br\/index.php\/wp-json\/wp\/v2\/posts"}],"about":[{"href":"https:\/\/sindaopcpb.org.br\/index.php\/wp-json\/wp\/v2\/types\/post"}],"author":[{"embeddable":true,"href":"https:\/\/sindaopcpb.org.br\/index.php\/wp-json\/wp\/v2\/users\/49"}],"replies":[{"embeddable":true,"href":"https:\/\/sindaopcpb.org.br\/index.php\/wp-json\/wp\/v2\/comments?post=26214"}],"version-history":[{"count":1,"href":"https:\/\/sindaopcpb.org.br\/index.php\/wp-json\/wp\/v2\/posts\/26214\/revisions"}],"predecessor-version":[{"id":26215,"href":"https:\/\/sindaopcpb.org.br\/index.php\/wp-json\/wp\/v2\/posts\/26214\/revisions\/26215"}],"wp:attachment":[{"href":"https:\/\/sindaopcpb.org.br\/index.php\/wp-json\/wp\/v2\/media?parent=26214"}],"wp:term":[{"taxonomy":"category","embeddable":true,"href":"https:\/\/sindaopcpb.org.br\/index.php\/wp-json\/wp\/v2\/categories?post=26214"},{"taxonomy":"post_tag","embeddable":true,"href":"https:\/\/sindaopcpb.org.br\/index.php\/wp-json\/wp\/v2\/tags?post=26214"}],"curies":[{"name":"wp","href":"https:\/\/api.w.org\/{rel}","templated":true}]}}