{"id":26193,"date":"2023-07-19T15:15:28","date_gmt":"2023-07-19T18:15:28","guid":{"rendered":"https:\/\/wpa.wscom.com.br\/?p=912784"},"modified":"2023-07-19T15:15:28","modified_gmt":"2023-07-19T18:15:28","slug":"pt-de-santa-rita-aprova-resolucao-indicando-ricardo-coutinho-para-concorrer-a-prefeitura-em-2024","status":"publish","type":"post","link":"https:\/\/sindaopcpb.org.br\/index.php\/2023\/07\/19\/pt-de-santa-rita-aprova-resolucao-indicando-ricardo-coutinho-para-concorrer-a-prefeitura-em-2024\/","title":{"rendered":"PT de Santa Rita aprova resolu\u00e7\u00e3o indicando Ricardo Coutinho para concorrer \u00e0 prefeitura em 2024"},"content":{"rendered":"<p>O ex-governador Ricardo Coutinho (PT) poder\u00e1 concorrer \u00e0 prefeitura de Santa Rita, na Regi\u00e3o Metropolitana de Jo\u00e3o Pessoa, em 2024. A possibilidade foi confirmada pelo presidente do PT no munic\u00edpio, Severino Le\u00f4ncio. Coutinho enfrenta processos relacionados \u00e0 opera\u00e7\u00e3o Calv\u00e1rio, mas j\u00e1 est\u00e1 eleg\u00edvel para disputar elei\u00e7\u00f5es. Seu nome recebe apoio da Federa\u00e7\u00e3o Brasil, uma coaliz\u00e3o formada pelo PT, PCdoB e PV da cidade.<\/p>\n<p>As siglas, com exce\u00e7\u00e3o do PV devido ao fato de ainda n\u00e3o possuir diret\u00f3rio na cidade, decidiram indicar o nome do ex-governador Ricardo Coutinho (PT) como pr\u00e9-candidato \u00e0 prefeito para as elei\u00e7\u00f5es do pr\u00f3ximo ano no munic\u00edpio. A decis\u00e3o foi homologada em ata e deve seguir para as executivas nacional e estadual nos pr\u00f3ximos dias.<\/p>\n<p>\u201cDiante da leitura do contexto pol\u00edtico municipal, vimos \u00e0 import\u00e2ncia da FE Brasil lan\u00e7ar candidatura a prefeito e vereadores em nossa cidade e assim, portanto, foi deliberado em consenso o encaminhamento para dire\u00e7\u00e3o nacional do nome do companheiro Ricardo Coutinho como pr\u00e9-candidato a prefeito de nossa cidade, essa decis\u00e3o tamb\u00e9m ser\u00e1 encaminhada para inst\u00e2ncia estadual\u201d, diz trecho do documento.<\/p>\n<p>Coutinho deixou o governo da Para\u00edba em 2018 e enfrentou derrotas nas elei\u00e7\u00f5es municipais e para o Senado nos anos seguintes. A disputa em Santa Rita poderia ser uma oportunidade de recome\u00e7o pol\u00edtico para ele.<\/p>\n<p>O ex-governador ainda \u00e9 alvo de a\u00e7\u00f5es decorrentes da opera\u00e7\u00e3o Calv\u00e1rio, do Minist\u00e9rio P\u00fablico da Para\u00edba. Na seara eleitoral, ele j\u00e1 est\u00e1 livre da inelegibilidade imposta pelo Tribunal Superior Eleitoral (TSE).<\/p>\n<p>O post <a rel=\"nofollow noopener\" href=\"https:\/\/wscom.com.br\/pt-de-santa-rita-aprova-resolucao-indicando-ricardo-coutinho-para-concorrer-a-prefeitura-em-2024\/\" target=\"_blank\">PT de Santa Rita aprova resolu\u00e7\u00e3o indicando Ricardo Coutinho para concorrer \u00e0 prefeitura em 2024<\/a> apareceu primeiro em <a rel=\"nofollow noopener\" href=\"https:\/\/wscom.com.br\/\" target=\"_blank\">WSCOM<\/a>.<\/p>\n","protected":false},"excerpt":{"rendered":"<p>O ex-governador Ricardo Coutinho (PT) poder\u00e1 concorrer \u00e0 prefeitura de Santa Rita, na Regi\u00e3o Metropolitana de Jo\u00e3o Pessoa, em 2024. A possibilidade foi confirmada pelo presidente do PT no munic\u00edpio, Severino Le\u00f4ncio. Coutinho enfrenta processos relacionados \u00e0 opera\u00e7\u00e3o Calv\u00e1rio, mas j\u00e1 est\u00e1 eleg\u00edvel para disputar elei\u00e7\u00f5es. Seu nome recebe apoio da Federa\u00e7\u00e3o Brasil, uma coaliz\u00e3o [\u2026]<\/p>\n<p>O post <a rel=\"nofollow\" href=\"https:\/\/wscom.com.br\/pt-de-santa-rita-aprova-resolucao-indicando-ricardo-coutinho-para-concorrer-a-prefeitura-em-2024\/\">PT de Santa Rita aprova resolu\u00e7\u00e3o indicando Ricardo Coutinho para concorrer \u00e0 prefeitura em 2024<\/a> apareceu primeiro em <a rel=\"nofollow\" href=\"https:\/\/wscom.com.br\/\">WSCOM<\/a>.<\/p>\n","protected":false},"author":49,"featured_media":0,"comment_status":"closed","ping_status":"closed","sticky":false,"template":"","format":"standard","meta":{"advgb_blocks_editor_width":"","advgb_blocks_columns_visual_guide":"","footnotes":""},"categories":[333,34,47,3014,384],"tags":[35],"class_list":["post-26193","post","type-post","status-publish","format-standard","hentry","category-eleicoes-2024","category-g1","category-politica","category-ricardo-coutinho","category-santa-rita","tag-g1"],"author_meta":{"display_name":"Cristiane Cavalcante","author_link":"https:\/\/sindaopcpb.org.br\/author\/cristiane-cavalcante\/"},"featured_img":null,"coauthors":[],"tax_additional":{"categories":{"linked":["<a href=\"https:\/\/sindaopcpb.org.br\/eleicoes-2024\/\" class=\"advgb-post-tax-term\">elei\u00e7\u00f5es 2024<\/a>","<a href=\"https:\/\/sindaopcpb.org.br\/g1\/\" class=\"advgb-post-tax-term\">G1<\/a>","<a href=\"https:\/\/sindaopcpb.org.br\/politica\/\" class=\"advgb-post-tax-term\">POLITICA<\/a>","<a href=\"https:\/\/sindaopcpb.org.br\/ricardo-coutinho\/\" class=\"advgb-post-tax-term\">ricardo coutinho<\/a>","<a href=\"https:\/\/sindaopcpb.org.br\/santa-rita\/\" class=\"advgb-post-tax-term\">santa rita<\/a>"],"unlinked":["<span class=\"advgb-post-tax-term\">elei\u00e7\u00f5es 2024<\/span>","<span class=\"advgb-post-tax-term\">G1<\/span>","<span class=\"advgb-post-tax-term\">POLITICA<\/span>","<span class=\"advgb-post-tax-term\">ricardo coutinho<\/span>","<span class=\"advgb-post-tax-term\">santa rita<\/span>"]},"tags":{"linked":["<a href=\"https:\/\/sindaopcpb.org.br\/santa-rita\/\" class=\"advgb-post-tax-term\">g1<\/a>"],"unlinked":["<span class=\"advgb-post-tax-term\">g1<\/span>"]}},"comment_count":"0","relative_dates":{"created":"Publicado 3 anos atr\u00e1s","modified":"Atualizado 3 anos atr\u00e1s"},"absolute_dates":{"created":"Publicado em 19 de julho de 2023","modified":"Atualizado em 19 de julho de 2023"},"absolute_dates_time":{"created":"Publicado em 19 de julho de 2023 15:15","modified":"Atualizado em 19 de julho de 2023 15:15"},"featured_img_caption":"","series_order":"","_links":{"self":[{"href":"https:\/\/sindaopcpb.org.br\/index.php\/wp-json\/wp\/v2\/posts\/26193","targetHints":{"allow":["GET"]}}],"collection":[{"href":"https:\/\/sindaopcpb.org.br\/index.php\/wp-json\/wp\/v2\/posts"}],"about":[{"href":"https:\/\/sindaopcpb.org.br\/index.php\/wp-json\/wp\/v2\/types\/post"}],"author":[{"embeddable":true,"href":"https:\/\/sindaopcpb.org.br\/index.php\/wp-json\/wp\/v2\/users\/49"}],"replies":[{"embeddable":true,"href":"https:\/\/sindaopcpb.org.br\/index.php\/wp-json\/wp\/v2\/comments?post=26193"}],"version-history":[{"count":1,"href":"https:\/\/sindaopcpb.org.br\/index.php\/wp-json\/wp\/v2\/posts\/26193\/revisions"}],"predecessor-version":[{"id":26194,"href":"https:\/\/sindaopcpb.org.br\/index.php\/wp-json\/wp\/v2\/posts\/26193\/revisions\/26194"}],"wp:attachment":[{"href":"https:\/\/sindaopcpb.org.br\/index.php\/wp-json\/wp\/v2\/media?parent=26193"}],"wp:term":[{"taxonomy":"category","embeddable":true,"href":"https:\/\/sindaopcpb.org.br\/index.php\/wp-json\/wp\/v2\/categories?post=26193"},{"taxonomy":"post_tag","embeddable":true,"href":"https:\/\/sindaopcpb.org.br\/index.php\/wp-json\/wp\/v2\/tags?post=26193"}],"curies":[{"name":"wp","href":"https:\/\/api.w.org\/{rel}","templated":true}]}}