{"id":26189,"date":"2023-07-19T15:00:10","date_gmt":"2023-07-19T18:00:10","guid":{"rendered":"https:\/\/g1.globo.com\/pb\/paraiba\/noticia\/2023\/07\/19\/policia-investiga-se-incendio-em-onibus-de-joao-pessoa-foi-acao-ordenada-por-organizacao-criminosa.ghtml"},"modified":"2023-07-19T15:00:10","modified_gmt":"2023-07-19T18:00:10","slug":"policia-investiga-se-incendio-em-onibus-de-joao-pessoa-foi-acao-ordenada-por-organizacao-criminosa","status":"publish","type":"post","link":"https:\/\/sindaopcpb.org.br\/index.php\/2023\/07\/19\/policia-investiga-se-incendio-em-onibus-de-joao-pessoa-foi-acao-ordenada-por-organizacao-criminosa\/","title":{"rendered":"Pol\u00edcia investiga se inc\u00eandio em \u00f4nibus de Jo\u00e3o Pessoa foi a\u00e7\u00e3o ordenada por organiza\u00e7\u00e3o criminosa"},"content":{"rendered":"   <img src=\"https:\/\/s2.glbimg.com\/ibZ1-7mBM91dc6dkGZDaDb_jiZ4=\/i.s3.glbimg.com\/v1\/AUTH_59edd422c0c84a879bd37670ae4f538a\/internal_photos\/bs\/2023\/8\/K\/BZcrAiRcA8IALhuPVS5w\/onibus-1.jpg\" \/><br \/>     Possibilidade de assalto foi descartada, mas for\u00e7a-tarefa segue v\u00e1rias linhas de investiga\u00e7\u00e3o. \u00d4nibus ficou completamente destru\u00eddo ap\u00f3s ser incendiado com passageiros e motorista dentro, em Jo\u00e3o Pessoa\nReprodu\u00e7\u00e3o\/TV Cabo Branco\nA Pol\u00edcia Civil da Para\u00edba investiga se o inc\u00eandio em um \u00f4nibus do transporte p\u00fablico de Jo\u00e3o Pessoa, na noite da ter\u00e7a-feira (18), pode ter sido ordenado por organiza\u00e7\u00e3o criminosa. Segundo a Superintendente da Pol\u00edcia Civil na capital, muitas linhas de investiga\u00e7\u00e3o est\u00e3o sendo seguidas no momento por uma for\u00e7a-tarefa que atua no caso.\nUma das v\u00edtimas relatou que n\u00e3o houve an\u00fancio de assalto durante a a\u00e7\u00e3o da dupla armada que invadiu o coletivo que faz a linha 600, entre os bairros de Bessa e Varadouro. Eles obrigaram o motorista e cinco passageiros a permanecerem no \u00f4nibus, atiraram garrafas com combust\u00edvel e atearam fogo. Com o assalto descartado, h\u00e1 possibilidade de atua\u00e7\u00e3o de organiza\u00e7\u00e3o criminosa, informa a superintendente Sileide Azevedo.\n\"As for\u00e7as de seguran\u00e7a do estado da Para\u00edba est\u00e3o empenhadas desde que o caso aconteceu na busca dos autores do crime\", garante Sileide Azevedo. \nO secret\u00e1rio de Seguran\u00e7a e Defesa Social, Jean Nunes, informou \u00e0 CBN Jo\u00e3o Pessoa que as pol\u00edcias intensificaram o policiamento nas \u00e1reas poss\u00edveis que podem ter rela\u00e7\u00e3o com esse fato.\n\u00d4nibus \u00e9 incendiado e passageiros e motorista s\u00e3o impedidos de sair do ve\u00edculo\nA\u00e7\u00e3o n\u00e3o ficou registrada em v\u00eddeo porque c\u00e2mera foi destru\u00edda pelo fogo\nA for\u00e7a tarefa formada pelos \u00f3rg\u00e3os de seguran\u00e7a p\u00fablica, Pol\u00edcia Federal e Minist\u00e9rio P\u00fablico, em atua\u00e7\u00e3o desde 2022 no combate e repress\u00e3o ao crime organizado e a crimes violentos ser\u00e1 respons\u00e1vel por investigar as motiva\u00e7\u00f5es do crime. \u201cPara que a gente possa chegar num diagn\u00f3stico mais preciso, identificando os autores desse crime e evitando que outros possam acontecer aqui no estado\u201d, informa.\nMotorista e passageiros ficam feridos ap\u00f3s criminosos atearem fogo em \u00f4nibus em Jo\u00e3o Pessoa\nV\u00eddeos mais assistidos do g1 Para\u00edba  ","protected":false},"excerpt":{"rendered":"<p>        Possibilidade de assalto foi descartada, mas for\u00e7a-tarefa segue v\u00e1rias linhas de investiga\u00e7\u00e3o. \u00d4nibus ficou completamente destru\u00eddo ap\u00f3s ser incendiado com passageiros e motorista dentro, em Jo\u00e3o Pessoa<br \/>\nReprodu\u00e7\u00e3o\/TV Cabo Branco<br \/>\nA Pol\u00edcia Civil&#8230;<\/p>\n","protected":false},"author":2,"featured_media":0,"comment_status":"closed","ping_status":"closed","sticky":false,"template":"","format":"standard","meta":{"advgb_blocks_editor_width":"","advgb_blocks_columns_visual_guide":"","footnotes":""},"categories":[34],"tags":[35],"class_list":["post-26189","post","type-post","status-publish","format-standard","hentry","category-g1","tag-g1"],"author_meta":{"display_name":"g1 &gt; Para\u00edba","author_link":"https:\/\/sindaopcpb.org.br\/author\/g1-paraiba\/"},"featured_img":null,"coauthors":[],"tax_additional":{"categories":{"linked":["<a href=\"https:\/\/sindaopcpb.org.br\/g1\/\" class=\"advgb-post-tax-term\">G1<\/a>"],"unlinked":["<span class=\"advgb-post-tax-term\">G1<\/span>"]},"tags":{"linked":["<a href=\"https:\/\/sindaopcpb.org.br\/g1\/\" class=\"advgb-post-tax-term\">g1<\/a>"],"unlinked":["<span class=\"advgb-post-tax-term\">g1<\/span>"]}},"comment_count":"0","relative_dates":{"created":"Publicado 3 anos atr\u00e1s","modified":"Atualizado 3 anos atr\u00e1s"},"absolute_dates":{"created":"Publicado em 19 de julho de 2023","modified":"Atualizado em 19 de julho de 2023"},"absolute_dates_time":{"created":"Publicado em 19 de julho de 2023 15:00","modified":"Atualizado em 19 de julho de 2023 15:00"},"featured_img_caption":"","series_order":"","_links":{"self":[{"href":"https:\/\/sindaopcpb.org.br\/index.php\/wp-json\/wp\/v2\/posts\/26189","targetHints":{"allow":["GET"]}}],"collection":[{"href":"https:\/\/sindaopcpb.org.br\/index.php\/wp-json\/wp\/v2\/posts"}],"about":[{"href":"https:\/\/sindaopcpb.org.br\/index.php\/wp-json\/wp\/v2\/types\/post"}],"author":[{"embeddable":true,"href":"https:\/\/sindaopcpb.org.br\/index.php\/wp-json\/wp\/v2\/users\/2"}],"replies":[{"embeddable":true,"href":"https:\/\/sindaopcpb.org.br\/index.php\/wp-json\/wp\/v2\/comments?post=26189"}],"version-history":[{"count":1,"href":"https:\/\/sindaopcpb.org.br\/index.php\/wp-json\/wp\/v2\/posts\/26189\/revisions"}],"predecessor-version":[{"id":26190,"href":"https:\/\/sindaopcpb.org.br\/index.php\/wp-json\/wp\/v2\/posts\/26189\/revisions\/26190"}],"wp:attachment":[{"href":"https:\/\/sindaopcpb.org.br\/index.php\/wp-json\/wp\/v2\/media?parent=26189"}],"wp:term":[{"taxonomy":"category","embeddable":true,"href":"https:\/\/sindaopcpb.org.br\/index.php\/wp-json\/wp\/v2\/categories?post=26189"},{"taxonomy":"post_tag","embeddable":true,"href":"https:\/\/sindaopcpb.org.br\/index.php\/wp-json\/wp\/v2\/tags?post=26189"}],"curies":[{"name":"wp","href":"https:\/\/api.w.org\/{rel}","templated":true}]}}