{"id":26185,"date":"2023-07-19T13:15:00","date_gmt":"2023-07-19T16:15:00","guid":{"rendered":"https:\/\/www.infomoney.com.br\/?p=2190953"},"modified":"2023-07-19T13:15:00","modified_gmt":"2023-07-19T16:15:00","slug":"favaro-retomada-da-exportacao-de-carne-de-frango-de-sc-ao-japao-sera-prioridade","status":"publish","type":"post","link":"https:\/\/sindaopcpb.org.br\/index.php\/2023\/07\/19\/favaro-retomada-da-exportacao-de-carne-de-frango-de-sc-ao-japao-sera-prioridade\/","title":{"rendered":"F\u00e1varo: retomada da exporta\u00e7\u00e3o de carne de frango de SC ao Jap\u00e3o ser\u00e1 prioridade"},"content":{"rendered":"<p><img loading=\"lazy\" width=\"300\" height=\"200\" src=\"https:\/\/www.infomoney.com.br\/wp-content\/uploads\/2022\/12\/Captura-de-Tela-2022-12-06-as-18.12.18.png?fit=300%2C200&amp;quality=70&amp;strip=all\" class=\"attachment-medium size-medium wp-post-image\" alt=\"Senador Carlos F\u00e1varo (Foto: Pedro Fran\u00e7a\/Ag\u00eancia Senado)\" decoding=\"async\" style=\"float:right; margin:0 0 10px 10px;\" srcset=\"https:\/\/www.infomoney.com.br\/wp-content\/uploads\/2022\/12\/Captura-de-Tela-2022-12-06-as-18.12.18.png?w=959&amp;quality=70&amp;strip=all 959w, https:\/\/www.infomoney.com.br\/wp-content\/uploads\/2022\/12\/Captura-de-Tela-2022-12-06-as-18.12.18.png?w=300&amp;quality=70&amp;strip=all 300w, https:\/\/www.infomoney.com.br\/wp-content\/uploads\/2022\/12\/Captura-de-Tela-2022-12-06-as-18.12.18.png?w=768&amp;quality=70&amp;strip=all 768w, https:\/\/www.infomoney.com.br\/wp-content\/uploads\/2022\/12\/Captura-de-Tela-2022-12-06-as-18.12.18.png?w=150&amp;quality=70&amp;strip=all 150w\" sizes=\"auto, (max-width: 300px) 100vw, 300px\" data-attachment-id=\"2001103\" data-permalink=\"https:\/\/www.infomoney.com.br\/politica\/senador-favaro-lidera-corrida-para-ser-ministro-da-agricultura-de-lula-dizem-fontes\/attachment\/captura-de-tela-2022-12-06-as-18-12-18\/\" data-orig-file=\"https:\/\/www.infomoney.com.br\/wp-content\/uploads\/2022\/12\/Captura-de-Tela-2022-12-06-as-18.12.18.png?fit=959%2C638&amp;quality=70&amp;strip=all\" data-orig-size=\"959,638\" data-comments-opened=\"0\" data-image-meta=\"{&quot;aperture&quot;:&quot;0&quot;,&quot;credit&quot;:&quot;&quot;,&quot;camera&quot;:&quot;&quot;,&quot;caption&quot;:&quot;&quot;,&quot;created_timestamp&quot;:&quot;0&quot;,&quot;copyright&quot;:&quot;&quot;,&quot;focal_length&quot;:&quot;0&quot;,&quot;iso&quot;:&quot;0&quot;,&quot;shutter_speed&quot;:&quot;0&quot;,&quot;title&quot;:&quot;&quot;,&quot;orientation&quot;:&quot;0&quot;}\" data-image-title=\"Senador Carlos F\u00e1varo (Foto: Pedro Fran\u00e7a\/Ag\u00eancia Senado)\" data-image-description=\"&lt;p&gt;Senador Carlos F\u00e1varo (Foto: Pedro Fran\u00e7a\/Ag\u00eancia Senado)&lt;\/p&gt;\n\" data-image-caption=\"&lt;p&gt;Senador Carlos F\u00e1varo (Foto: Pedro Fran\u00e7a\/Ag\u00eancia Senado)&lt;\/p&gt;\n\" data-medium-file=\"https:\/\/www.infomoney.com.br\/wp-content\/uploads\/2022\/12\/Captura-de-Tela-2022-12-06-as-18.12.18.png?fit=300%2C200&amp;quality=70&amp;strip=all\" data-large-file=\"https:\/\/www.infomoney.com.br\/wp-content\/uploads\/2022\/12\/Captura-de-Tela-2022-12-06-as-18.12.18.png?fit=959%2C638&amp;quality=70&amp;strip=all\" title=\"\"><\/p>\n<p>O ministro da Agricultura, Carlos F\u00e1varo, garantiu ao governador de Santa Catarina, Jorginho Mello (PL), que a retomada das exporta\u00e7\u00f5es de carne de frango do Estado ao Jap\u00e3o ser\u00e1 a prioridade na miss\u00e3o ministerial ao pa\u00eds na pr\u00f3xima semana, informou o minist\u00e9rio, em nota. &#8220;O Jap\u00e3o est\u00e1 tendo um protocolo mais r\u00edgido, que est\u00e1 sendo revisado pelo mundo todo. Ent\u00e3o passou a ser prioridade n\u00famero um da nossa miss\u00e3o. J\u00e1 estamos em tratativas para rediscuss\u00e3o desse protocolo, j\u00e1 que o Brasil continua com garantia de sanidade&#8221;, disse o ministro, conforme a nota. O ministro viajar\u00e1 na pr\u00f3xima sexta-feira (21) ao pa\u00eds asi\u00e1tico.<\/p>\n<p>A manifesta\u00e7\u00e3o ocorreu ap\u00f3s reuni\u00e3o do ministro com o governador catarinense na tarde desta ter\u00e7a-feira (18). No encontro, F\u00e1varo ressaltou que o Brasil \u00e9 um dos apenas quatro pa\u00edses do mundo sem detec\u00e7\u00e3o de influenza avi\u00e1ria de alta patogenicidade em produ\u00e7\u00e3o comercial.<\/p>\n<p>O Jap\u00e3o suspendeu as importa\u00e7\u00f5es de produtos av\u00edcolas do Estado ap\u00f3s a confirma\u00e7\u00e3o de um caso de gripe avi\u00e1ria em produ\u00e7\u00e3o de subsist\u00eancia, de cria\u00e7\u00e3o dom\u00e9stica, no munic\u00edpio de Maracaj\u00e1. O Estado \u00e9 o segundo maior produtor e exportador de frango do Pa\u00eds. &#8220;Viemos aqui refor\u00e7ar a preocupa\u00e7\u00e3o de Santa Catarina, pela import\u00e2ncia e pelo que representa para a economia do Estado a produ\u00e7\u00e3o da carne avi\u00e1ria&#8221;, destacou o governador.<\/p>\n<p>De acordo com o minist\u00e9rio, as aves da propriedade com foco registrado de IAAP eram de m\u00faltiplas esp\u00e9cies, criadas soltas e n\u00e3o eram destinadas \u00e0 produ\u00e7\u00e3o de produtos para comercializa\u00e7\u00e3o. Segundo a pasta, o local est\u00e1 interditado e todas as aves foram eutanasiadas e as carca\u00e7as foram destru\u00eddas e enterradas.<\/p>\n<p>O embargo japon\u00eas contraria a resolu\u00e7\u00e3o do C\u00f3digo Sanit\u00e1rio de Animais Terrestres da Organiza\u00e7\u00e3o Mundial de Sa\u00fade Animal (OMSA), que prev\u00ea que a ocorr\u00eancia da infec\u00e7\u00e3o pelo v\u00edrus em aves silvestres e dom\u00e9sticas de subsist\u00eancia n\u00e3o compromete a condi\u00e7\u00e3o do Brasil como pa\u00eds livre de IAAP. A decis\u00e3o de suspens\u00e3o da importa\u00e7\u00e3o de aves vivas e carne de aves de Santa Catarina foi comunicada pelo Minist\u00e9rio da Agricultura, Florestas e Pesca do Jap\u00e3o (MAFF) ao governo brasileiro, at\u00e9 que a pasta encaminhe informa\u00e7\u00f5es detalhadas sobre o caso. O minist\u00e9rio afirma que j\u00e1 enviou os esclarecimentos demandados. &#8220;O Mapa segue trabalhando para que o impacto das restri\u00e7\u00f5es seja o menor poss\u00edvel aos exportadores brasileiros&#8221;, observou a pasta na nota.<\/p>\n<p>The post <a rel=\"nofollow noopener\" href=\"https:\/\/www.infomoney.com.br\/politica\/favaro-retomada-da-exportacao-de-carne-de-frango-de-sc-ao-japao-sera-prioridade\/\" target=\"_blank\">F\u00e1varo: retomada da exporta\u00e7\u00e3o de carne de frango de SC ao Jap\u00e3o ser\u00e1 prioridade<\/a> appeared first on <a rel=\"nofollow noopener\" href=\"https:\/\/www.infomoney.com.br\/\" target=\"_blank\">InfoMoney<\/a>.<\/p>\n","protected":false},"excerpt":{"rendered":"<p><img loading=\"lazy\" decoding=\"async\" width=\"300\" height=\"200\" src=\"https:\/\/www.infomoney.com.br\/wp-content\/uploads\/2022\/12\/Captura-de-Tela-2022-12-06-as-18.12.18.png?fit=300%2C200&amp;quality=70&amp;strip=all\" class=\"attachment-medium size-medium wp-post-image\" alt=\"Senador Carlos F\u00e1varo (Foto: Pedro Fran\u00e7a\/Ag\u00eancia Senado)\" data-attachment-id=\"2001103\" data-permalink=\"https:\/\/www.infomoney.com.br\/politica\/senador-favaro-lidera-corrida-para-ser-ministro-da-agricultura-de-lula-dizem-fontes\/attachment\/captura-de-tela-2022-12-06-as-18-12-18\/\" data-orig-file=\"https:\/\/www.infomoney.com.br\/wp-content\/uploads\/2022\/12\/Captura-de-Tela-2022-12-06-as-18.12.18.png?fit=959%2C638&amp;quality=70&amp;strip=all\" data-orig-size=\"959,638\" data-comments-opened=\"0\" data-image-meta='{\"aperture\":\"0\",\"credit\":\"\",\"camera\":\"\",\"caption\":\"\",\"created_timestamp\":\"0\",\"copyright\":\"\",\"focal_length\":\"0\",\"iso\":\"0\",\"shutter_speed\":\"0\",\"title\":\"\",\"orientation\":\"0\"}' data-image-title=\"Senador Carlos F\u00e1varo (Foto: Pedro Fran\u00e7a\/Ag\u00eancia Senado)\" data-image-description=\"&lt;p&gt;Senador Carlos F\u00e1varo (Foto: Pedro Fran\u00e7a\/Ag\u00eancia Senado)&lt;\/p&gt;\n\" data-image-caption=\"&lt;p&gt;Senador Carlos F\u00e1varo (Foto: Pedro Fran\u00e7a\/Ag\u00eancia Senado)&lt;\/p&gt;\n\" data-medium-file=\"https:\/\/www.infomoney.com.br\/wp-content\/uploads\/2022\/12\/Captura-de-Tela-2022-12-06-as-18.12.18.png?fit=300%2C200&amp;quality=70&amp;strip=all\" data-large-file=\"https:\/\/www.infomoney.com.br\/wp-content\/uploads\/2022\/12\/Captura-de-Tela-2022-12-06-as-18.12.18.png?fit=959%2C638&amp;quality=70&amp;strip=all\">manifesta\u00e7\u00e3o ocorreu ap\u00f3s reuni\u00e3o do ministro com o governador catarinense, Jorginho Mello, na tarde de ter\u00e7a-feira<\/p>\n<p>The post <a rel=\"nofollow\" href=\"https:\/\/www.infomoney.com.br\/politica\/favaro-retomada-da-exportacao-de-carne-de-frango-de-sc-ao-japao-sera-prioridade\/\">F\u00e1varo: retomada da exporta\u00e7\u00e3o de carne de frango de SC ao Jap\u00e3o ser\u00e1 prioridade<\/a> appeared first on <a rel=\"nofollow\" href=\"https:\/\/www.infomoney.com.br\/\">InfoMoney<\/a>.<\/p>\n","protected":false},"author":43,"featured_media":0,"comment_status":"closed","ping_status":"closed","sticky":false,"template":"","format":"standard","meta":{"advgb_blocks_editor_width":"","advgb_blocks_columns_visual_guide":"","footnotes":""},"categories":[6606,2124,34,3753,2476,1714,47],"tags":[35],"class_list":["post-26185","post","type-post","status-publish","format-standard","hentry","category-carlos-favaro","category-exportacoes","category-g1","category-gripe-aviaria","category-japao","category-ministerio-da-agricultura","category-politica","tag-g1"],"author_meta":{"display_name":"Estad\u00e3o Conte\u00fado","author_link":"https:\/\/sindaopcpb.org.br\/author\/estadao-conteudo\/"},"featured_img":null,"coauthors":[],"tax_additional":{"categories":{"linked":["<a href=\"https:\/\/sindaopcpb.org.br\/carlos-favaro\/\" class=\"advgb-post-tax-term\">Carlos F\u00e1varo<\/a>","<a href=\"https:\/\/sindaopcpb.org.br\/exportacoes\/\" class=\"advgb-post-tax-term\">Exporta\u00e7\u00f5es<\/a>","<a href=\"https:\/\/sindaopcpb.org.br\/g1\/\" class=\"advgb-post-tax-term\">G1<\/a>","<a href=\"https:\/\/sindaopcpb.org.br\/gripe-aviaria\/\" class=\"advgb-post-tax-term\">gripe avi\u00e1ria<\/a>","<a href=\"https:\/\/sindaopcpb.org.br\/japao\/\" class=\"advgb-post-tax-term\">Jap\u00e3o<\/a>","<a href=\"https:\/\/sindaopcpb.org.br\/ministerio-da-agricultura\/\" class=\"advgb-post-tax-term\">Minist\u00e9rio da Agricultura<\/a>","<a href=\"https:\/\/sindaopcpb.org.br\/politica\/\" class=\"advgb-post-tax-term\">POLITICA<\/a>"],"unlinked":["<span class=\"advgb-post-tax-term\">Carlos F\u00e1varo<\/span>","<span class=\"advgb-post-tax-term\">Exporta\u00e7\u00f5es<\/span>","<span class=\"advgb-post-tax-term\">G1<\/span>","<span class=\"advgb-post-tax-term\">gripe avi\u00e1ria<\/span>","<span class=\"advgb-post-tax-term\">Jap\u00e3o<\/span>","<span class=\"advgb-post-tax-term\">Minist\u00e9rio da Agricultura<\/span>","<span class=\"advgb-post-tax-term\">POLITICA<\/span>"]},"tags":{"linked":["<a href=\"https:\/\/sindaopcpb.org.br\/politica\/\" class=\"advgb-post-tax-term\">g1<\/a>"],"unlinked":["<span class=\"advgb-post-tax-term\">g1<\/span>"]}},"comment_count":"0","relative_dates":{"created":"Publicado 3 anos atr\u00e1s","modified":"Atualizado 3 anos atr\u00e1s"},"absolute_dates":{"created":"Publicado em 19 de julho de 2023","modified":"Atualizado em 19 de julho de 2023"},"absolute_dates_time":{"created":"Publicado em 19 de julho de 2023 13:15","modified":"Atualizado em 19 de julho de 2023 13:15"},"featured_img_caption":"","series_order":"","_links":{"self":[{"href":"https:\/\/sindaopcpb.org.br\/index.php\/wp-json\/wp\/v2\/posts\/26185","targetHints":{"allow":["GET"]}}],"collection":[{"href":"https:\/\/sindaopcpb.org.br\/index.php\/wp-json\/wp\/v2\/posts"}],"about":[{"href":"https:\/\/sindaopcpb.org.br\/index.php\/wp-json\/wp\/v2\/types\/post"}],"author":[{"embeddable":true,"href":"https:\/\/sindaopcpb.org.br\/index.php\/wp-json\/wp\/v2\/users\/43"}],"replies":[{"embeddable":true,"href":"https:\/\/sindaopcpb.org.br\/index.php\/wp-json\/wp\/v2\/comments?post=26185"}],"version-history":[{"count":1,"href":"https:\/\/sindaopcpb.org.br\/index.php\/wp-json\/wp\/v2\/posts\/26185\/revisions"}],"predecessor-version":[{"id":26186,"href":"https:\/\/sindaopcpb.org.br\/index.php\/wp-json\/wp\/v2\/posts\/26185\/revisions\/26186"}],"wp:attachment":[{"href":"https:\/\/sindaopcpb.org.br\/index.php\/wp-json\/wp\/v2\/media?parent=26185"}],"wp:term":[{"taxonomy":"category","embeddable":true,"href":"https:\/\/sindaopcpb.org.br\/index.php\/wp-json\/wp\/v2\/categories?post=26185"},{"taxonomy":"post_tag","embeddable":true,"href":"https:\/\/sindaopcpb.org.br\/index.php\/wp-json\/wp\/v2\/tags?post=26185"}],"curies":[{"name":"wp","href":"https:\/\/api.w.org\/{rel}","templated":true}]}}