{"id":26183,"date":"2023-07-19T13:23:13","date_gmt":"2023-07-19T16:23:13","guid":{"rendered":"https:\/\/www.infomoney.com.br\/?p=2191382"},"modified":"2023-07-19T13:23:13","modified_gmt":"2023-07-19T16:23:13","slug":"parlamentares-de-oposicao-protocolam-pedido-de-impeachment-de-barroso-apos-fala-sobre-bolsonarismo","status":"publish","type":"post","link":"https:\/\/sindaopcpb.org.br\/index.php\/2023\/07\/19\/parlamentares-de-oposicao-protocolam-pedido-de-impeachment-de-barroso-apos-fala-sobre-bolsonarismo\/","title":{"rendered":"Parlamentares de oposi\u00e7\u00e3o protocolam pedido de impeachment de Barroso ap\u00f3s fala sobre bolsonarismo"},"content":{"rendered":"<p><img loading=\"lazy\" width=\"300\" height=\"194\" src=\"https:\/\/www.infomoney.com.br\/wp-content\/uploads\/2022\/09\/Captura-de-Tela-2022-09-06-a%CC%80s-13.50.55.png?fit=300%2C194&amp;quality=70&amp;strip=all\" class=\"attachment-medium size-medium wp-post-image\" alt=\"Ministro Lu\u00eds Roberto Barroso, do Supremo Tribunal Federal, em entrevista ao InfoMoney, na sede do portal em S\u00e3o Paulo (Foto: Thiago Vianna)\" decoding=\"async\" style=\"float:right; margin:0 0 10px 10px;\" srcset=\"https:\/\/www.infomoney.com.br\/wp-content\/uploads\/2022\/09\/Captura-de-Tela-2022-09-06-a\u0300s-13.50.55.png?w=807&amp;quality=70&amp;strip=all 807w, https:\/\/www.infomoney.com.br\/wp-content\/uploads\/2022\/09\/Captura-de-Tela-2022-09-06-a\u0300s-13.50.55.png?w=300&amp;quality=70&amp;strip=all 300w, https:\/\/www.infomoney.com.br\/wp-content\/uploads\/2022\/09\/Captura-de-Tela-2022-09-06-a\u0300s-13.50.55.png?w=768&amp;quality=70&amp;strip=all 768w, https:\/\/www.infomoney.com.br\/wp-content\/uploads\/2022\/09\/Captura-de-Tela-2022-09-06-a\u0300s-13.50.55.png?w=150&amp;quality=70&amp;strip=all 150w\" sizes=\"auto, (max-width: 300px) 100vw, 300px\" data-attachment-id=\"1929118\" data-permalink=\"https:\/\/www.infomoney.com.br\/politica\/barroso-nega-ativismo-do-poder-judiciario-e-lista-5-elementos-que-colocam-o-supremo-nos-holofotes\/attachment\/captura-de-tela-2022-09-06-as-13-50-55\/\" data-orig-file=\"https:\/\/www.infomoney.com.br\/wp-content\/uploads\/2022\/09\/Captura-de-Tela-2022-09-06-a\u0300s-13.50.55.png?fit=807%2C522&amp;quality=70&amp;strip=all\" data-orig-size=\"807,522\" data-comments-opened=\"0\" data-image-meta=\"{&quot;aperture&quot;:&quot;0&quot;,&quot;credit&quot;:&quot;&quot;,&quot;camera&quot;:&quot;&quot;,&quot;caption&quot;:&quot;&quot;,&quot;created_timestamp&quot;:&quot;0&quot;,&quot;copyright&quot;:&quot;&quot;,&quot;focal_length&quot;:&quot;0&quot;,&quot;iso&quot;:&quot;0&quot;,&quot;shutter_speed&quot;:&quot;0&quot;,&quot;title&quot;:&quot;&quot;,&quot;orientation&quot;:&quot;0&quot;}\" data-image-title=\"Ministro Lu\u00eds Roberto Barroso, do Supremo Tribunal Federal, em entrevista ao InfoMoney, na sede do portal em S\u00e3o Paulo (Foto: Thiago Vianna)\" data-image-description=\"&lt;p&gt;Ministro Lu\u00eds Roberto Barroso, do Supremo Tribunal Federal, em entrevista ao InfoMoney, na sede do portal em S\u00e3o Paulo (Foto: Thiago Vianna)&lt;\/p&gt;\n\" data-image-caption=\"&lt;p&gt;Ministro Lu\u00eds Roberto Barroso, do Supremo Tribunal Federal, em entrevista ao InfoMoney, na sede do portal em S\u00e3o Paulo (Foto: Thiago Vianna)&lt;\/p&gt;\n\" data-medium-file=\"https:\/\/www.infomoney.com.br\/wp-content\/uploads\/2022\/09\/Captura-de-Tela-2022-09-06-a\u0300s-13.50.55.png?fit=300%2C194&amp;quality=70&amp;strip=all\" data-large-file=\"https:\/\/www.infomoney.com.br\/wp-content\/uploads\/2022\/09\/Captura-de-Tela-2022-09-06-a\u0300s-13.50.55.png?fit=807%2C522&amp;quality=70&amp;strip=all\" title=\"\"><\/p>\n<p>Um grupo de parlamentares de oposi\u00e7\u00e3o ao governo do presidente Luiz In\u00e1cio Lula da Silva (PT) protocolou, nesta quarta-feira (19), um pedido de impeachment contra o ministro <strong>Lu\u00eds Roberto Barroso<\/strong>, do Supremo Tribunal Federal (STF).<\/p>\n<p>O requerimento \u00e9 protocolado uma semana ap\u00f3s o magistrado protagonizar epis\u00f3dio pol\u00eamico durante participa\u00e7\u00e3o em congresso organizado pela Uni\u00e3o Nacional dos Estudantes (UNE).<\/p>\n<p>Vaiado no evento por um grupo cr\u00edtico \u00e0 sua atua\u00e7\u00e3o no Supremo, Barroso respondeu aos presentes: \u201cN\u00f3s derrotamos a censura, n\u00f3s derrotamos a tortura, n\u00f3s derrotamos o bolsonarismo para permitir a democracia e a manifesta\u00e7\u00e3o livre de todos\u201d.<\/p>\n<p>Segundo senadores de oposi\u00e7\u00e3o, o requerimento foi protocolado junto \u00e0 Secretaria-Geral da Mesa do Senado Federal e assinado por 14 senadores e 63 deputados federais. Entre eles est\u00e3o figuras muito pr\u00f3ximas ao ex-presidente Jair Bolsonaro (PL), como seu filho, senador Fl\u00e1vio Bolsonaro (PL-RJ), o ex-vice-presidente Hamilton Mour\u00e3o (Republicanos-RS) e a ex-ministra Damares Alves (Republicanos-DF).<\/p>\n<p>A casa legislativa \u00e9 a respons\u00e1vel por analisar pedidos de impedimento contra magistrados, mas a decis\u00e3o de pautar o assunto cabe \u00e0 presid\u00eancia da institui\u00e7\u00e3o, hoje ocupada pelo senador Rodrigo Pacheco (PSD-MG) \u2012 que j\u00e1 manifestou contrariedade a uma a\u00e7\u00e3o nesta magnitude, embora tenha feito cr\u00edticas p\u00fablicas \u00e0 conduta do ministro.<\/p>\n<p>Para Pacheco, um impeachment \u00e9 uma \u201cruptura\u201d, algo \u201cmuito negativo\u201d, mas isso n\u00e3o significa que a recusa de um pedido desta natureza indique concord\u00e2ncia do parlamento com \u201cdeterminadas posturas\u201d.<\/p>\n<p>A Lei n\u00ba. 1.079\/1950 tipifica as condutas de agentes p\u00fablicos que podem ser classificadas como crime de responsabilidade, e define eventual atividade pol\u00edtico partid\u00e1ria de um ministro do Supremo como puni\u00e7\u00e3o pass\u00edvel de afastamento. A legisla\u00e7\u00e3o tamb\u00e9m prev\u00ea a mesma san\u00e7\u00e3o para o magistrado que \u201cproceder de modo incompat\u00edvel com a honra dignidade e decoro de suas fun\u00e7\u00f5es\u201d.<\/p>\n<p>Em novembro de 2022, um grupo de senadores protocolou um pedido de afastamento do ministro, que n\u00e3o evoluiu. Os parlamentares argumentaram que houve quebra de harmonia e independ\u00eancia entre os poderes em atitudes de Barroso. Na \u00e9poca, foram listadas situa\u00e7\u00f5es como o n\u00e3o comparecimento do ministro, ao ser convidado pela Comiss\u00e3o de Transpar\u00eancia, Fiscaliza\u00e7\u00e3o e Controle da casa legislativa para participar de um evento sobre ativismo judicial.<\/p>\n<p>Senadores tamb\u00e9m alegaram que Barroso teria se reunido com deputados \u00e0s v\u00e9speras da vota\u00e7\u00e3o da Proposta de Emenda \u00e0 Constitui\u00e7\u00e3o (PEC) que tratou do voto impresso, al\u00e9m de ter se reunido em Nova York com o ent\u00e3o advogado do atual presidente Luiz In\u00e1cio Lula da Silva, Cristiano Zanin \u2012 que deve passar a integrar a Corte em agosto.<\/p>\n<p>Por fim, tamb\u00e9m acusaram o magistrado de tratamento desrespeitoso em outro epis\u00f3dio pol\u00eamico, quando ele rebateu com a frase \u201cPerdeu, man\u00e9, n\u00e3o amola\u201d, \u00e0s cr\u00edticas de um apoiador de Jair Bolsonaro, nos Estados Unidos.<\/p>\n<p>The post <a rel=\"nofollow noopener\" href=\"https:\/\/www.infomoney.com.br\/politica\/parlamentares-de-oposicao-protocolam-pedido-de-impeachment-de-barroso-apos-fala-sobre-bolsonarismo\/\" target=\"_blank\">Parlamentares de oposi\u00e7\u00e3o protocolam pedido de impeachment de Barroso ap\u00f3s fala sobre bolsonarismo<\/a> appeared first on <a rel=\"nofollow noopener\" href=\"https:\/\/www.infomoney.com.br\/\" target=\"_blank\">InfoMoney<\/a>.<\/p>\n","protected":false},"excerpt":{"rendered":"<p><img loading=\"lazy\" decoding=\"async\" width=\"300\" height=\"194\" src=\"https:\/\/www.infomoney.com.br\/wp-content\/uploads\/2022\/09\/Captura-de-Tela-2022-09-06-a%CC%80s-13.50.55.png?fit=300%2C194&amp;quality=70&amp;strip=all\" class=\"attachment-medium size-medium wp-post-image\" alt=\"Ministro Lu\u00eds Roberto Barroso, do Supremo Tribunal Federal, em entrevista ao InfoMoney, na sede do portal em S\u00e3o Paulo (Foto: Thiago Vianna)\" data-attachment-id=\"1929118\" data-permalink=\"https:\/\/www.infomoney.com.br\/politica\/barroso-nega-ativismo-do-poder-judiciario-e-lista-5-elementos-que-colocam-o-supremo-nos-holofotes\/attachment\/captura-de-tela-2022-09-06-as-13-50-55\/\" data-orig-file=\"https:\/\/www.infomoney.com.br\/wp-content\/uploads\/2022\/09\/Captura-de-Tela-2022-09-06-a\u0300s-13.50.55.png?fit=807%2C522&amp;quality=70&amp;strip=all\" data-orig-size=\"807,522\" data-comments-opened=\"0\" data-image-meta='{\"aperture\":\"0\",\"credit\":\"\",\"camera\":\"\",\"caption\":\"\",\"created_timestamp\":\"0\",\"copyright\":\"\",\"focal_length\":\"0\",\"iso\":\"0\",\"shutter_speed\":\"0\",\"title\":\"\",\"orientation\":\"0\"}' data-image-title=\"Ministro Lu\u00eds Roberto Barroso, do Supremo Tribunal Federal, em entrevista ao InfoMoney, na sede do portal em S\u00e3o Paulo (Foto: Thiago Vianna)\" data-image-description=\"&lt;p&gt;Ministro Lu\u00eds Roberto Barroso, do Supremo Tribunal Federal, em entrevista ao InfoMoney, na sede do portal em S\u00e3o Paulo (Foto: Thiago Vianna)&lt;\/p&gt;\n\" data-image-caption=\"&lt;p&gt;Ministro Lu\u00eds Roberto Barroso, do Supremo Tribunal Federal, em entrevista ao InfoMoney, na sede do portal em S\u00e3o Paulo (Foto: Thiago Vianna)&lt;\/p&gt;\n\" data-medium-file=\"https:\/\/www.infomoney.com.br\/wp-content\/uploads\/2022\/09\/Captura-de-Tela-2022-09-06-a\u0300s-13.50.55.png?fit=300%2C194&amp;quality=70&amp;strip=all\" data-large-file=\"https:\/\/www.infomoney.com.br\/wp-content\/uploads\/2022\/09\/Captura-de-Tela-2022-09-06-a\u0300s-13.50.55.png?fit=807%2C522&amp;quality=70&amp;strip=all\">Segundo eles, requerimento foi protocolado junto \u00e0 Secretaria-Geral da Mesa do Senado Federal e assinado por 14 senadores e 63 deputados federais<\/p>\n<p>The post <a rel=\"nofollow\" href=\"https:\/\/www.infomoney.com.br\/politica\/parlamentares-de-oposicao-protocolam-pedido-de-impeachment-de-barroso-apos-fala-sobre-bolsonarismo\/\">Parlamentares de oposi\u00e7\u00e3o protocolam pedido de impeachment de Barroso ap\u00f3s fala sobre bolsonarismo<\/a> appeared first on <a rel=\"nofollow\" href=\"https:\/\/www.infomoney.com.br\/\">InfoMoney<\/a>.<\/p>\n","protected":false},"author":52,"featured_media":0,"comment_status":"closed","ping_status":"closed","sticky":false,"template":"","format":"standard","meta":{"advgb_blocks_editor_width":"","advgb_blocks_columns_visual_guide":"","footnotes":""},"categories":[359,34,6607,135,1391,47,403],"tags":[35],"class_list":["post-26183","post","type-post","status-publish","format-standard","hentry","category-congresso-nacional","category-g1","category-impeachment","category-jair-bolsonaro","category-luis-roberto-barroso","category-politica","category-senado","tag-g1"],"author_meta":{"display_name":"Marcos Mortari","author_link":"https:\/\/sindaopcpb.org.br\/author\/marcos-mortari\/"},"featured_img":null,"coauthors":[],"tax_additional":{"categories":{"linked":["<a href=\"https:\/\/sindaopcpb.org.br\/congresso-nacional\/\" class=\"advgb-post-tax-term\">Congresso Nacional<\/a>","<a href=\"https:\/\/sindaopcpb.org.br\/g1\/\" class=\"advgb-post-tax-term\">G1<\/a>","<a href=\"https:\/\/sindaopcpb.org.br\/impeachment\/\" class=\"advgb-post-tax-term\">Impeachment<\/a>","<a href=\"https:\/\/sindaopcpb.org.br\/jair-bolsonaro\/\" class=\"advgb-post-tax-term\">Jair Bolsonaro<\/a>","<a href=\"https:\/\/sindaopcpb.org.br\/luis-roberto-barroso\/\" class=\"advgb-post-tax-term\">Lu\u00eds Roberto Barroso<\/a>","<a href=\"https:\/\/sindaopcpb.org.br\/politica\/\" class=\"advgb-post-tax-term\">POLITICA<\/a>","<a href=\"https:\/\/sindaopcpb.org.br\/senado\/\" class=\"advgb-post-tax-term\">Senado<\/a>"],"unlinked":["<span class=\"advgb-post-tax-term\">Congresso Nacional<\/span>","<span class=\"advgb-post-tax-term\">G1<\/span>","<span class=\"advgb-post-tax-term\">Impeachment<\/span>","<span class=\"advgb-post-tax-term\">Jair Bolsonaro<\/span>","<span class=\"advgb-post-tax-term\">Lu\u00eds Roberto Barroso<\/span>","<span class=\"advgb-post-tax-term\">POLITICA<\/span>","<span class=\"advgb-post-tax-term\">Senado<\/span>"]},"tags":{"linked":["<a href=\"https:\/\/sindaopcpb.org.br\/senado\/\" class=\"advgb-post-tax-term\">g1<\/a>"],"unlinked":["<span class=\"advgb-post-tax-term\">g1<\/span>"]}},"comment_count":"0","relative_dates":{"created":"Publicado 3 anos atr\u00e1s","modified":"Atualizado 3 anos atr\u00e1s"},"absolute_dates":{"created":"Publicado em 19 de julho de 2023","modified":"Atualizado em 19 de julho de 2023"},"absolute_dates_time":{"created":"Publicado em 19 de julho de 2023 13:23","modified":"Atualizado em 19 de julho de 2023 13:23"},"featured_img_caption":"","series_order":"","_links":{"self":[{"href":"https:\/\/sindaopcpb.org.br\/index.php\/wp-json\/wp\/v2\/posts\/26183","targetHints":{"allow":["GET"]}}],"collection":[{"href":"https:\/\/sindaopcpb.org.br\/index.php\/wp-json\/wp\/v2\/posts"}],"about":[{"href":"https:\/\/sindaopcpb.org.br\/index.php\/wp-json\/wp\/v2\/types\/post"}],"author":[{"embeddable":true,"href":"https:\/\/sindaopcpb.org.br\/index.php\/wp-json\/wp\/v2\/users\/52"}],"replies":[{"embeddable":true,"href":"https:\/\/sindaopcpb.org.br\/index.php\/wp-json\/wp\/v2\/comments?post=26183"}],"version-history":[{"count":1,"href":"https:\/\/sindaopcpb.org.br\/index.php\/wp-json\/wp\/v2\/posts\/26183\/revisions"}],"predecessor-version":[{"id":26184,"href":"https:\/\/sindaopcpb.org.br\/index.php\/wp-json\/wp\/v2\/posts\/26183\/revisions\/26184"}],"wp:attachment":[{"href":"https:\/\/sindaopcpb.org.br\/index.php\/wp-json\/wp\/v2\/media?parent=26183"}],"wp:term":[{"taxonomy":"category","embeddable":true,"href":"https:\/\/sindaopcpb.org.br\/index.php\/wp-json\/wp\/v2\/categories?post=26183"},{"taxonomy":"post_tag","embeddable":true,"href":"https:\/\/sindaopcpb.org.br\/index.php\/wp-json\/wp\/v2\/tags?post=26183"}],"curies":[{"name":"wp","href":"https:\/\/api.w.org\/{rel}","templated":true}]}}