{"id":26179,"date":"2023-07-19T14:15:00","date_gmt":"2023-07-19T17:15:00","guid":{"rendered":"https:\/\/www.infomoney.com.br\/?p=2190849"},"modified":"2023-07-19T14:15:00","modified_gmt":"2023-07-19T17:15:00","slug":"favaro-espera-estender-tambem-para-a-uniao-europeia-modelo-de-regionalizacao-da-gripe-aviaria","status":"publish","type":"post","link":"https:\/\/sindaopcpb.org.br\/index.php\/2023\/07\/19\/favaro-espera-estender-tambem-para-a-uniao-europeia-modelo-de-regionalizacao-da-gripe-aviaria\/","title":{"rendered":"F\u00e1varo espera estender tamb\u00e9m para a Uni\u00e3o Europeia modelo de regionaliza\u00e7\u00e3o da gripe avi\u00e1ria"},"content":{"rendered":"<p><img loading=\"lazy\" width=\"300\" height=\"200\" src=\"https:\/\/www.infomoney.com.br\/wp-content\/uploads\/2022\/12\/Captura-de-Tela-2022-12-06-as-18.12.18.png?fit=300%2C200&amp;quality=70&amp;strip=all\" class=\"attachment-medium size-medium wp-post-image\" alt=\"Senador Carlos F\u00e1varo (Foto: Pedro Fran\u00e7a\/Ag\u00eancia Senado)\" decoding=\"async\" style=\"float:right; margin:0 0 10px 10px;\" srcset=\"https:\/\/www.infomoney.com.br\/wp-content\/uploads\/2022\/12\/Captura-de-Tela-2022-12-06-as-18.12.18.png?w=959&amp;quality=70&amp;strip=all 959w, https:\/\/www.infomoney.com.br\/wp-content\/uploads\/2022\/12\/Captura-de-Tela-2022-12-06-as-18.12.18.png?w=300&amp;quality=70&amp;strip=all 300w, https:\/\/www.infomoney.com.br\/wp-content\/uploads\/2022\/12\/Captura-de-Tela-2022-12-06-as-18.12.18.png?w=768&amp;quality=70&amp;strip=all 768w, https:\/\/www.infomoney.com.br\/wp-content\/uploads\/2022\/12\/Captura-de-Tela-2022-12-06-as-18.12.18.png?w=150&amp;quality=70&amp;strip=all 150w\" sizes=\"auto, (max-width: 300px) 100vw, 300px\" data-attachment-id=\"2001103\" data-permalink=\"https:\/\/www.infomoney.com.br\/politica\/senador-favaro-lidera-corrida-para-ser-ministro-da-agricultura-de-lula-dizem-fontes\/attachment\/captura-de-tela-2022-12-06-as-18-12-18\/\" data-orig-file=\"https:\/\/www.infomoney.com.br\/wp-content\/uploads\/2022\/12\/Captura-de-Tela-2022-12-06-as-18.12.18.png?fit=959%2C638&amp;quality=70&amp;strip=all\" data-orig-size=\"959,638\" data-comments-opened=\"0\" data-image-meta=\"{&quot;aperture&quot;:&quot;0&quot;,&quot;credit&quot;:&quot;&quot;,&quot;camera&quot;:&quot;&quot;,&quot;caption&quot;:&quot;&quot;,&quot;created_timestamp&quot;:&quot;0&quot;,&quot;copyright&quot;:&quot;&quot;,&quot;focal_length&quot;:&quot;0&quot;,&quot;iso&quot;:&quot;0&quot;,&quot;shutter_speed&quot;:&quot;0&quot;,&quot;title&quot;:&quot;&quot;,&quot;orientation&quot;:&quot;0&quot;}\" data-image-title=\"Senador Carlos F\u00e1varo (Foto: Pedro Fran\u00e7a\/Ag\u00eancia Senado)\" data-image-description=\"&lt;p&gt;Senador Carlos F\u00e1varo (Foto: Pedro Fran\u00e7a\/Ag\u00eancia Senado)&lt;\/p&gt;\n\" data-image-caption=\"&lt;p&gt;Senador Carlos F\u00e1varo (Foto: Pedro Fran\u00e7a\/Ag\u00eancia Senado)&lt;\/p&gt;\n\" data-medium-file=\"https:\/\/www.infomoney.com.br\/wp-content\/uploads\/2022\/12\/Captura-de-Tela-2022-12-06-as-18.12.18.png?fit=300%2C200&amp;quality=70&amp;strip=all\" data-large-file=\"https:\/\/www.infomoney.com.br\/wp-content\/uploads\/2022\/12\/Captura-de-Tela-2022-12-06-as-18.12.18.png?fit=959%2C638&amp;quality=70&amp;strip=all\" title=\"\"><\/p>\n<p>O ministro da Agricultura, Carlos F\u00e1varo, espera estender \u00e0 Uni\u00e3o Europeia o modelo de regionaliza\u00e7\u00e3o para eventuais ocorr\u00eancias de gripe avi\u00e1ria em produ\u00e7\u00e3o comercial no Brasil formalizado ontem entre Brasil e Reino Unido. &#8220;\u00c9 um grande avan\u00e7o e um balizamento por ser o Reino Unido. Tenho certeza que a partir disso vamos ampliar (este protocolo) para toda a comunidade europeia e outros parceiros comerciais brasileiros&#8221;, disse o ministro em v\u00eddeo nas redes sociais.<\/p>\n<p>&#8220;Nesse sentido, tamb\u00e9m estamos trabalhando na moderniza\u00e7\u00e3o do protocolo com o Jap\u00e3o, grande parceiro comercial, onde estaremos nos pr\u00f3ximos dias para modernizar e garantir tranquilidade nas rela\u00e7\u00f5es comerciais da carne de frango.&#8221;<\/p>\n<p>A regionaliza\u00e7\u00e3o prev\u00ea que, em caso de confirma\u00e7\u00e3o de focos de influenza avi\u00e1ria em granjas comerciais, cada Estado passa a trabalhar de forma independente, o que significa que eventuais focos da doen\u00e7a em plant\u00e9is comerciais representariam apenas a suspens\u00e3o da unidade federativa e n\u00e3o o fechamento do mercado de todo produto av\u00edcola brasileiro.<\/p>\n<p>The post <a rel=\"nofollow noopener\" href=\"https:\/\/www.infomoney.com.br\/politica\/favaro-espera-estender-tambem-para-a-uniao-europeia-modelo-de-regionalizacao-da-gripe-aviaria\/\" target=\"_blank\">F\u00e1varo espera estender tamb\u00e9m para a Uni\u00e3o Europeia modelo de regionaliza\u00e7\u00e3o da gripe avi\u00e1ria<\/a> appeared first on <a rel=\"nofollow noopener\" href=\"https:\/\/www.infomoney.com.br\/\" target=\"_blank\">InfoMoney<\/a>.<\/p>\n","protected":false},"excerpt":{"rendered":"<p><img loading=\"lazy\" decoding=\"async\" width=\"300\" height=\"200\" src=\"https:\/\/www.infomoney.com.br\/wp-content\/uploads\/2022\/12\/Captura-de-Tela-2022-12-06-as-18.12.18.png?fit=300%2C200&amp;quality=70&amp;strip=all\" class=\"attachment-medium size-medium wp-post-image\" alt=\"Senador Carlos F\u00e1varo (Foto: Pedro Fran\u00e7a\/Ag\u00eancia Senado)\" data-attachment-id=\"2001103\" data-permalink=\"https:\/\/www.infomoney.com.br\/politica\/senador-favaro-lidera-corrida-para-ser-ministro-da-agricultura-de-lula-dizem-fontes\/attachment\/captura-de-tela-2022-12-06-as-18-12-18\/\" data-orig-file=\"https:\/\/www.infomoney.com.br\/wp-content\/uploads\/2022\/12\/Captura-de-Tela-2022-12-06-as-18.12.18.png?fit=959%2C638&amp;quality=70&amp;strip=all\" data-orig-size=\"959,638\" data-comments-opened=\"0\" data-image-meta='{\"aperture\":\"0\",\"credit\":\"\",\"camera\":\"\",\"caption\":\"\",\"created_timestamp\":\"0\",\"copyright\":\"\",\"focal_length\":\"0\",\"iso\":\"0\",\"shutter_speed\":\"0\",\"title\":\"\",\"orientation\":\"0\"}' data-image-title=\"Senador Carlos F\u00e1varo (Foto: Pedro Fran\u00e7a\/Ag\u00eancia Senado)\" data-image-description=\"&lt;p&gt;Senador Carlos F\u00e1varo (Foto: Pedro Fran\u00e7a\/Ag\u00eancia Senado)&lt;\/p&gt;\n\" data-image-caption=\"&lt;p&gt;Senador Carlos F\u00e1varo (Foto: Pedro Fran\u00e7a\/Ag\u00eancia Senado)&lt;\/p&gt;\n\" data-medium-file=\"https:\/\/www.infomoney.com.br\/wp-content\/uploads\/2022\/12\/Captura-de-Tela-2022-12-06-as-18.12.18.png?fit=300%2C200&amp;quality=70&amp;strip=all\" data-large-file=\"https:\/\/www.infomoney.com.br\/wp-content\/uploads\/2022\/12\/Captura-de-Tela-2022-12-06-as-18.12.18.png?fit=959%2C638&amp;quality=70&amp;strip=all\">Dessa forma, eventuais focos da doen\u00e7a representariam apenas a suspens\u00e3o da unidade federativa e n\u00e3o o fechamento do mercado brasileiro<\/p>\n<p>The post <a rel=\"nofollow\" href=\"https:\/\/www.infomoney.com.br\/politica\/favaro-espera-estender-tambem-para-a-uniao-europeia-modelo-de-regionalizacao-da-gripe-aviaria\/\">F\u00e1varo espera estender tamb\u00e9m para a Uni\u00e3o Europeia modelo de regionaliza\u00e7\u00e3o da gripe avi\u00e1ria<\/a> appeared first on <a rel=\"nofollow\" href=\"https:\/\/www.infomoney.com.br\/\">InfoMoney<\/a>.<\/p>\n","protected":false},"author":43,"featured_media":0,"comment_status":"closed","ping_status":"closed","sticky":false,"template":"","format":"standard","meta":{"advgb_blocks_editor_width":"","advgb_blocks_columns_visual_guide":"","footnotes":""},"categories":[6606,2124,34,3753,1714,47,1474],"tags":[35],"class_list":["post-26179","post","type-post","status-publish","format-standard","hentry","category-carlos-favaro","category-exportacoes","category-g1","category-gripe-aviaria","category-ministerio-da-agricultura","category-politica","category-uniao-europeia","tag-g1"],"author_meta":{"display_name":"Estad\u00e3o Conte\u00fado","author_link":"https:\/\/sindaopcpb.org.br\/author\/estadao-conteudo\/"},"featured_img":null,"coauthors":[],"tax_additional":{"categories":{"linked":["<a href=\"https:\/\/sindaopcpb.org.br\/carlos-favaro\/\" class=\"advgb-post-tax-term\">Carlos F\u00e1varo<\/a>","<a href=\"https:\/\/sindaopcpb.org.br\/exportacoes\/\" class=\"advgb-post-tax-term\">Exporta\u00e7\u00f5es<\/a>","<a href=\"https:\/\/sindaopcpb.org.br\/g1\/\" class=\"advgb-post-tax-term\">G1<\/a>","<a href=\"https:\/\/sindaopcpb.org.br\/gripe-aviaria\/\" class=\"advgb-post-tax-term\">gripe avi\u00e1ria<\/a>","<a href=\"https:\/\/sindaopcpb.org.br\/ministerio-da-agricultura\/\" class=\"advgb-post-tax-term\">Minist\u00e9rio da Agricultura<\/a>","<a href=\"https:\/\/sindaopcpb.org.br\/politica\/\" class=\"advgb-post-tax-term\">POLITICA<\/a>","<a href=\"https:\/\/sindaopcpb.org.br\/uniao-europeia\/\" class=\"advgb-post-tax-term\">Uni\u00e3o Europeia<\/a>"],"unlinked":["<span class=\"advgb-post-tax-term\">Carlos F\u00e1varo<\/span>","<span class=\"advgb-post-tax-term\">Exporta\u00e7\u00f5es<\/span>","<span class=\"advgb-post-tax-term\">G1<\/span>","<span class=\"advgb-post-tax-term\">gripe avi\u00e1ria<\/span>","<span class=\"advgb-post-tax-term\">Minist\u00e9rio da Agricultura<\/span>","<span class=\"advgb-post-tax-term\">POLITICA<\/span>","<span class=\"advgb-post-tax-term\">Uni\u00e3o Europeia<\/span>"]},"tags":{"linked":["<a href=\"https:\/\/sindaopcpb.org.br\/uniao-europeia\/\" class=\"advgb-post-tax-term\">g1<\/a>"],"unlinked":["<span class=\"advgb-post-tax-term\">g1<\/span>"]}},"comment_count":"0","relative_dates":{"created":"Publicado 3 anos atr\u00e1s","modified":"Atualizado 3 anos atr\u00e1s"},"absolute_dates":{"created":"Publicado em 19 de julho de 2023","modified":"Atualizado em 19 de julho de 2023"},"absolute_dates_time":{"created":"Publicado em 19 de julho de 2023 14:15","modified":"Atualizado em 19 de julho de 2023 14:15"},"featured_img_caption":"","series_order":"","_links":{"self":[{"href":"https:\/\/sindaopcpb.org.br\/index.php\/wp-json\/wp\/v2\/posts\/26179","targetHints":{"allow":["GET"]}}],"collection":[{"href":"https:\/\/sindaopcpb.org.br\/index.php\/wp-json\/wp\/v2\/posts"}],"about":[{"href":"https:\/\/sindaopcpb.org.br\/index.php\/wp-json\/wp\/v2\/types\/post"}],"author":[{"embeddable":true,"href":"https:\/\/sindaopcpb.org.br\/index.php\/wp-json\/wp\/v2\/users\/43"}],"replies":[{"embeddable":true,"href":"https:\/\/sindaopcpb.org.br\/index.php\/wp-json\/wp\/v2\/comments?post=26179"}],"version-history":[{"count":1,"href":"https:\/\/sindaopcpb.org.br\/index.php\/wp-json\/wp\/v2\/posts\/26179\/revisions"}],"predecessor-version":[{"id":26180,"href":"https:\/\/sindaopcpb.org.br\/index.php\/wp-json\/wp\/v2\/posts\/26179\/revisions\/26180"}],"wp:attachment":[{"href":"https:\/\/sindaopcpb.org.br\/index.php\/wp-json\/wp\/v2\/media?parent=26179"}],"wp:term":[{"taxonomy":"category","embeddable":true,"href":"https:\/\/sindaopcpb.org.br\/index.php\/wp-json\/wp\/v2\/categories?post=26179"},{"taxonomy":"post_tag","embeddable":true,"href":"https:\/\/sindaopcpb.org.br\/index.php\/wp-json\/wp\/v2\/tags?post=26179"}],"curies":[{"name":"wp","href":"https:\/\/api.w.org\/{rel}","templated":true}]}}