{"id":26171,"date":"2023-07-19T10:49:24","date_gmt":"2023-07-19T13:49:24","guid":{"rendered":"https:\/\/wpa.wscom.com.br\/?p=912741"},"modified":"2023-07-19T10:49:24","modified_gmt":"2023-07-19T13:49:24","slug":"dino-defende-busca-e-apreensao-contra-agressores-de-moraes-e-diz-que-medida-nao-foi-desproporcional","status":"publish","type":"post","link":"https:\/\/sindaopcpb.org.br\/index.php\/2023\/07\/19\/dino-defende-busca-e-apreensao-contra-agressores-de-moraes-e-diz-que-medida-nao-foi-desproporcional\/","title":{"rendered":"Dino defende busca e apreens\u00e3o contra agressores de Moraes e diz que medida n\u00e3o foi desproporcional"},"content":{"rendered":"<p>&nbsp;<\/p>\n<p>&nbsp;<\/p>\n<p>O ministro da Justi\u00e7a e Seguran\u00e7a P\u00fablica, Fl\u00e1vio Dino (PSB), fez uma defesa p\u00fablica da\u00a0opera\u00e7\u00e3o da Pol\u00edcia Federal\u00a0desta ter\u00e7a-feira (18) contra os tr\u00eas acusados de agredirem o ministro do Supremo Tribunal Federal (STF) Alexandre de Moraes e sua fam\u00edlia: Roberto Mantovani Filho, Andr\u00e9a Mantovani e Alexandre Zanatta. Os mandados de busca e apreens\u00e3o foram expedidos pela presidente do Supremo, ministra Rosa Weber.<\/p>\n<p>Segundo Dino, &#8220;a medida se justifica pelos ind\u00edcios de crimes j\u00e1 perpetrados&#8221; e n\u00e3o se trata de &#8220;pesca probat\u00f3ria&#8221;. &#8220;Pol\u00edcia Federal pediu busca e apreens\u00e3o, no \u00e2mbito de investiga\u00e7\u00e3o por agress\u00f5es contra o ministro Alexandre de Moraes e sua fam\u00edlia, baseada no artigo 240 do C\u00f3digo de Processo Penal. A medida se justifica pelos ind\u00edcios de crimes j\u00e1 perpetrados. Tais ind\u00edcios s\u00e3o adensados pela multiplicidade de vers\u00f5es ofertadas pelos investigados. Sobre a proporcionalidade da medida, sublinho que passou da hora de naturalizar absurdos. E n\u00e3o se cuida de &#8216;fishing expedition&#8217;, pois n\u00e3o h\u00e1 procura especulativa, e sim fatos objetivamente delineados, que est\u00e3o em leg\u00edtima investiga\u00e7\u00e3o&#8221;, escreveu Dino no Twitter nesta quarta-feira (19).<\/p>\n<p>Foi instaurado um inqu\u00e9rito policial com o objetivo de apurar acusa\u00e7\u00f5es de agress\u00e3o, amea\u00e7a, inj\u00faria e difama\u00e7\u00e3o por parte dos tr\u00eas citados contra Moraes. No C\u00f3digo Penal, os crimes praticados por brasileiros ficam sujeitos \u00e0 lei brasileira mesmo que sejam cometidos fora do Pa\u00eds &#8211; o caso ocorreu no aeroporto de Roma, na It\u00e1lia.<\/p>\n<p>O post <a rel=\"nofollow noopener\" href=\"https:\/\/wscom.com.br\/dino-defende-busca-e-apreensao-contra-agressores-de-moraes-e-diz-que-medida-nao-foi-desproporcional\/\" target=\"_blank\">Dino defende busca e apreens\u00e3o contra agressores de Moraes e diz que medida n\u00e3o foi desproporcional<\/a> apareceu primeiro em <a rel=\"nofollow noopener\" href=\"https:\/\/wscom.com.br\/\" target=\"_blank\">WSCOM<\/a>.<\/p>\n","protected":false},"excerpt":{"rendered":"<p>\u00a0 \u00a0 O ministro da Justi\u00e7a e Seguran\u00e7a P\u00fablica, Fl\u00e1vio Dino (PSB), fez uma defesa p\u00fablica da\u00a0opera\u00e7\u00e3o da Pol\u00edcia Federal\u00a0desta ter\u00e7a-feira (18) contra os tr\u00eas acusados de agredirem o ministro do Supremo Tribunal Federal (STF) Alexandre de Moraes e sua fam\u00edlia: Roberto Mantovani Filho, Andr\u00e9a Mantovani e Alexandre Zanatta. Os mandados de busca e apreens\u00e3o [\u2026]<\/p>\n<p>O post <a rel=\"nofollow\" href=\"https:\/\/wscom.com.br\/dino-defende-busca-e-apreensao-contra-agressores-de-moraes-e-diz-que-medida-nao-foi-desproporcional\/\">Dino defende busca e apreens\u00e3o contra agressores de Moraes e diz que medida n\u00e3o foi desproporcional<\/a> apareceu primeiro em <a rel=\"nofollow\" href=\"https:\/\/wscom.com.br\/\">WSCOM<\/a>.<\/p>\n","protected":false},"author":42,"featured_media":0,"comment_status":"closed","ping_status":"closed","sticky":false,"template":"","format":"standard","meta":{"advgb_blocks_editor_width":"","advgb_blocks_columns_visual_guide":"","footnotes":""},"categories":[463,115,6602,219,34,6603,517],"tags":[35],"class_list":["post-26171","post","type-post","status-publish","format-standard","hentry","category-alexandre-de-moraes","category-brasil","category-busca-e-apreensao","category-flavio-dino","category-g1","category-mantovani","category-operacao","tag-g1"],"author_meta":{"display_name":"Rafael Andrade","author_link":"https:\/\/sindaopcpb.org.br\/author\/rafael-andrade\/"},"featured_img":null,"coauthors":[],"tax_additional":{"categories":{"linked":["<a href=\"https:\/\/sindaopcpb.org.br\/alexandre-de-moraes\/\" class=\"advgb-post-tax-term\">Alexandre de Moraes<\/a>","<a href=\"https:\/\/sindaopcpb.org.br\/brasil\/\" class=\"advgb-post-tax-term\">Brasil<\/a>","<a href=\"https:\/\/sindaopcpb.org.br\/busca-e-apreensao\/\" class=\"advgb-post-tax-term\">Busca e Apreens\u00e3o<\/a>","<a href=\"https:\/\/sindaopcpb.org.br\/flavio-dino\/\" class=\"advgb-post-tax-term\">fl\u00e1vio dino<\/a>","<a href=\"https:\/\/sindaopcpb.org.br\/g1\/\" class=\"advgb-post-tax-term\">G1<\/a>","<a href=\"https:\/\/sindaopcpb.org.br\/mantovani\/\" class=\"advgb-post-tax-term\">Mantovani<\/a>","<a href=\"https:\/\/sindaopcpb.org.br\/operacao\/\" class=\"advgb-post-tax-term\">Opera\u00e7\u00e3o<\/a>"],"unlinked":["<span class=\"advgb-post-tax-term\">Alexandre de Moraes<\/span>","<span class=\"advgb-post-tax-term\">Brasil<\/span>","<span class=\"advgb-post-tax-term\">Busca e Apreens\u00e3o<\/span>","<span class=\"advgb-post-tax-term\">fl\u00e1vio dino<\/span>","<span class=\"advgb-post-tax-term\">G1<\/span>","<span class=\"advgb-post-tax-term\">Mantovani<\/span>","<span class=\"advgb-post-tax-term\">Opera\u00e7\u00e3o<\/span>"]},"tags":{"linked":["<a href=\"https:\/\/sindaopcpb.org.br\/operacao\/\" class=\"advgb-post-tax-term\">g1<\/a>"],"unlinked":["<span class=\"advgb-post-tax-term\">g1<\/span>"]}},"comment_count":"0","relative_dates":{"created":"Publicado 3 anos atr\u00e1s","modified":"Atualizado 3 anos atr\u00e1s"},"absolute_dates":{"created":"Publicado em 19 de julho de 2023","modified":"Atualizado em 19 de julho de 2023"},"absolute_dates_time":{"created":"Publicado em 19 de julho de 2023 10:49","modified":"Atualizado em 19 de julho de 2023 10:49"},"featured_img_caption":"","series_order":"","_links":{"self":[{"href":"https:\/\/sindaopcpb.org.br\/index.php\/wp-json\/wp\/v2\/posts\/26171","targetHints":{"allow":["GET"]}}],"collection":[{"href":"https:\/\/sindaopcpb.org.br\/index.php\/wp-json\/wp\/v2\/posts"}],"about":[{"href":"https:\/\/sindaopcpb.org.br\/index.php\/wp-json\/wp\/v2\/types\/post"}],"author":[{"embeddable":true,"href":"https:\/\/sindaopcpb.org.br\/index.php\/wp-json\/wp\/v2\/users\/42"}],"replies":[{"embeddable":true,"href":"https:\/\/sindaopcpb.org.br\/index.php\/wp-json\/wp\/v2\/comments?post=26171"}],"version-history":[{"count":1,"href":"https:\/\/sindaopcpb.org.br\/index.php\/wp-json\/wp\/v2\/posts\/26171\/revisions"}],"predecessor-version":[{"id":26172,"href":"https:\/\/sindaopcpb.org.br\/index.php\/wp-json\/wp\/v2\/posts\/26171\/revisions\/26172"}],"wp:attachment":[{"href":"https:\/\/sindaopcpb.org.br\/index.php\/wp-json\/wp\/v2\/media?parent=26171"}],"wp:term":[{"taxonomy":"category","embeddable":true,"href":"https:\/\/sindaopcpb.org.br\/index.php\/wp-json\/wp\/v2\/categories?post=26171"},{"taxonomy":"post_tag","embeddable":true,"href":"https:\/\/sindaopcpb.org.br\/index.php\/wp-json\/wp\/v2\/tags?post=26171"}],"curies":[{"name":"wp","href":"https:\/\/api.w.org\/{rel}","templated":true}]}}