{"id":26163,"date":"2023-07-19T11:02:51","date_gmt":"2023-07-19T14:02:51","guid":{"rendered":"https:\/\/wpa.wscom.com.br\/?p=912757"},"modified":"2023-07-19T11:02:51","modified_gmt":"2023-07-19T14:02:51","slug":"prefeitura-de-joao-pessoa-tera-expediente-corrido-em-dias-de-jogos-da-selecao-brasileira-feminina-na-copa-do-mundo","status":"publish","type":"post","link":"https:\/\/sindaopcpb.org.br\/index.php\/2023\/07\/19\/prefeitura-de-joao-pessoa-tera-expediente-corrido-em-dias-de-jogos-da-selecao-brasileira-feminina-na-copa-do-mundo\/","title":{"rendered":"Prefeitura de Jo\u00e3o Pessoa ter\u00e1 expediente corrido em dias de jogos da Sele\u00e7\u00e3o Brasileira Feminina na Copa do Mundo"},"content":{"rendered":"<p>&nbsp;<\/p>\n<p>&nbsp;<\/p>\n<p>A Prefeitura de Jo\u00e3o Pessoa ter\u00e1 expediente diferenciado nos dias de jogos da Sele\u00e7\u00e3o Brasileira na Copa do Mundo Feminina de Futebol, que acontece a partir desta quinta-feira (20) at\u00e9 o dia 20 de agosto. De acordo com a Secretaria de Administra\u00e7\u00e3o (Sead), com esta altera\u00e7\u00e3o, nos dias em que as atletas brasileiras entrarem em campo, o expediente corrido ter\u00e1 in\u00edcio \u00e0s 11h indo at\u00e9 as 17h.<\/p>\n<p>O secret\u00e1rio de Administra\u00e7\u00e3o, Valdo Alves, explicou que a Prefeitura de Jo\u00e3o Pessoa adotar\u00e1 a medida que tradicionalmente era seguida apenas em jogos da Copa do Mundo masculina de futebol. \u201cNossos servidores poder\u00e3o se ausentar durante o hor\u00e1rio do jogo para prestigiar e torcer pelas nossas jogadoras\u201d, afirmou.<\/p>\n<p>A Copa do Mundo est\u00e1 sendo realizada na Austr\u00e1lia e Nova Zel\u00e2ndia e, devido ao fuso hor\u00e1rio, todos os jogos acontecer\u00e3o pela manh\u00e3. O primeiro jogo da Sele\u00e7\u00e3o Brasileira acontece na pr\u00f3xima segunda-feira (24) \u00e0s 8h, contra a sele\u00e7\u00e3o do Panam\u00e1. O segundo jogo acontece contra a Fran\u00e7a, no s\u00e1bado (29), e no dia 2 de agosto, uma quarta-feira, a Sele\u00e7\u00e3o joga contra a Jamaica, \u00e0s 7h. Com o avan\u00e7o do Brasil para as pr\u00f3ximas fases, a Sead divulgar\u00e1 o hor\u00e1rio do expediente.<\/p>\n<p>Apesar da altera\u00e7\u00e3o no expediente, os servi\u00e7os essenciais mantidos pela Prefeitura de Jo\u00e3o Pessoa est\u00e3o mantidos durante o hor\u00e1rio dos jogos, sem interrup\u00e7\u00e3o. As horas n\u00e3o trabalhadas ser\u00e3o compensadas posteriormente at\u00e9 o final do ano.<\/p>\n<p>O post <a rel=\"nofollow noopener\" href=\"https:\/\/wscom.com.br\/prefeitura-de-joao-pessoa-tera-expediente-corrido-em-dias-de-jogos-da-selecao-brasileira-feminina-na-copa-do-mundo\/\" target=\"_blank\">Prefeitura de Jo\u00e3o Pessoa ter\u00e1 expediente corrido em dias de jogos da Sele\u00e7\u00e3o Brasileira Feminina na Copa do Mundo<\/a> apareceu primeiro em <a rel=\"nofollow noopener\" href=\"https:\/\/wscom.com.br\/\" target=\"_blank\">WSCOM<\/a>.<\/p>\n","protected":false},"excerpt":{"rendered":"<p>\u00a0 \u00a0 A Prefeitura de Jo\u00e3o Pessoa ter\u00e1 expediente diferenciado nos dias de jogos da Sele\u00e7\u00e3o Brasileira na Copa do Mundo Feminina de Futebol, que acontece a partir desta quinta-feira (20) at\u00e9 o dia 20 de agosto. De acordo com a Secretaria de Administra\u00e7\u00e3o (Sead), com esta altera\u00e7\u00e3o, nos dias em que as atletas brasileiras [\u2026]<\/p>\n<p>O post <a rel=\"nofollow\" href=\"https:\/\/wscom.com.br\/prefeitura-de-joao-pessoa-tera-expediente-corrido-em-dias-de-jogos-da-selecao-brasileira-feminina-na-copa-do-mundo\/\">Prefeitura de Jo\u00e3o Pessoa ter\u00e1 expediente corrido em dias de jogos da Sele\u00e7\u00e3o Brasileira Feminina na Copa do Mundo<\/a> apareceu primeiro em <a rel=\"nofollow\" href=\"https:\/\/wscom.com.br\/\">WSCOM<\/a>.<\/p>\n","protected":false},"author":42,"featured_media":0,"comment_status":"closed","ping_status":"closed","sticky":false,"template":"","format":"standard","meta":{"advgb_blocks_editor_width":"","advgb_blocks_columns_visual_guide":"","footnotes":""},"categories":[2525,6597,34,1681,54,2017,5848],"tags":[35],"class_list":["post-26163","post","type-post","status-publish","format-standard","hentry","category-copa-do-mundo","category-expediente","category-g1","category-jogos","category-paraiba","category-prefeitura-de-joao-pessoa","category-selecao-brasileira-feminina","tag-g1"],"author_meta":{"display_name":"Rafael Andrade","author_link":"https:\/\/sindaopcpb.org.br\/author\/rafael-andrade\/"},"featured_img":null,"coauthors":[],"tax_additional":{"categories":{"linked":["<a href=\"https:\/\/sindaopcpb.org.br\/copa-do-mundo\/\" class=\"advgb-post-tax-term\">copa do mundo<\/a>","<a href=\"https:\/\/sindaopcpb.org.br\/expediente\/\" class=\"advgb-post-tax-term\">expediente<\/a>","<a href=\"https:\/\/sindaopcpb.org.br\/g1\/\" class=\"advgb-post-tax-term\">G1<\/a>","<a href=\"https:\/\/sindaopcpb.org.br\/jogos\/\" class=\"advgb-post-tax-term\">jogos<\/a>","<a href=\"https:\/\/sindaopcpb.org.br\/paraiba\/\" class=\"advgb-post-tax-term\">Para\u00edba<\/a>","<a href=\"https:\/\/sindaopcpb.org.br\/prefeitura-de-joao-pessoa\/\" class=\"advgb-post-tax-term\">Prefeitura de Jo\u00e3o Pessoa<\/a>","<a href=\"https:\/\/sindaopcpb.org.br\/selecao-brasileira-feminina\/\" class=\"advgb-post-tax-term\">sele\u00e7\u00e3o brasileira feminina<\/a>"],"unlinked":["<span class=\"advgb-post-tax-term\">copa do mundo<\/span>","<span class=\"advgb-post-tax-term\">expediente<\/span>","<span class=\"advgb-post-tax-term\">G1<\/span>","<span class=\"advgb-post-tax-term\">jogos<\/span>","<span class=\"advgb-post-tax-term\">Para\u00edba<\/span>","<span class=\"advgb-post-tax-term\">Prefeitura de Jo\u00e3o Pessoa<\/span>","<span class=\"advgb-post-tax-term\">sele\u00e7\u00e3o brasileira feminina<\/span>"]},"tags":{"linked":["<a href=\"https:\/\/sindaopcpb.org.br\/selecao-brasileira-feminina\/\" class=\"advgb-post-tax-term\">g1<\/a>"],"unlinked":["<span class=\"advgb-post-tax-term\">g1<\/span>"]}},"comment_count":"0","relative_dates":{"created":"Publicado 3 anos atr\u00e1s","modified":"Atualizado 3 anos atr\u00e1s"},"absolute_dates":{"created":"Publicado em 19 de julho de 2023","modified":"Atualizado em 19 de julho de 2023"},"absolute_dates_time":{"created":"Publicado em 19 de julho de 2023 11:02","modified":"Atualizado em 19 de julho de 2023 11:02"},"featured_img_caption":"","series_order":"","_links":{"self":[{"href":"https:\/\/sindaopcpb.org.br\/index.php\/wp-json\/wp\/v2\/posts\/26163","targetHints":{"allow":["GET"]}}],"collection":[{"href":"https:\/\/sindaopcpb.org.br\/index.php\/wp-json\/wp\/v2\/posts"}],"about":[{"href":"https:\/\/sindaopcpb.org.br\/index.php\/wp-json\/wp\/v2\/types\/post"}],"author":[{"embeddable":true,"href":"https:\/\/sindaopcpb.org.br\/index.php\/wp-json\/wp\/v2\/users\/42"}],"replies":[{"embeddable":true,"href":"https:\/\/sindaopcpb.org.br\/index.php\/wp-json\/wp\/v2\/comments?post=26163"}],"version-history":[{"count":1,"href":"https:\/\/sindaopcpb.org.br\/index.php\/wp-json\/wp\/v2\/posts\/26163\/revisions"}],"predecessor-version":[{"id":26164,"href":"https:\/\/sindaopcpb.org.br\/index.php\/wp-json\/wp\/v2\/posts\/26163\/revisions\/26164"}],"wp:attachment":[{"href":"https:\/\/sindaopcpb.org.br\/index.php\/wp-json\/wp\/v2\/media?parent=26163"}],"wp:term":[{"taxonomy":"category","embeddable":true,"href":"https:\/\/sindaopcpb.org.br\/index.php\/wp-json\/wp\/v2\/categories?post=26163"},{"taxonomy":"post_tag","embeddable":true,"href":"https:\/\/sindaopcpb.org.br\/index.php\/wp-json\/wp\/v2\/tags?post=26163"}],"curies":[{"name":"wp","href":"https:\/\/api.w.org\/{rel}","templated":true}]}}