{"id":26155,"date":"2023-07-19T10:32:00","date_gmt":"2023-07-19T13:32:00","guid":{"rendered":"https:\/\/www.infomoney.com.br\/?p=2190850"},"modified":"2023-07-19T10:32:00","modified_gmt":"2023-07-19T13:32:00","slug":"tarcisio-diz-que-excecoes-deformam-reforma-e-que-discussao-sobre-conselho-foi-supervalorizada","status":"publish","type":"post","link":"https:\/\/sindaopcpb.org.br\/index.php\/2023\/07\/19\/tarcisio-diz-que-excecoes-deformam-reforma-e-que-discussao-sobre-conselho-foi-supervalorizada\/","title":{"rendered":"Tarc\u00edsio diz que exce\u00e7\u00f5es deformam reforma e que discuss\u00e3o sobre conselho foi supervalorizada"},"content":{"rendered":"<p><img loading=\"lazy\" width=\"300\" height=\"197\" src=\"https:\/\/www.infomoney.com.br\/wp-content\/uploads\/2019\/06\/tarcisio-gomes-de-freitas-.jpg?fit=300%2C197&amp;quality=70&amp;strip=all\" class=\"attachment-medium size-medium wp-post-image\" alt=\"\" decoding=\"async\" style=\"float:right; margin:0 0 10px 10px;\" srcset=\"https:\/\/www.infomoney.com.br\/wp-content\/uploads\/2019\/06\/tarcisio-gomes-de-freitas-.jpg?w=900&amp;quality=70&amp;strip=all 900w, https:\/\/www.infomoney.com.br\/wp-content\/uploads\/2019\/06\/tarcisio-gomes-de-freitas-.jpg?w=300&amp;quality=70&amp;strip=all 300w, https:\/\/www.infomoney.com.br\/wp-content\/uploads\/2019\/06\/tarcisio-gomes-de-freitas-.jpg?w=768&amp;quality=70&amp;strip=all 768w, https:\/\/www.infomoney.com.br\/wp-content\/uploads\/2019\/06\/tarcisio-gomes-de-freitas-.jpg?w=150&amp;quality=70&amp;strip=all 150w\" sizes=\"auto, (max-width: 300px) 100vw, 300px\" data-attachment-id=\"54745\" data-permalink=\"https:\/\/www.infomoney.com.br\/?attachment_id=54745\" data-orig-file=\"https:\/\/www.infomoney.com.br\/wp-content\/uploads\/2019\/06\/tarcisio-gomes-de-freitas-.jpg?fit=900%2C590&amp;quality=70&amp;strip=all\" data-orig-size=\"900,590\" data-comments-opened=\"1\" data-image-meta=\"{&quot;aperture&quot;:&quot;0&quot;,&quot;credit&quot;:&quot;&quot;,&quot;camera&quot;:&quot;&quot;,&quot;caption&quot;:&quot;&quot;,&quot;created_timestamp&quot;:&quot;0&quot;,&quot;copyright&quot;:&quot;&quot;,&quot;focal_length&quot;:&quot;0&quot;,&quot;iso&quot;:&quot;0&quot;,&quot;shutter_speed&quot;:&quot;0&quot;,&quot;title&quot;:&quot;&quot;,&quot;orientation&quot;:&quot;0&quot;}\" data-image-title=\"tarcisio-gomes-de-freitas-\" data-image-description=\"\" data-image-caption=\"\" data-medium-file=\"https:\/\/www.infomoney.com.br\/wp-content\/uploads\/2019\/06\/tarcisio-gomes-de-freitas-.jpg?fit=300%2C197&amp;quality=70&amp;strip=all\" data-large-file=\"https:\/\/www.infomoney.com.br\/wp-content\/uploads\/2019\/06\/tarcisio-gomes-de-freitas-.jpg?fit=900%2C590&amp;quality=70&amp;strip=all\" title=\"\"><\/p>\n<p>O governador de S\u00e3o Paulo, Tarc\u00edsio de Freitas (Republicanos), afirmou, na ter\u00e7a-feira (18), que as exce\u00e7\u00f5es inclu\u00eddas no texto da reforma tribut\u00e1ria aprovado pela C\u00e2mara dos Deputados podem &#8220;distorcer&#8221; e &#8220;deformar&#8221; a proposta. Ele falou ainda em &#8220;supervaloriza\u00e7\u00e3o&#8221; das discuss\u00f5es sobre a governan\u00e7a do Conselho Federativo, que ficar\u00e1 respons\u00e1vel pela gest\u00e3o do IBS, o imposto a ser repartido entre Estados e munic\u00edpios.<\/p>\n<p>&#8220;Quanto mais exce\u00e7\u00e3o, mais distor\u00e7\u00e3o e mais deforma\u00e7\u00e3o a gente vai ter na reforma&#8221;, reclamou o governador, em entrevista a jornalistas ap\u00f3s o lan\u00e7amento do UniversalizaSP, programa que visa ampliar investimentos estaduais na universaliza\u00e7\u00e3o do saneamento em 250 munic\u00edpios paulistas.<\/p>\n<p>Ao falar sobre as exce\u00e7\u00f5es, Tarc\u00edsio lembrou do incentivo fiscal para montadoras de ve\u00edculos, que beneficiaria Estados do Nordeste, mas foi retirado do texto momentos antes da vota\u00e7\u00e3o na C\u00e2mara.<\/p>\n<p>&#8220;Teve o benef\u00edcio tribut\u00e1rio da f\u00e1brica de Pernambuco e da Bahia, que caiu. Veja, voc\u00ea est\u00e1 deliberando sobre uma reforma tribut\u00e1ria, e o objetivo da reforma \u00e9 acabar com a guerra fiscal. Voc\u00ea coloca uma cl\u00e1usula para criar guerra fiscal na reforma tribut\u00e1ria. N\u00e3o faz o menor sentido. Pelo amor de Deus, se a gente est\u00e1 aprovando uma reforma tribut\u00e1ria, \u00e9 justamente para acabar com a distor\u00e7\u00e3o, com a guerra fiscal&#8221;, criticou.<\/p>\n<p>Tarc\u00edsio defendeu a inclus\u00e3o, no texto da reforma, de um item que considera a popula\u00e7\u00e3o dos Estados para definir o peso de cada um nas delibera\u00e7\u00f5es do Conselho Federativo, que ficar\u00e1 respons\u00e1vel pela gest\u00e3o do IBS, imposto a ser repartido entre as unidades da federa\u00e7\u00e3o e os munic\u00edpios. A norma foi um pleito do governador para dar apoio \u00e0 proposta.<\/p>\n<p>&#8220;Quando a gente coloca uma cl\u00e1usula de participa\u00e7\u00e3o proporcional \u00e0 popula\u00e7\u00e3o, o que a gente est\u00e1 for\u00e7ando, na verdade, \u00e9 o estabelecimento de consenso nas decis\u00f5es que forem tomadas&#8221;, disse. Para ele, h\u00e1 supervaloriza\u00e7\u00e3o nas discuss\u00f5es sobre a quest\u00e3o.<\/p>\n<p>O governador ainda minimizou a movimenta\u00e7\u00e3o de Estados do Norte, Nordeste e Centro-Oeste para alterar o texto da reforma no Senado. &#8220;\u00c9 natural. Cada Estado vai querer defender seu interesse&#8221;, analisou. Como mostrou o Estad\u00e3o\/Broadcast, o governador monitora a movimenta\u00e7\u00e3o e prev\u00ea uma contraofensiva, segundo auxiliares.<\/p>\n<p>The post <a rel=\"nofollow noopener\" href=\"https:\/\/www.infomoney.com.br\/politica\/tarcisio-diz-que-excecoes-deformam-reforma-e-que-discussao-sobre-conselho-foi-supervalorizada\/\" target=\"_blank\">Tarc\u00edsio diz que exce\u00e7\u00f5es deformam reforma e que discuss\u00e3o sobre conselho foi supervalorizada<\/a> appeared first on <a rel=\"nofollow noopener\" href=\"https:\/\/www.infomoney.com.br\/\" target=\"_blank\">InfoMoney<\/a>.<\/p>\n","protected":false},"excerpt":{"rendered":"<p><img loading=\"lazy\" decoding=\"async\" width=\"300\" height=\"197\" src=\"https:\/\/www.infomoney.com.br\/wp-content\/uploads\/2019\/06\/tarcisio-gomes-de-freitas-.jpg?fit=300%2C197&amp;quality=70&amp;strip=all\" class=\"attachment-medium size-medium wp-post-image\" alt=\"\" data-attachment-id=\"54745\" data-permalink=\"https:\/\/www.infomoney.com.br\/?attachment_id=54745\" data-orig-file=\"https:\/\/www.infomoney.com.br\/wp-content\/uploads\/2019\/06\/tarcisio-gomes-de-freitas-.jpg?fit=900%2C590&amp;quality=70&amp;strip=all\" data-orig-size=\"900,590\" data-comments-opened=\"1\" data-image-meta='{\"aperture\":\"0\",\"credit\":\"\",\"camera\":\"\",\"caption\":\"\",\"created_timestamp\":\"0\",\"copyright\":\"\",\"focal_length\":\"0\",\"iso\":\"0\",\"shutter_speed\":\"0\",\"title\":\"\",\"orientation\":\"0\"}' data-image-title=\"tarcisio-gomes-de-freitas-\" data-image-description=\"\" data-image-caption=\"\" data-medium-file=\"https:\/\/www.infomoney.com.br\/wp-content\/uploads\/2019\/06\/tarcisio-gomes-de-freitas-.jpg?fit=300%2C197&amp;quality=70&amp;strip=all\" data-large-file=\"https:\/\/www.infomoney.com.br\/wp-content\/uploads\/2019\/06\/tarcisio-gomes-de-freitas-.jpg?fit=900%2C590&amp;quality=70&amp;strip=all\">Governador minimizou a movimenta\u00e7\u00e3o de Estados do Norte, Nordeste e Centro-Oeste para alterar o texto da reforma no Senado<\/p>\n<p>The post <a rel=\"nofollow\" href=\"https:\/\/www.infomoney.com.br\/politica\/tarcisio-diz-que-excecoes-deformam-reforma-e-que-discussao-sobre-conselho-foi-supervalorizada\/\">Tarc\u00edsio diz que exce\u00e7\u00f5es deformam reforma e que discuss\u00e3o sobre conselho foi supervalorizada<\/a> appeared first on <a rel=\"nofollow\" href=\"https:\/\/www.infomoney.com.br\/\">InfoMoney<\/a>.<\/p>\n","protected":false},"author":43,"featured_media":0,"comment_status":"closed","ping_status":"closed","sticky":false,"template":"","format":"standard","meta":{"advgb_blocks_editor_width":"","advgb_blocks_columns_visual_guide":"","footnotes":""},"categories":[276,34,1611,47,191,367],"tags":[35],"class_list":["post-26155","post","type-post","status-publish","format-standard","hentry","category-camara-dos-deputados","category-g1","category-municipios","category-politica","category-reforma-tributaria","category-tarcisio-de-freitas","tag-g1"],"author_meta":{"display_name":"Estad\u00e3o Conte\u00fado","author_link":"https:\/\/sindaopcpb.org.br\/author\/estadao-conteudo\/"},"featured_img":null,"coauthors":[],"tax_additional":{"categories":{"linked":["<a href=\"https:\/\/sindaopcpb.org.br\/camara-dos-deputados\/\" class=\"advgb-post-tax-term\">C\u00e2mara dos Deputados<\/a>","<a href=\"https:\/\/sindaopcpb.org.br\/g1\/\" class=\"advgb-post-tax-term\">G1<\/a>","<a href=\"https:\/\/sindaopcpb.org.br\/municipios\/\" class=\"advgb-post-tax-term\">Munic\u00edpios<\/a>","<a href=\"https:\/\/sindaopcpb.org.br\/politica\/\" class=\"advgb-post-tax-term\">POLITICA<\/a>","<a href=\"https:\/\/sindaopcpb.org.br\/reforma-tributaria\/\" class=\"advgb-post-tax-term\">reforma tribut\u00e1ria<\/a>","<a href=\"https:\/\/sindaopcpb.org.br\/tarcisio-de-freitas\/\" class=\"advgb-post-tax-term\">Tarc\u00edsio de Freitas<\/a>"],"unlinked":["<span class=\"advgb-post-tax-term\">C\u00e2mara dos Deputados<\/span>","<span class=\"advgb-post-tax-term\">G1<\/span>","<span class=\"advgb-post-tax-term\">Munic\u00edpios<\/span>","<span class=\"advgb-post-tax-term\">POLITICA<\/span>","<span class=\"advgb-post-tax-term\">reforma tribut\u00e1ria<\/span>","<span class=\"advgb-post-tax-term\">Tarc\u00edsio de Freitas<\/span>"]},"tags":{"linked":["<a href=\"https:\/\/sindaopcpb.org.br\/tarcisio-de-freitas\/\" class=\"advgb-post-tax-term\">g1<\/a>"],"unlinked":["<span class=\"advgb-post-tax-term\">g1<\/span>"]}},"comment_count":"0","relative_dates":{"created":"Publicado 3 anos atr\u00e1s","modified":"Atualizado 3 anos atr\u00e1s"},"absolute_dates":{"created":"Publicado em 19 de julho de 2023","modified":"Atualizado em 19 de julho de 2023"},"absolute_dates_time":{"created":"Publicado em 19 de julho de 2023 10:32","modified":"Atualizado em 19 de julho de 2023 10:32"},"featured_img_caption":"","series_order":"","_links":{"self":[{"href":"https:\/\/sindaopcpb.org.br\/index.php\/wp-json\/wp\/v2\/posts\/26155","targetHints":{"allow":["GET"]}}],"collection":[{"href":"https:\/\/sindaopcpb.org.br\/index.php\/wp-json\/wp\/v2\/posts"}],"about":[{"href":"https:\/\/sindaopcpb.org.br\/index.php\/wp-json\/wp\/v2\/types\/post"}],"author":[{"embeddable":true,"href":"https:\/\/sindaopcpb.org.br\/index.php\/wp-json\/wp\/v2\/users\/43"}],"replies":[{"embeddable":true,"href":"https:\/\/sindaopcpb.org.br\/index.php\/wp-json\/wp\/v2\/comments?post=26155"}],"version-history":[{"count":1,"href":"https:\/\/sindaopcpb.org.br\/index.php\/wp-json\/wp\/v2\/posts\/26155\/revisions"}],"predecessor-version":[{"id":26156,"href":"https:\/\/sindaopcpb.org.br\/index.php\/wp-json\/wp\/v2\/posts\/26155\/revisions\/26156"}],"wp:attachment":[{"href":"https:\/\/sindaopcpb.org.br\/index.php\/wp-json\/wp\/v2\/media?parent=26155"}],"wp:term":[{"taxonomy":"category","embeddable":true,"href":"https:\/\/sindaopcpb.org.br\/index.php\/wp-json\/wp\/v2\/categories?post=26155"},{"taxonomy":"post_tag","embeddable":true,"href":"https:\/\/sindaopcpb.org.br\/index.php\/wp-json\/wp\/v2\/tags?post=26155"}],"curies":[{"name":"wp","href":"https:\/\/api.w.org\/{rel}","templated":true}]}}