{"id":26146,"date":"2023-07-19T11:05:03","date_gmt":"2023-07-19T14:05:03","guid":{"rendered":"https:\/\/g1.globo.com\/pb\/paraiba\/noticia\/2023\/07\/19\/prefeitura-de-joao-pessoa-ira-decretar-ponto-facultativo-em-jogos-da-selecao-feminina-na-copa-do-mundo.ghtml"},"modified":"2023-07-19T11:05:03","modified_gmt":"2023-07-19T14:05:03","slug":"prefeitura-de-joao-pessoa-ira-decretar-ponto-facultativo-em-jogos-da-selecao-feminina-na-copa-do-mundo","status":"publish","type":"post","link":"https:\/\/sindaopcpb.org.br\/index.php\/2023\/07\/19\/prefeitura-de-joao-pessoa-ira-decretar-ponto-facultativo-em-jogos-da-selecao-feminina-na-copa-do-mundo\/","title":{"rendered":"Prefeitura de Jo\u00e3o Pessoa ir\u00e1 decretar ponto facultativo em jogos da Sele\u00e7\u00e3o feminina na Copa do Mundo"},"content":{"rendered":"   <img src=\"https:\/\/s2.glbimg.com\/fcULFJxqF2ExJyMize6gdpFwQxM=\/i.s3.glbimg.com\/v1\/AUTH_59edd422c0c84a879bd37670ae4f538a\/internal_photos\/bs\/2022\/3\/Z\/FQz7YMRDyFtXAAik9ZcA\/selecao.png\" \/><br \/>     Servi\u00e7os essenciais ser\u00e3o mantidos. As horas n\u00e3o trabalhadas ser\u00e3o compensadas posteriormente at\u00e9 o final do ano. Sele\u00e7\u00e3o feminina \u00e9 campe\u00e3 da Copa Am\u00e9rica de futebol\nGetty Images\nA Prefeitura de Jo\u00e3o Pessoa ir\u00e1 decretar uma portaria com as regras para permitir ponto facultativo para servidores p\u00fablicos do munic\u00edpio nos dias de jogos da Sele\u00e7\u00e3o Brasileira Feminina de futebol durante a Copa do Mundo, que ser\u00e1 disputada na Austr\u00e1lia e Nova Zel\u00e2ndia, nos meses de julho e agosto.\nDe acordo com a Secretaria de Administra\u00e7\u00e3o (Sead), o expediente funcionar\u00e1 em hor\u00e1rio diferenciado. Com a altera\u00e7\u00e3o, nos dias em que as atletas brasileiras entrarem em campo, o expediente corrido ter\u00e1 in\u00edcio \u00e0s 11h indo at\u00e9 as 17h.\nOs servi\u00e7os essenciais ser\u00e3o mantidos durante o hor\u00e1rio dos jogos, sem interrup\u00e7\u00e3o. As horas n\u00e3o trabalhadas ser\u00e3o compensadas posteriormente at\u00e9 o final do ano.\nLEIA TAMB\u00c9M\nCopa do Mundo Feminina: Governo da Para\u00edba decide decretar ponto facultativo em jogos da Sele\u00e7\u00e3o \nO torneio ocorre entre os dias 20 de julho e 20 de agosto. Mas a estreia da sele\u00e7\u00e3o brasileira feminina ocorre no pr\u00f3ximo dia 24, contra o Panam\u00e1. A equipe est\u00e1 no Grupo F, que conta ainda com Fran\u00e7a e Jamaica (veja tabela abaixo).\nA Sead ainda informa, que com o avan\u00e7o do Brasil para as pr\u00f3ximas fases, o hor\u00e1rio do expediente ser\u00e1 divulgado.\nO ponto facultativo em dias de jogos \u00e9 uma medida tradicionalmente adotada na Copa do Mundo masculina de futebol.\nJogos da Sele\u00e7\u00e3o\nQuando ser\u00e3o os jogos do Brasil na Copa do Mundo Feminina\nMarta, Formiga e Cristiane comandaram a \u00e9poca mais vitoriosa da Sele\u00e7\u00e3o Brasileira feminina de futebol\nV\u00eddeos mais assistidos da Para\u00edba  ","protected":false},"excerpt":{"rendered":"<p>        Servi\u00e7os essenciais ser\u00e3o mantidos. As horas n\u00e3o trabalhadas ser\u00e3o compensadas posteriormente at\u00e9 o final do ano. Sele\u00e7\u00e3o feminina \u00e9 campe\u00e3 da Copa Am\u00e9rica de futebol<br \/>\nGetty Images<br \/>\nA Prefeitura de Jo\u00e3o Pessoa ir\u00e1 decretar uma portaria com as reg&#8230;<\/p>\n","protected":false},"author":2,"featured_media":0,"comment_status":"closed","ping_status":"closed","sticky":false,"template":"","format":"standard","meta":{"advgb_blocks_editor_width":"","advgb_blocks_columns_visual_guide":"","footnotes":""},"categories":[34],"tags":[35],"class_list":["post-26146","post","type-post","status-publish","format-standard","hentry","category-g1","tag-g1"],"author_meta":{"display_name":"g1 &gt; Para\u00edba","author_link":"https:\/\/sindaopcpb.org.br\/author\/g1-paraiba\/"},"featured_img":null,"coauthors":[],"tax_additional":{"categories":{"linked":["<a href=\"https:\/\/sindaopcpb.org.br\/g1\/\" class=\"advgb-post-tax-term\">G1<\/a>"],"unlinked":["<span class=\"advgb-post-tax-term\">G1<\/span>"]},"tags":{"linked":["<a href=\"https:\/\/sindaopcpb.org.br\/g1\/\" class=\"advgb-post-tax-term\">g1<\/a>"],"unlinked":["<span class=\"advgb-post-tax-term\">g1<\/span>"]}},"comment_count":"0","relative_dates":{"created":"Publicado 3 anos atr\u00e1s","modified":"Atualizado 3 anos atr\u00e1s"},"absolute_dates":{"created":"Publicado em 19 de julho de 2023","modified":"Atualizado em 19 de julho de 2023"},"absolute_dates_time":{"created":"Publicado em 19 de julho de 2023 11:05","modified":"Atualizado em 19 de julho de 2023 11:05"},"featured_img_caption":"","series_order":"","_links":{"self":[{"href":"https:\/\/sindaopcpb.org.br\/index.php\/wp-json\/wp\/v2\/posts\/26146","targetHints":{"allow":["GET"]}}],"collection":[{"href":"https:\/\/sindaopcpb.org.br\/index.php\/wp-json\/wp\/v2\/posts"}],"about":[{"href":"https:\/\/sindaopcpb.org.br\/index.php\/wp-json\/wp\/v2\/types\/post"}],"author":[{"embeddable":true,"href":"https:\/\/sindaopcpb.org.br\/index.php\/wp-json\/wp\/v2\/users\/2"}],"replies":[{"embeddable":true,"href":"https:\/\/sindaopcpb.org.br\/index.php\/wp-json\/wp\/v2\/comments?post=26146"}],"version-history":[{"count":1,"href":"https:\/\/sindaopcpb.org.br\/index.php\/wp-json\/wp\/v2\/posts\/26146\/revisions"}],"predecessor-version":[{"id":26147,"href":"https:\/\/sindaopcpb.org.br\/index.php\/wp-json\/wp\/v2\/posts\/26146\/revisions\/26147"}],"wp:attachment":[{"href":"https:\/\/sindaopcpb.org.br\/index.php\/wp-json\/wp\/v2\/media?parent=26146"}],"wp:term":[{"taxonomy":"category","embeddable":true,"href":"https:\/\/sindaopcpb.org.br\/index.php\/wp-json\/wp\/v2\/categories?post=26146"},{"taxonomy":"post_tag","embeddable":true,"href":"https:\/\/sindaopcpb.org.br\/index.php\/wp-json\/wp\/v2\/tags?post=26146"}],"curies":[{"name":"wp","href":"https:\/\/api.w.org\/{rel}","templated":true}]}}