{"id":26140,"date":"2023-07-19T09:46:03","date_gmt":"2023-07-19T12:46:03","guid":{"rendered":"https:\/\/wpa.wscom.com.br\/?p=912706"},"modified":"2023-07-19T09:46:03","modified_gmt":"2023-07-19T12:46:03","slug":"bailarino-da-companhia-de-danca-de-joao-pessoa-e-finalista-em-festival-de-joinville","status":"publish","type":"post","link":"https:\/\/sindaopcpb.org.br\/index.php\/2023\/07\/19\/bailarino-da-companhia-de-danca-de-joao-pessoa-e-finalista-em-festival-de-joinville\/","title":{"rendered":"Bailarino da Companhia de Dan\u00e7a de Jo\u00e3o Pessoa \u00e9 finalista em Festival de Joinville"},"content":{"rendered":"<p>O bailarino Gabriel Morais, da Companhia Municipal de Dan\u00e7a de Jo\u00e3o Pessoa, vai se apresentar no palco principal do Festival de Dan\u00e7a de Joinville, no pr\u00f3ximo s\u00e1bado (22), na varia\u00e7\u00e3o masculina La Fille Mal Gard\u00e9e. Ele, que est\u00e1 representando a Capital da Para\u00edba na 40\u00aa edi\u00e7\u00e3o do evento, passou pela sele\u00e7\u00e3o final das varia\u00e7\u00f5es na segunda-feira (17). O Festival, considerado o maior do mundo pelo Guiness Book, acontece de 17 a 29 de julho, em Santa Catarina, re\u00fane bailarinos de 25 estados e de pa\u00edses como Fran\u00e7a, Estados Unidos e Paraguai.<\/p>\n<p>\u201cA participa\u00e7\u00e3o do Gabriel no Festival de Dan\u00e7a de Joinville tem uma import\u00e2ncia dupla para n\u00f3s. Primeiro, porque mostra a qualidade e a capacidade dos nossos bailarinos da Companhia Municipal de Dan\u00e7a. Depois, porque come\u00e7a a se abrir um leque de op\u00e7\u00f5es nacionais para que a nossa Companhia de Dan\u00e7a possa se fazer presente no cen\u00e1rio nacional\u201d, declarou o diretor executivo da Funjope, Marcus Alves.<\/p>\n<p>Ele ressalta que isso tamb\u00e9m confirma o acerto que o prefeito C\u00edcero Lucena teve em 2021, quando foi criada a Companhia, em plena pandemia da Covid-19, e foi feito todo o processo de contrata\u00e7\u00e3o por meio de concurso p\u00fablico para os bailarinos. \u201cEles t\u00eam se capacitado, treinado, ensaiado de forma disciplinada, constante, de maneira que a Companhia tem hoje v\u00e1rios espet\u00e1culos montados e pode ofertar, n\u00e3o s\u00f3 \u00e0 cidade de Jo\u00e3o Pessoa, mas a toda a Para\u00edba e ao Brasil, espet\u00e1culos e performances de alto n\u00edvel. \u00c9 uma felicidade muito grande estimularmos a nossa Companhia\u201d, afirmou o diretor.<\/p>\n<p>Para Gabriel, \u00e9 uma realiza\u00e7\u00e3o. \u201cEst\u00e1 sendo muito importante para mim estar participando do Festival de Dan\u00e7a de Joinville, um dos mais renomados. Estou muito mais feliz por estar representando a Companhia de Dan\u00e7a de Jo\u00e3o Pessoa e ser o \u00fanico a representar minha cidade. Gra\u00e7as \u00e0 Prefeitura estou participando desse Festival. S\u00f3 tenho a agradecer por poder estar aqui nesse momento t\u00e3o especial e importante na minha vida\u201d, declarou o bailarino.<\/p>\n<figure class=\"wp-block-gallery has-nested-images columns-default is-cropped wp-block-gallery-3 is-layout-flex\">\n<figure class=\"wp-block-image size-large\"><img decoding=\"async\" loading=\"lazy\" class=\"wp-image-318631\" src=\"https:\/\/www.joaopessoa.pb.gov.br\/wp-content\/uploads\/2023\/07\/Funjope_bailarino-festival-2-878x1024.jpg\" sizes=\"auto, (max-width: 878px) 100vw, 878px\" srcset=\"https:\/\/www.joaopessoa.pb.gov.br\/wp-content\/uploads\/2023\/07\/Funjope_bailarino-festival-2-878x1024.jpg 878w, https:\/\/www.joaopessoa.pb.gov.br\/wp-content\/uploads\/2023\/07\/Funjope_bailarino-festival-2-768x895.jpg 768w, https:\/\/www.joaopessoa.pb.gov.br\/wp-content\/uploads\/2023\/07\/Funjope_bailarino-festival-2.jpg 1170w\" alt=\"\" width=\"878\" height=\"1024\" data-id=\"318631\" title=\"\"><\/figure>\n<figure class=\"wp-block-image size-large\"><img decoding=\"async\" loading=\"lazy\" class=\"wp-image-318632\" src=\"https:\/\/www.joaopessoa.pb.gov.br\/wp-content\/uploads\/2023\/07\/Funjope_bailarino-festival-3-1024x1024.jpg\" sizes=\"auto, (max-width: 1024px) 100vw, 1024px\" srcset=\"https:\/\/www.joaopessoa.pb.gov.br\/wp-content\/uploads\/2023\/07\/Funjope_bailarino-festival-3-1024x1024.jpg 1024w, https:\/\/www.joaopessoa.pb.gov.br\/wp-content\/uploads\/2023\/07\/Funjope_bailarino-festival-3-768x768.jpg 768w, https:\/\/www.joaopessoa.pb.gov.br\/wp-content\/uploads\/2023\/07\/Funjope_bailarino-festival-3-150x150.jpg 150w, https:\/\/www.joaopessoa.pb.gov.br\/wp-content\/uploads\/2023\/07\/Funjope_bailarino-festival-3-500x500.jpg 500w, https:\/\/www.joaopessoa.pb.gov.br\/wp-content\/uploads\/2023\/07\/Funjope_bailarino-festival-3-300x300.jpg 300w, https:\/\/www.joaopessoa.pb.gov.br\/wp-content\/uploads\/2023\/07\/Funjope_bailarino-festival-3.jpg 1280w\" alt=\"\" width=\"1024\" height=\"1024\" data-id=\"318632\" title=\"\"><\/figure>\n<\/figure>\n<p>Stella Carvalho, que est\u00e1 \u00e0 frente da Companhia Municipal de Dan\u00e7a de Jo\u00e3o Pessoa, ressaltou que \u00e9 uma grande felicidade e orgulho. \u201cNosso querido Gabriel Morais, com o solo de repert\u00f3rio La Fille Mal Gard\u00e9e, foi aprovado para a sele\u00e7\u00e3o final do palco principal. Ontem fez uma audi\u00e7\u00e3o e foi selecionado como um dos finalistas\u201d, comemorou. E acrescentou: \u201cFicamos muito felizes, pois estamos entre as melhores companhias de dan\u00e7a do Brasil. Com essa visibilidade em Joinville, as portas se abrir\u00e3o mais ainda a partir de agora\u201d.<\/p>\n<p>Gabriel \u00e9 um dos bailarinos formados pelo Bolshoi no projeto que o prefeito C\u00edcero Lucena idealizou em sua primeira gest\u00e3o. Ao todo, quatro bailarinos terminaram os estudos em Joinville. Outros dois chegaram \u00e0 metade do curso, totalizando 6 bailarinos com passagem pela Escola do Bolshoi e que atualmente comp\u00f5em a Cia Municipal de Dan\u00e7a de Jo\u00e3o Pessoa.<\/p>\n<p><strong>Festival \u2013\u00a0<\/strong>A abertura oficial da edi\u00e7\u00e3o 2023 do Festival de Dan\u00e7a de Joinville foi na segunda-feira (17), com a apresenta\u00e7\u00e3o da Companhia Bill T. Jones\/Arnie Zane Company, norte-americana, que trouxe o espet\u00e1culo de dan\u00e7a contempor\u00e2nea \u2018What Problem?\u2019.<\/p>\n<p>S\u00e3o mais de 13 mil dan\u00e7arinos participando do evento. A organiza\u00e7\u00e3o estima que, entre dan\u00e7arinos e visitantes, mais de 230 mil pessoas devem passar pelo evento que acontece no Centreventos Cau Hansen.<\/p>\n<figure class=\"wp-block-gallery has-nested-images columns-default is-cropped wp-block-gallery-5 is-layout-flex\">\n<figure class=\"wp-block-image size-full\"><img decoding=\"async\" loading=\"lazy\" class=\"wp-image-318634\" src=\"https:\/\/www.joaopessoa.pb.gov.br\/wp-content\/uploads\/2023\/07\/Funjope_bailarino_festival.jpg\" sizes=\"auto, (max-width: 1024px) 100vw, 1024px\" srcset=\"https:\/\/www.joaopessoa.pb.gov.br\/wp-content\/uploads\/2023\/07\/Funjope_bailarino_festival.jpg 1024w, https:\/\/www.joaopessoa.pb.gov.br\/wp-content\/uploads\/2023\/07\/Funjope_bailarino_festival-768x512.jpg 768w, https:\/\/www.joaopessoa.pb.gov.br\/wp-content\/uploads\/2023\/07\/Funjope_bailarino_festival-600x400.jpg 600w\" alt=\"\" width=\"1024\" height=\"682\" data-id=\"318634\" title=\"\"><\/figure>\n<figure class=\"wp-block-image size-large\"><img decoding=\"async\" loading=\"lazy\" class=\"wp-image-318635\" src=\"https:\/\/www.joaopessoa.pb.gov.br\/wp-content\/uploads\/2023\/07\/Funjope_bailarino-festival-1-1024x768.jpg\" sizes=\"auto, (max-width: 1024px) 100vw, 1024px\" srcset=\"https:\/\/www.joaopessoa.pb.gov.br\/wp-content\/uploads\/2023\/07\/Funjope_bailarino-festival-1-1024x768.jpg 1024w, https:\/\/www.joaopessoa.pb.gov.br\/wp-content\/uploads\/2023\/07\/Funjope_bailarino-festival-1-640x480.jpg 640w, https:\/\/www.joaopessoa.pb.gov.br\/wp-content\/uploads\/2023\/07\/Funjope_bailarino-festival-1-768x576.jpg 768w, https:\/\/www.joaopessoa.pb.gov.br\/wp-content\/uploads\/2023\/07\/Funjope_bailarino-festival-1.jpg 1280w\" alt=\"\" width=\"1024\" height=\"768\" data-id=\"318635\" title=\"\"><\/figure>\n<\/figure>\n<p>O Festival de Dan\u00e7a de Joinville tem v\u00e1rias etapas. Uma delas \u00e9 a Mostra Competitiva que envolve ballet cl\u00e1ssico de repert\u00f3rio, ballet neocl\u00e1ssico, dan\u00e7a contempor\u00e2nea, dan\u00e7as populares brasileiras, dan\u00e7as populares, internacionais, dan\u00e7as urbanas, jazz e sapateado.<\/p>\n<p>H\u00e1 o Festival 40+ para amadores acima dos 40 anos; o Festival Meia Ponta para crian\u00e7as nascidas de 2011 a 2013; a Feira da Sapatilha, que re\u00fane as tend\u00eancias em moda, figurinos, tecnologia, artesanato; e ainda a Dance Parade, um desfile que acontece no s\u00e1bado (22) com o objetivo de promover a dan\u00e7a como forma de arte expressiva e unificadora.<\/p>\n<p>O post <a rel=\"nofollow noopener\" href=\"https:\/\/wscom.com.br\/bailarino-da-companhia-de-danca-de-joao-pessoa-e-finalista-em-festival-de-joinville\/\" target=\"_blank\">Bailarino da Companhia de Dan\u00e7a de Jo\u00e3o Pessoa \u00e9 finalista em Festival de Joinville<\/a> apareceu primeiro em <a rel=\"nofollow noopener\" href=\"https:\/\/wscom.com.br\/\" target=\"_blank\">WSCOM<\/a>.<\/p>\n","protected":false},"excerpt":{"rendered":"<p>O bailarino Gabriel Morais, da Companhia Municipal de Dan\u00e7a de Jo\u00e3o Pessoa, vai se apresentar no palco principal do Festival de Dan\u00e7a de Joinville, no pr\u00f3ximo s\u00e1bado (22), na varia\u00e7\u00e3o masculina La Fille Mal Gard\u00e9e. Ele, que est\u00e1 representando a Capital da Para\u00edba na 40\u00aa edi\u00e7\u00e3o do evento, passou pela sele\u00e7\u00e3o final das varia\u00e7\u00f5es na [\u2026]<\/p>\n<p>O post <a rel=\"nofollow\" href=\"https:\/\/wscom.com.br\/bailarino-da-companhia-de-danca-de-joao-pessoa-e-finalista-em-festival-de-joinville\/\">Bailarino da Companhia de Dan\u00e7a de Jo\u00e3o Pessoa \u00e9 finalista em Festival de Joinville<\/a> apareceu primeiro em <a rel=\"nofollow\" href=\"https:\/\/wscom.com.br\/\">WSCOM<\/a>.<\/p>\n","protected":false},"author":49,"featured_media":0,"comment_status":"closed","ping_status":"closed","sticky":false,"template":"","format":"standard","meta":{"advgb_blocks_editor_width":"","advgb_blocks_columns_visual_guide":"","footnotes":""},"categories":[6585,6586,170,6587,34,2270],"tags":[35],"class_list":["post-26140","post","type-post","status-publish","format-standard","hentry","category-bailarino-gabriel-morais","category-companhia-de-danca-de-joao-pessoa","category-cultura","category-festival-de-joinville","category-g1","category-santa-catarina","tag-g1"],"author_meta":{"display_name":"Cristiane Cavalcante","author_link":"https:\/\/sindaopcpb.org.br\/author\/cristiane-cavalcante\/"},"featured_img":null,"coauthors":[],"tax_additional":{"categories":{"linked":["<a href=\"https:\/\/sindaopcpb.org.br\/bailarino-gabriel-morais\/\" class=\"advgb-post-tax-term\">bailarino Gabriel Morais<\/a>","<a href=\"https:\/\/sindaopcpb.org.br\/companhia-de-danca-de-joao-pessoa\/\" class=\"advgb-post-tax-term\">Companhia de Dan\u00e7a de Jo\u00e3o Pessoa<\/a>","<a href=\"https:\/\/sindaopcpb.org.br\/cultura\/\" class=\"advgb-post-tax-term\">Cultura<\/a>","<a href=\"https:\/\/sindaopcpb.org.br\/festival-de-joinville\/\" class=\"advgb-post-tax-term\">Festival de Joinville<\/a>","<a href=\"https:\/\/sindaopcpb.org.br\/g1\/\" class=\"advgb-post-tax-term\">G1<\/a>","<a href=\"https:\/\/sindaopcpb.org.br\/santa-catarina\/\" class=\"advgb-post-tax-term\">Santa Catarina<\/a>"],"unlinked":["<span class=\"advgb-post-tax-term\">bailarino Gabriel Morais<\/span>","<span class=\"advgb-post-tax-term\">Companhia de Dan\u00e7a de Jo\u00e3o Pessoa<\/span>","<span class=\"advgb-post-tax-term\">Cultura<\/span>","<span class=\"advgb-post-tax-term\">Festival de Joinville<\/span>","<span class=\"advgb-post-tax-term\">G1<\/span>","<span class=\"advgb-post-tax-term\">Santa Catarina<\/span>"]},"tags":{"linked":["<a href=\"https:\/\/sindaopcpb.org.br\/santa-catarina\/\" class=\"advgb-post-tax-term\">g1<\/a>"],"unlinked":["<span class=\"advgb-post-tax-term\">g1<\/span>"]}},"comment_count":"0","relative_dates":{"created":"Publicado 3 anos atr\u00e1s","modified":"Atualizado 3 anos atr\u00e1s"},"absolute_dates":{"created":"Publicado em 19 de julho de 2023","modified":"Atualizado em 19 de julho de 2023"},"absolute_dates_time":{"created":"Publicado em 19 de julho de 2023 09:46","modified":"Atualizado em 19 de julho de 2023 09:46"},"featured_img_caption":"","series_order":"","_links":{"self":[{"href":"https:\/\/sindaopcpb.org.br\/index.php\/wp-json\/wp\/v2\/posts\/26140","targetHints":{"allow":["GET"]}}],"collection":[{"href":"https:\/\/sindaopcpb.org.br\/index.php\/wp-json\/wp\/v2\/posts"}],"about":[{"href":"https:\/\/sindaopcpb.org.br\/index.php\/wp-json\/wp\/v2\/types\/post"}],"author":[{"embeddable":true,"href":"https:\/\/sindaopcpb.org.br\/index.php\/wp-json\/wp\/v2\/users\/49"}],"replies":[{"embeddable":true,"href":"https:\/\/sindaopcpb.org.br\/index.php\/wp-json\/wp\/v2\/comments?post=26140"}],"version-history":[{"count":1,"href":"https:\/\/sindaopcpb.org.br\/index.php\/wp-json\/wp\/v2\/posts\/26140\/revisions"}],"predecessor-version":[{"id":26141,"href":"https:\/\/sindaopcpb.org.br\/index.php\/wp-json\/wp\/v2\/posts\/26140\/revisions\/26141"}],"wp:attachment":[{"href":"https:\/\/sindaopcpb.org.br\/index.php\/wp-json\/wp\/v2\/media?parent=26140"}],"wp:term":[{"taxonomy":"category","embeddable":true,"href":"https:\/\/sindaopcpb.org.br\/index.php\/wp-json\/wp\/v2\/categories?post=26140"},{"taxonomy":"post_tag","embeddable":true,"href":"https:\/\/sindaopcpb.org.br\/index.php\/wp-json\/wp\/v2\/tags?post=26140"}],"curies":[{"name":"wp","href":"https:\/\/api.w.org\/{rel}","templated":true}]}}