{"id":26134,"date":"2023-07-19T10:10:56","date_gmt":"2023-07-19T13:10:56","guid":{"rendered":"https:\/\/wpa.wscom.com.br\/?p=912721"},"modified":"2023-07-19T10:10:56","modified_gmt":"2023-07-19T13:10:56","slug":"ruy-carneiro-agradece-ao-podemos-por-tratar-seu-projeto-por-joao-pessoa-como-prioridade","status":"publish","type":"post","link":"https:\/\/sindaopcpb.org.br\/index.php\/2023\/07\/19\/ruy-carneiro-agradece-ao-podemos-por-tratar-seu-projeto-por-joao-pessoa-como-prioridade\/","title":{"rendered":"Ruy Carneiro agradece ao Podemos por tratar seu projeto por Jo\u00e3o Pessoa como prioridade"},"content":{"rendered":"<p>&nbsp;<\/p>\n<p>&nbsp;<\/p>\n<p>O deputado federal Ruy Carneiro agradeceu a uni\u00e3o de for\u00e7as em torno do seu projeto para a cidade de Jo\u00e3o Pessoa. O parlamentar destacou, sobretudo, o apoio da presidente nacional do Podemos, Renata Abreu, ao tratar como prioridade a disputa no pleito do ano da capital paraibana em 2024.<\/p>\n<p>\u201cAgrade\u00e7o ao Podemos, em nome da presidente nacional do partido, Renata Abreu, pelo o apoio e confian\u00e7a. Essa \u00e9 uma uni\u00e3o de for\u00e7as em torno de um projeto de cidade. Um projeto que cuida, que ouve e que vai fazer mais pelas pessoas\u201d, ressaltou Ruy.<\/p>\n<p>\u201cEu conhe\u00e7o bem as necessidades de Jo\u00e3o Pessoa porque ando e converso com a popula\u00e7\u00e3o. Vamos construir de forma conjunta a mudan\u00e7a e a transforma\u00e7\u00e3o que a cidade precisa. \u00c9 necess\u00e1rio fortalecer um projeto que dialoga e une as pessoas em torno de um \u00fanico objetivo: fazer mais pela nossa cidade\u201d, finalizou.<\/p>\n<p>O post <a rel=\"nofollow noopener\" href=\"https:\/\/wscom.com.br\/ruy-carneiro-agradece-ao-podemos-por-tratar-seu-projeto-por-joao-pessoa-como-prioridade\/\" target=\"_blank\">Ruy Carneiro agradece ao Podemos por tratar seu projeto por Jo\u00e3o Pessoa como prioridade<\/a> apareceu primeiro em <a rel=\"nofollow noopener\" href=\"https:\/\/wscom.com.br\/\" target=\"_blank\">WSCOM<\/a>.<\/p>\n","protected":false},"excerpt":{"rendered":"<p>\u00a0 \u00a0 O deputado federal Ruy Carneiro agradeceu a uni\u00e3o de for\u00e7as em torno do seu projeto para a cidade de Jo\u00e3o Pessoa. O parlamentar destacou, sobretudo, o apoio da presidente nacional do Podemos, Renata Abreu, ao tratar como prioridade a disputa no pleito do ano da capital paraibana em 2024. \u201cAgrade\u00e7o ao Podemos, em [\u2026]<\/p>\n<p>O post <a rel=\"nofollow\" href=\"https:\/\/wscom.com.br\/ruy-carneiro-agradece-ao-podemos-por-tratar-seu-projeto-por-joao-pessoa-como-prioridade\/\">Ruy Carneiro agradece ao Podemos por tratar seu projeto por Jo\u00e3o Pessoa como prioridade<\/a> apareceu primeiro em <a rel=\"nofollow\" href=\"https:\/\/wscom.com.br\/\">WSCOM<\/a>.<\/p>\n","protected":false},"author":42,"featured_media":0,"comment_status":"closed","ping_status":"closed","sticky":false,"template":"","format":"standard","meta":{"advgb_blocks_editor_width":"","advgb_blocks_columns_visual_guide":"","footnotes":""},"categories":[333,34,71,2478,47,6536,764],"tags":[35],"class_list":["post-26134","post","type-post","status-publish","format-standard","hentry","category-eleicoes-2024","category-g1","category-joao-pessoa","category-podemos","category-politica","category-renata-abreu","category-ruy-carneiro","tag-g1"],"author_meta":{"display_name":"Rafael Andrade","author_link":"https:\/\/sindaopcpb.org.br\/author\/rafael-andrade\/"},"featured_img":null,"coauthors":[],"tax_additional":{"categories":{"linked":["<a href=\"https:\/\/sindaopcpb.org.br\/eleicoes-2024\/\" class=\"advgb-post-tax-term\">elei\u00e7\u00f5es 2024<\/a>","<a href=\"https:\/\/sindaopcpb.org.br\/g1\/\" class=\"advgb-post-tax-term\">G1<\/a>","<a href=\"https:\/\/sindaopcpb.org.br\/joao-pessoa\/\" class=\"advgb-post-tax-term\">Jo\u00e3o Pessoa<\/a>","<a href=\"https:\/\/sindaopcpb.org.br\/podemos\/\" class=\"advgb-post-tax-term\">podemos<\/a>","<a href=\"https:\/\/sindaopcpb.org.br\/politica\/\" class=\"advgb-post-tax-term\">POLITICA<\/a>","<a href=\"https:\/\/sindaopcpb.org.br\/renata-abreu\/\" class=\"advgb-post-tax-term\">renata abreu<\/a>","<a href=\"https:\/\/sindaopcpb.org.br\/ruy-carneiro\/\" class=\"advgb-post-tax-term\">ruy carneiro<\/a>"],"unlinked":["<span class=\"advgb-post-tax-term\">elei\u00e7\u00f5es 2024<\/span>","<span class=\"advgb-post-tax-term\">G1<\/span>","<span class=\"advgb-post-tax-term\">Jo\u00e3o Pessoa<\/span>","<span class=\"advgb-post-tax-term\">podemos<\/span>","<span class=\"advgb-post-tax-term\">POLITICA<\/span>","<span class=\"advgb-post-tax-term\">renata abreu<\/span>","<span class=\"advgb-post-tax-term\">ruy carneiro<\/span>"]},"tags":{"linked":["<a href=\"https:\/\/sindaopcpb.org.br\/ruy-carneiro\/\" class=\"advgb-post-tax-term\">g1<\/a>"],"unlinked":["<span class=\"advgb-post-tax-term\">g1<\/span>"]}},"comment_count":"0","relative_dates":{"created":"Publicado 3 anos atr\u00e1s","modified":"Atualizado 3 anos atr\u00e1s"},"absolute_dates":{"created":"Publicado em 19 de julho de 2023","modified":"Atualizado em 19 de julho de 2023"},"absolute_dates_time":{"created":"Publicado em 19 de julho de 2023 10:10","modified":"Atualizado em 19 de julho de 2023 10:10"},"featured_img_caption":"","series_order":"","_links":{"self":[{"href":"https:\/\/sindaopcpb.org.br\/index.php\/wp-json\/wp\/v2\/posts\/26134","targetHints":{"allow":["GET"]}}],"collection":[{"href":"https:\/\/sindaopcpb.org.br\/index.php\/wp-json\/wp\/v2\/posts"}],"about":[{"href":"https:\/\/sindaopcpb.org.br\/index.php\/wp-json\/wp\/v2\/types\/post"}],"author":[{"embeddable":true,"href":"https:\/\/sindaopcpb.org.br\/index.php\/wp-json\/wp\/v2\/users\/42"}],"replies":[{"embeddable":true,"href":"https:\/\/sindaopcpb.org.br\/index.php\/wp-json\/wp\/v2\/comments?post=26134"}],"version-history":[{"count":1,"href":"https:\/\/sindaopcpb.org.br\/index.php\/wp-json\/wp\/v2\/posts\/26134\/revisions"}],"predecessor-version":[{"id":26135,"href":"https:\/\/sindaopcpb.org.br\/index.php\/wp-json\/wp\/v2\/posts\/26134\/revisions\/26135"}],"wp:attachment":[{"href":"https:\/\/sindaopcpb.org.br\/index.php\/wp-json\/wp\/v2\/media?parent=26134"}],"wp:term":[{"taxonomy":"category","embeddable":true,"href":"https:\/\/sindaopcpb.org.br\/index.php\/wp-json\/wp\/v2\/categories?post=26134"},{"taxonomy":"post_tag","embeddable":true,"href":"https:\/\/sindaopcpb.org.br\/index.php\/wp-json\/wp\/v2\/tags?post=26134"}],"curies":[{"name":"wp","href":"https:\/\/api.w.org\/{rel}","templated":true}]}}