{"id":26132,"date":"2023-07-19T10:11:16","date_gmt":"2023-07-19T13:11:16","guid":{"rendered":"https:\/\/wpa.wscom.com.br\/?p=912710"},"modified":"2023-07-19T10:11:16","modified_gmt":"2023-07-19T13:11:16","slug":"publicacao-de-editais-eletronicos-moderniza-servico-de-registro-de-imoveis","status":"publish","type":"post","link":"https:\/\/sindaopcpb.org.br\/index.php\/2023\/07\/19\/publicacao-de-editais-eletronicos-moderniza-servico-de-registro-de-imoveis\/","title":{"rendered":"Publica\u00e7\u00e3o de editais eletr\u00f4nicos moderniza servi\u00e7o de Registro de Im\u00f3veis"},"content":{"rendered":"<p>\u201cEste ato n\u00e3o representa somente a promo\u00e7\u00e3o da celeridade e da economia do ato registral, mas da moderniza\u00e7\u00e3o do nosso servi\u00e7o\u201d, destacou o presidente da Associa\u00e7\u00e3o dos Not\u00e1rios e Registradores da Para\u00edba, Carlos Ulysses Neto, ao se referir ao Provimento n\u00ba 94, que regulamenta a publica\u00e7\u00e3o de editais eletr\u00f4nicos no servi\u00e7o de Registro de Im\u00f3veis.<\/p>\n<p>O ato foi assinado pelo corregedor-geral de justi\u00e7a, desembargador Carlos Beltr\u00e3o, durante solenidade simples, por\u00e9m bastante prestigiada por experientes e novos integrantes da categoria de todo o estado, ocorrida na \u00faltima segunda-feira (17) no andar t\u00e9rreo da CGJ, em Jo\u00e3o Pessoa.<\/p>\n<p><strong>Atua\u00e7\u00e3o conjunta e de resultados<\/strong><\/p>\n<p>\u201cDra. Cl\u00e1udia Marques foi muito feliz ao solicitar, representando a ARI-PB, a feitura deste provimento, que demonstra um esp\u00edrito de uni\u00e3o da corregedoria e nossa atividade, numa atua\u00e7\u00e3o conjunta que vem resultando em mais moderniza\u00e7\u00e3o para o Extrajudicial do Estado\u201d, concluiu, com conhecimento e experi\u00eancia.<\/p>\n<p>Essa aproxima\u00e7\u00e3o tamb\u00e9m foi enaltecida pelo juiz-corregedor Ant\u00f4nio Carneiro: \u201cQueremos, juntos, aprimorar os servi\u00e7os e fazer com que a popula\u00e7\u00e3o tenha a certeza de que os cart\u00f3rios n\u00e3o s\u00e3o apenas locais de atividade burocr\u00e1tica, mas, verdadeiros centros de cidadania\u201d, declarou. Nessa mesma esteira de entendimento, discorreu o juiz da Vara de Feitos Especiais da Comarca da Capital, Romero Feitosa.<\/p>\n<p><strong>Celeridade e benef\u00edcios<\/strong><\/p>\n<p>Cl\u00e1udia Marques agradeceu a receptividade da CGJ ao pleito e afirmou que a medida resultar\u00e1 em celeridade e benef\u00edcios aos Registros de Im\u00f3veis e aos usu\u00e1rios. \u201cAt\u00e9 ent\u00e3o, t\u00ednhamos um servi\u00e7o bastante oneroso devido \u00e0 publica\u00e7\u00e3o em jornais f\u00edsicos\u201d, lembrou.<\/p>\n<p>Segundo o Provimento, que integrar\u00e1 o C\u00f3digo de Normas Extrajudicial da CGJ-PB, as intima\u00e7\u00f5es e notifica\u00e7\u00f5es por edital de compet\u00eancia dos Oficiais de Registro de Im\u00f3veis poder\u00e3o ser publicadas em jornal eletr\u00f4nico ou portais eletr\u00f4nicos de publica\u00e7\u00e3o peri\u00f3dica regularmente constitu\u00eddos, a exemplo da plataforma de Registro Imobili\u00e1rio do Brasil \u2013 RIB (<a href=\"http:\/\/www.registrodeimoveis.org.br\/\" data-saferedirecturl=\"https:\/\/www.google.com\/url?q=http:\/\/www.registrodeimoveis.org.br&amp;source=gmail&amp;ust=1689858069394000&amp;usg=AOvVaw2qPrwboiuDPzA7DAyJe6hf\" rel=\"nofollow noopener\" target=\"_blank\">www.registrodeimoveis.org.br<\/a>).<\/p>\n<p>Dessa forma, o jornal ou portal de comunica\u00e7\u00e3o eletr\u00f4nica dever\u00e1 permitir consulta por qualquer pessoa, sem custo e independentemente de cadastro pr\u00e9vio, al\u00e9m de possuir atributos de seguran\u00e7a da informa\u00e7\u00e3o. Os oficiais de Registro de Im\u00f3veis encaminhar\u00e3o os editais para a publica\u00e7\u00e3o eletr\u00f4nica por meio de preenchimento do formul\u00e1rio dispon\u00edvel na plataforma escolhida.<\/p>\n<p>O post <a rel=\"nofollow noopener\" href=\"https:\/\/wscom.com.br\/publicacao-de-editais-eletronicos-moderniza-servico-de-registro-de-imoveis\/\" target=\"_blank\">Publica\u00e7\u00e3o de editais eletr\u00f4nicos moderniza servi\u00e7o de Registro de Im\u00f3veis<\/a> apareceu primeiro em <a rel=\"nofollow noopener\" href=\"https:\/\/wscom.com.br\/\" target=\"_blank\">WSCOM<\/a>.<\/p>\n","protected":false},"excerpt":{"rendered":"<p>\u201cEste ato n\u00e3o representa somente a promo\u00e7\u00e3o da celeridade e da economia do ato registral, mas da moderniza\u00e7\u00e3o do nosso servi\u00e7o\u201d, destacou o presidente da Associa\u00e7\u00e3o dos Not\u00e1rios e Registradores da Para\u00edba, Carlos Ulysses Neto, ao se referir ao Provimento n\u00ba 94, que regulamenta a publica\u00e7\u00e3o de editais eletr\u00f4nicos no servi\u00e7o de Registro de Im\u00f3veis. [\u2026]<\/p>\n<p>O post <a rel=\"nofollow\" href=\"https:\/\/wscom.com.br\/publicacao-de-editais-eletronicos-moderniza-servico-de-registro-de-imoveis\/\">Publica\u00e7\u00e3o de editais eletr\u00f4nicos moderniza servi\u00e7o de Registro de Im\u00f3veis<\/a> apareceu primeiro em <a rel=\"nofollow\" href=\"https:\/\/wscom.com.br\/\">WSCOM<\/a>.<\/p>\n","protected":false},"author":49,"featured_media":0,"comment_status":"closed","ping_status":"closed","sticky":false,"template":"","format":"standard","meta":{"advgb_blocks_editor_width":"","advgb_blocks_columns_visual_guide":"","footnotes":""},"categories":[744,6583,34,54,6002,5822],"tags":[35],"class_list":["post-26132","post","type-post","status-publish","format-standard","hentry","category-creci-pb","category-editais-eletronicos","category-g1","category-paraiba","category-registro-de-imoveis","category-regulamentacao","tag-g1"],"author_meta":{"display_name":"Cristiane Cavalcante","author_link":"https:\/\/sindaopcpb.org.br\/author\/cristiane-cavalcante\/"},"featured_img":null,"coauthors":[],"tax_additional":{"categories":{"linked":["<a href=\"https:\/\/sindaopcpb.org.br\/creci-pb\/\" class=\"advgb-post-tax-term\">creci-pb<\/a>","<a href=\"https:\/\/sindaopcpb.org.br\/editais-eletronicos\/\" class=\"advgb-post-tax-term\">editais eletr\u00f4nicos<\/a>","<a href=\"https:\/\/sindaopcpb.org.br\/g1\/\" class=\"advgb-post-tax-term\">G1<\/a>","<a href=\"https:\/\/sindaopcpb.org.br\/paraiba\/\" class=\"advgb-post-tax-term\">Para\u00edba<\/a>","<a href=\"https:\/\/sindaopcpb.org.br\/registro-de-imoveis\/\" class=\"advgb-post-tax-term\">registro de im\u00f3veis<\/a>","<a href=\"https:\/\/sindaopcpb.org.br\/regulamentacao\/\" class=\"advgb-post-tax-term\">regulamenta\u00e7\u00e3o<\/a>"],"unlinked":["<span class=\"advgb-post-tax-term\">creci-pb<\/span>","<span class=\"advgb-post-tax-term\">editais eletr\u00f4nicos<\/span>","<span class=\"advgb-post-tax-term\">G1<\/span>","<span class=\"advgb-post-tax-term\">Para\u00edba<\/span>","<span class=\"advgb-post-tax-term\">registro de im\u00f3veis<\/span>","<span class=\"advgb-post-tax-term\">regulamenta\u00e7\u00e3o<\/span>"]},"tags":{"linked":["<a href=\"https:\/\/sindaopcpb.org.br\/regulamentacao\/\" class=\"advgb-post-tax-term\">g1<\/a>"],"unlinked":["<span class=\"advgb-post-tax-term\">g1<\/span>"]}},"comment_count":"0","relative_dates":{"created":"Publicado 3 anos atr\u00e1s","modified":"Atualizado 3 anos atr\u00e1s"},"absolute_dates":{"created":"Publicado em 19 de julho de 2023","modified":"Atualizado em 19 de julho de 2023"},"absolute_dates_time":{"created":"Publicado em 19 de julho de 2023 10:11","modified":"Atualizado em 19 de julho de 2023 10:11"},"featured_img_caption":"","series_order":"","_links":{"self":[{"href":"https:\/\/sindaopcpb.org.br\/index.php\/wp-json\/wp\/v2\/posts\/26132","targetHints":{"allow":["GET"]}}],"collection":[{"href":"https:\/\/sindaopcpb.org.br\/index.php\/wp-json\/wp\/v2\/posts"}],"about":[{"href":"https:\/\/sindaopcpb.org.br\/index.php\/wp-json\/wp\/v2\/types\/post"}],"author":[{"embeddable":true,"href":"https:\/\/sindaopcpb.org.br\/index.php\/wp-json\/wp\/v2\/users\/49"}],"replies":[{"embeddable":true,"href":"https:\/\/sindaopcpb.org.br\/index.php\/wp-json\/wp\/v2\/comments?post=26132"}],"version-history":[{"count":1,"href":"https:\/\/sindaopcpb.org.br\/index.php\/wp-json\/wp\/v2\/posts\/26132\/revisions"}],"predecessor-version":[{"id":26133,"href":"https:\/\/sindaopcpb.org.br\/index.php\/wp-json\/wp\/v2\/posts\/26132\/revisions\/26133"}],"wp:attachment":[{"href":"https:\/\/sindaopcpb.org.br\/index.php\/wp-json\/wp\/v2\/media?parent=26132"}],"wp:term":[{"taxonomy":"category","embeddable":true,"href":"https:\/\/sindaopcpb.org.br\/index.php\/wp-json\/wp\/v2\/categories?post=26132"},{"taxonomy":"post_tag","embeddable":true,"href":"https:\/\/sindaopcpb.org.br\/index.php\/wp-json\/wp\/v2\/tags?post=26132"}],"curies":[{"name":"wp","href":"https:\/\/api.w.org\/{rel}","templated":true}]}}