{"id":26127,"date":"2023-07-19T09:40:15","date_gmt":"2023-07-19T12:40:15","guid":{"rendered":"https:\/\/g1.globo.com\/pb\/paraiba\/noticia\/2023\/07\/19\/operacao-prende-pm-suspeito-de-homicidio-no-brejo-da-paraiba.ghtml"},"modified":"2023-07-19T09:40:15","modified_gmt":"2023-07-19T12:40:15","slug":"operacao-prende-pm-suspeito-de-homicidio-no-brejo-da-paraiba","status":"publish","type":"post","link":"https:\/\/sindaopcpb.org.br\/index.php\/2023\/07\/19\/operacao-prende-pm-suspeito-de-homicidio-no-brejo-da-paraiba\/","title":{"rendered":"Opera\u00e7\u00e3o prende PM suspeito de homic\u00eddio no Brejo da Para\u00edba"},"content":{"rendered":"   <img src=\"https:\/\/s2.glbimg.com\/MfhcViFTlZdGT0LNWIVJ90mx2fw=\/i.s3.glbimg.com\/v1\/AUTH_59edd422c0c84a879bd37670ae4f538a\/internal_photos\/bs\/2023\/S\/v\/Ov5OlQRqiYWx0NeX4S6A\/policia-civil-e-gaeco.jpeg\" \/><br \/>     Crime aconteceu em junho deste ano. Homem j\u00e1 tinha sido preso em 2021, suspeito de sequestrar e assassinar um ex-detento na capital paraibana.  Opera\u00e7\u00e3o conjunta entre Pol\u00edcia Civil da Para\u00edba e Gaeco\nDivulga\u00e7\u00e3o\/Ascom Pol\u00edcia Civil da Para\u00edba\nUm policial militar suspeito de homic\u00eddio no munic\u00edpio de Bananeiras, no Brejo da Para\u00edba, foi preso durante uma opera\u00e7\u00e3o da Pol\u00edcia Civil juntamente com o Grupo de Atua\u00e7\u00e3o Especial Contra o Crime Organizado (Gaeco), deflagrada nesta quarta-feira (19). O crime ocorreu em 30 de junho deste ano.\nA opera\u00e7\u00e3o Hybris teve como alvo da opera\u00e7\u00e3o um homem de 33 anos. O policial militar j\u00e1 tinha sido preso em 2021, suspeito de sequestrar e assassinar um ex-detento na capital paraibana.\nO suspeito foi encaminhado \u00e0 delegacia de Pol\u00edcia Civil, onde ser\u00e1 ouvido. Em seguida, ficar\u00e1 \u00e0 disposi\u00e7\u00e3o da justi\u00e7a, para a realiza\u00e7\u00e3o da audi\u00eancia de cust\u00f3dia.\nTamb\u00e9m foram cumpridos sete mandados de busca e apreens\u00e3o na regi\u00e3o metropolitana de Jo\u00e3o Pessoa. \nO N\u00facleo de Homic\u00eddios de Sol\u00e2nea \u00e9 respons\u00e1vel pela investiga\u00e7\u00e3o do caso e  contou com o apoio da Delegacia de Repress\u00e3o ao Crime Organizado (Draco), Grupo de Opera\u00e7\u00f5es Especiais (GOE), policiais civis de Sol\u00e2nea e da 1\u00aa Superintend\u00eancia de Pol\u00edcia Civil.\nV\u00eddeos mais assistidos do g1 Para\u00edba  ","protected":false},"excerpt":{"rendered":"<p>        Crime aconteceu em junho deste ano. Homem j\u00e1 tinha sido preso em 2021, suspeito de sequestrar e assassinar um ex-detento na capital paraibana.  Opera\u00e7\u00e3o conjunta entre Pol\u00edcia Civil da Para\u00edba e Gaeco<br \/>\nDivulga\u00e7\u00e3o\/Ascom Pol\u00edcia Civil da Para\u00edba<br \/>\nU&#8230;<\/p>\n","protected":false},"author":2,"featured_media":0,"comment_status":"closed","ping_status":"closed","sticky":false,"template":"","format":"standard","meta":{"advgb_blocks_editor_width":"","advgb_blocks_columns_visual_guide":"","footnotes":""},"categories":[34],"tags":[35],"class_list":["post-26127","post","type-post","status-publish","format-standard","hentry","category-g1","tag-g1"],"author_meta":{"display_name":"g1 &gt; Para\u00edba","author_link":"https:\/\/sindaopcpb.org.br\/author\/g1-paraiba\/"},"featured_img":null,"coauthors":[],"tax_additional":{"categories":{"linked":["<a href=\"https:\/\/sindaopcpb.org.br\/g1\/\" class=\"advgb-post-tax-term\">G1<\/a>"],"unlinked":["<span class=\"advgb-post-tax-term\">G1<\/span>"]},"tags":{"linked":["<a href=\"https:\/\/sindaopcpb.org.br\/g1\/\" class=\"advgb-post-tax-term\">g1<\/a>"],"unlinked":["<span class=\"advgb-post-tax-term\">g1<\/span>"]}},"comment_count":"0","relative_dates":{"created":"Publicado 3 anos atr\u00e1s","modified":"Atualizado 3 anos atr\u00e1s"},"absolute_dates":{"created":"Publicado em 19 de julho de 2023","modified":"Atualizado em 19 de julho de 2023"},"absolute_dates_time":{"created":"Publicado em 19 de julho de 2023 09:40","modified":"Atualizado em 19 de julho de 2023 09:40"},"featured_img_caption":"","series_order":"","_links":{"self":[{"href":"https:\/\/sindaopcpb.org.br\/index.php\/wp-json\/wp\/v2\/posts\/26127","targetHints":{"allow":["GET"]}}],"collection":[{"href":"https:\/\/sindaopcpb.org.br\/index.php\/wp-json\/wp\/v2\/posts"}],"about":[{"href":"https:\/\/sindaopcpb.org.br\/index.php\/wp-json\/wp\/v2\/types\/post"}],"author":[{"embeddable":true,"href":"https:\/\/sindaopcpb.org.br\/index.php\/wp-json\/wp\/v2\/users\/2"}],"replies":[{"embeddable":true,"href":"https:\/\/sindaopcpb.org.br\/index.php\/wp-json\/wp\/v2\/comments?post=26127"}],"version-history":[{"count":1,"href":"https:\/\/sindaopcpb.org.br\/index.php\/wp-json\/wp\/v2\/posts\/26127\/revisions"}],"predecessor-version":[{"id":26128,"href":"https:\/\/sindaopcpb.org.br\/index.php\/wp-json\/wp\/v2\/posts\/26127\/revisions\/26128"}],"wp:attachment":[{"href":"https:\/\/sindaopcpb.org.br\/index.php\/wp-json\/wp\/v2\/media?parent=26127"}],"wp:term":[{"taxonomy":"category","embeddable":true,"href":"https:\/\/sindaopcpb.org.br\/index.php\/wp-json\/wp\/v2\/categories?post=26127"},{"taxonomy":"post_tag","embeddable":true,"href":"https:\/\/sindaopcpb.org.br\/index.php\/wp-json\/wp\/v2\/tags?post=26127"}],"curies":[{"name":"wp","href":"https:\/\/api.w.org\/{rel}","templated":true}]}}