{"id":26125,"date":"2023-07-19T09:43:27","date_gmt":"2023-07-19T12:43:27","guid":{"rendered":"https:\/\/www.infomoney.com.br\/?p=2191055"},"modified":"2023-07-19T09:43:27","modified_gmt":"2023-07-19T12:43:27","slug":"lula-gostou-muito-de-sugestoes-de-nomes-de-fufuca-e-costa-filho-para-ministerios-diz-guimaraes","status":"publish","type":"post","link":"https:\/\/sindaopcpb.org.br\/index.php\/2023\/07\/19\/lula-gostou-muito-de-sugestoes-de-nomes-de-fufuca-e-costa-filho-para-ministerios-diz-guimaraes\/","title":{"rendered":"Lula \u201cgostou muito\u201d de sugest\u00f5es de nomes de Fufuca e Costa Filho para minist\u00e9rios, diz Guimar\u00e3es"},"content":{"rendered":"<p><img loading=\"lazy\" width=\"300\" height=\"225\" src=\"https:\/\/www.infomoney.com.br\/wp-content\/uploads\/2023\/07\/deputado_jose_guimaraes-11.jpg?fit=300%2C225&amp;quality=70&amp;strip=all\" class=\"attachment-medium size-medium wp-post-image\" alt=\"\" decoding=\"async\" style=\"float:right; margin:0 0 10px 10px;\" srcset=\"https:\/\/www.infomoney.com.br\/wp-content\/uploads\/2023\/07\/deputado_jose_guimaraes-11.jpg?w=1024&amp;quality=70&amp;strip=all 1024w, https:\/\/www.infomoney.com.br\/wp-content\/uploads\/2023\/07\/deputado_jose_guimaraes-11.jpg?w=300&amp;quality=70&amp;strip=all 300w, https:\/\/www.infomoney.com.br\/wp-content\/uploads\/2023\/07\/deputado_jose_guimaraes-11.jpg?w=768&amp;quality=70&amp;strip=all 768w, https:\/\/www.infomoney.com.br\/wp-content\/uploads\/2023\/07\/deputado_jose_guimaraes-11.jpg?w=150&amp;quality=70&amp;strip=all 150w\" sizes=\"auto, (max-width: 300px) 100vw, 300px\" data-attachment-id=\"2191070\" data-permalink=\"https:\/\/www.infomoney.com.br\/politica\/lula-gostou-muito-de-sugestoes-de-nomes-de-fufuca-e-costa-filho-para-ministerios-diz-guimaraes\/attachment\/deputado_jose_guimaraes-11\/\" data-orig-file=\"https:\/\/www.infomoney.com.br\/wp-content\/uploads\/2023\/07\/deputado_jose_guimaraes-11.jpg?fit=1024%2C768&amp;quality=70&amp;strip=all\" data-orig-size=\"1024,768\" data-comments-opened=\"0\" data-image-meta=\"{&quot;aperture&quot;:&quot;4.5&quot;,&quot;credit&quot;:&quot;Lula Marques\\\/ Ag\\u00eancia Brasil&quot;,&quot;camera&quot;:&quot;Canon EOS-1D X&quot;,&quot;caption&quot;:&quot;Bras\\u00edlia (DF) 10\\\/-4\\\/2023 L\\u00edder do Governo na C\\u00e2mara, Deputado Jos\\u00e9 Guimar\\u00e3es, durante coletiva a Imprensa.&quot;,&quot;created_timestamp&quot;:&quot;1681141152&quot;,&quot;copyright&quot;:&quot;Ag\\u00eancia Brasil\\\/EBC&quot;,&quot;focal_length&quot;:&quot;125&quot;,&quot;iso&quot;:&quot;2000&quot;,&quot;shutter_speed&quot;:&quot;0.005&quot;,&quot;title&quot;:&quot;&quot;,&quot;orientation&quot;:&quot;0&quot;}\" data-image-title=\"deputado_jose_guimaraes-11\" data-image-description=\"\" data-image-caption=\"&lt;p&gt;Bras\u00edlia (DF) 10\/-4\/2023 L\u00edder do Governo na C\u00e2mara, Deputado Jos\u00e9 Guimar\u00e3es, durante coletiva a Imprensa.&lt;\/p&gt;\n\" data-medium-file=\"https:\/\/www.infomoney.com.br\/wp-content\/uploads\/2023\/07\/deputado_jose_guimaraes-11.jpg?fit=300%2C225&amp;quality=70&amp;strip=all\" data-large-file=\"https:\/\/www.infomoney.com.br\/wp-content\/uploads\/2023\/07\/deputado_jose_guimaraes-11.jpg?fit=1024%2C768&amp;quality=70&amp;strip=all\" title=\"\"><\/p>\n<p>O l\u00edder do governo na C\u00e2mara dos Deputados, Jos\u00e9 Guimar\u00e3es (PT-CE), disse, nesta quarta-feira (19), que o presidente Luiz In\u00e1cio Lula da Silva &#8220;gostou muito&#8221; da sugest\u00e3o dos nomes dos deputados Andr\u00e9 Fufuca (PP-MA) e S\u00edlvio Costa Filho (Republicanos-PE) para a composi\u00e7\u00e3o de minist\u00e9rios e que ambos, caso confirmados, &#8220;engrandecem o governo&#8221;.<\/p>\n<p>Em entrevista \u00e0 GloboNews, Guimar\u00e3es ainda disse que os dois nomes foram sugeridos pelas bancadas do PP e do Republicanos durante reuni\u00e3o com ele e o ministro das Rela\u00e7\u00f5es Institucionais, Alexandre Padilha, e que s\u00e3o deputados &#8220;bem-conceituados&#8221; e que representam bem suas bancadas na C\u00e2mara dos Deputados.<\/p>\n<p>The post <a rel=\"nofollow noopener\" href=\"https:\/\/www.infomoney.com.br\/politica\/lula-gostou-muito-de-sugestoes-de-nomes-de-fufuca-e-costa-filho-para-ministerios-diz-guimaraes\/\" target=\"_blank\">Lula &#8220;gostou muito&#8221; de sugest\u00f5es de nomes de Fufuca e Costa Filho para minist\u00e9rios, diz Guimar\u00e3es<\/a> appeared first on <a rel=\"nofollow noopener\" href=\"https:\/\/www.infomoney.com.br\/\" target=\"_blank\">InfoMoney<\/a>.<\/p>\n","protected":false},"excerpt":{"rendered":"<p><img loading=\"lazy\" decoding=\"async\" width=\"300\" height=\"225\" src=\"https:\/\/www.infomoney.com.br\/wp-content\/uploads\/2023\/07\/deputado_jose_guimaraes-11.jpg?fit=300%2C225&amp;quality=70&amp;strip=all\" class=\"attachment-medium size-medium wp-post-image\" alt=\"\" data-attachment-id=\"2191070\" data-permalink=\"https:\/\/www.infomoney.com.br\/politica\/lula-gostou-muito-de-sugestoes-de-nomes-de-fufuca-e-costa-filho-para-ministerios-diz-guimaraes\/attachment\/deputado_jose_guimaraes-11\/\" data-orig-file=\"https:\/\/www.infomoney.com.br\/wp-content\/uploads\/2023\/07\/deputado_jose_guimaraes-11.jpg?fit=1024%2C768&amp;quality=70&amp;strip=all\" data-orig-size=\"1024,768\" data-comments-opened=\"0\" data-image-meta='{\"aperture\":\"4.5\",\"credit\":\"Lula Marques\\\/ Ag\\u00eancia Brasil\",\"camera\":\"Canon EOS-1D X\",\"caption\":\"Bras\\u00edlia (DF) 10\\\/-4\\\/2023 L\\u00edder do Governo na C\\u00e2mara, Deputado Jos\\u00e9 Guimar\\u00e3es, durante coletiva a Imprensa.\",\"created_timestamp\":\"1681141152\",\"copyright\":\"Ag\\u00eancia Brasil\\\/EBC\",\"focal_length\":\"125\",\"iso\":\"2000\",\"shutter_speed\":\"0.005\",\"title\":\"\",\"orientation\":\"0\"}' data-image-title=\"deputado_jose_guimaraes-11\" data-image-description=\"\" data-image-caption=\"&lt;p&gt;Bras\u00edlia (DF) 10\/-4\/2023 L\u00edder do Governo na C\u00e2mara, Deputado Jos\u00e9 Guimar\u00e3es, durante coletiva a Imprensa.&lt;\/p&gt;\n\" data-medium-file=\"https:\/\/www.infomoney.com.br\/wp-content\/uploads\/2023\/07\/deputado_jose_guimaraes-11.jpg?fit=300%2C225&amp;quality=70&amp;strip=all\" data-large-file=\"https:\/\/www.infomoney.com.br\/wp-content\/uploads\/2023\/07\/deputado_jose_guimaraes-11.jpg?fit=1024%2C768&amp;quality=70&amp;strip=all\">L\u00edder do governo na C\u00e2mara disse que os dois nomes foram sugeridos pelas bancadas do PP e do Republicanos<\/p>\n<p>The post <a rel=\"nofollow\" href=\"https:\/\/www.infomoney.com.br\/politica\/lula-gostou-muito-de-sugestoes-de-nomes-de-fufuca-e-costa-filho-para-ministerios-diz-guimaraes\/\">Lula \u201cgostou muito\u201d de sugest\u00f5es de nomes de Fufuca e Costa Filho para minist\u00e9rios, diz Guimar\u00e3es<\/a> appeared first on <a rel=\"nofollow\" href=\"https:\/\/www.infomoney.com.br\/\">InfoMoney<\/a>.<\/p>\n","protected":false},"author":46,"featured_media":0,"comment_status":"closed","ping_status":"closed","sticky":false,"template":"","format":"standard","meta":{"advgb_blocks_editor_width":"","advgb_blocks_columns_visual_guide":"","footnotes":""},"categories":[359,34,187,422,47],"tags":[35],"class_list":["post-26125","post","type-post","status-publish","format-standard","hentry","category-congresso-nacional","category-g1","category-governo-federal","category-palacio-do-planalto","category-politica","tag-g1"],"author_meta":{"display_name":"Reuters","author_link":"https:\/\/sindaopcpb.org.br\/author\/reuters\/"},"featured_img":null,"coauthors":[],"tax_additional":{"categories":{"linked":["<a href=\"https:\/\/sindaopcpb.org.br\/congresso-nacional\/\" class=\"advgb-post-tax-term\">Congresso Nacional<\/a>","<a href=\"https:\/\/sindaopcpb.org.br\/g1\/\" class=\"advgb-post-tax-term\">G1<\/a>","<a href=\"https:\/\/sindaopcpb.org.br\/governo-federal\/\" class=\"advgb-post-tax-term\">Governo Federal<\/a>","<a href=\"https:\/\/sindaopcpb.org.br\/palacio-do-planalto\/\" class=\"advgb-post-tax-term\">Pal\u00e1cio do Planalto<\/a>","<a href=\"https:\/\/sindaopcpb.org.br\/politica\/\" class=\"advgb-post-tax-term\">POLITICA<\/a>"],"unlinked":["<span class=\"advgb-post-tax-term\">Congresso Nacional<\/span>","<span class=\"advgb-post-tax-term\">G1<\/span>","<span class=\"advgb-post-tax-term\">Governo Federal<\/span>","<span class=\"advgb-post-tax-term\">Pal\u00e1cio do Planalto<\/span>","<span class=\"advgb-post-tax-term\">POLITICA<\/span>"]},"tags":{"linked":["<a href=\"https:\/\/sindaopcpb.org.br\/politica\/\" class=\"advgb-post-tax-term\">g1<\/a>"],"unlinked":["<span class=\"advgb-post-tax-term\">g1<\/span>"]}},"comment_count":"0","relative_dates":{"created":"Publicado 3 anos atr\u00e1s","modified":"Atualizado 3 anos atr\u00e1s"},"absolute_dates":{"created":"Publicado em 19 de julho de 2023","modified":"Atualizado em 19 de julho de 2023"},"absolute_dates_time":{"created":"Publicado em 19 de julho de 2023 09:43","modified":"Atualizado em 19 de julho de 2023 09:43"},"featured_img_caption":"","series_order":"","_links":{"self":[{"href":"https:\/\/sindaopcpb.org.br\/index.php\/wp-json\/wp\/v2\/posts\/26125","targetHints":{"allow":["GET"]}}],"collection":[{"href":"https:\/\/sindaopcpb.org.br\/index.php\/wp-json\/wp\/v2\/posts"}],"about":[{"href":"https:\/\/sindaopcpb.org.br\/index.php\/wp-json\/wp\/v2\/types\/post"}],"author":[{"embeddable":true,"href":"https:\/\/sindaopcpb.org.br\/index.php\/wp-json\/wp\/v2\/users\/46"}],"replies":[{"embeddable":true,"href":"https:\/\/sindaopcpb.org.br\/index.php\/wp-json\/wp\/v2\/comments?post=26125"}],"version-history":[{"count":1,"href":"https:\/\/sindaopcpb.org.br\/index.php\/wp-json\/wp\/v2\/posts\/26125\/revisions"}],"predecessor-version":[{"id":26126,"href":"https:\/\/sindaopcpb.org.br\/index.php\/wp-json\/wp\/v2\/posts\/26125\/revisions\/26126"}],"wp:attachment":[{"href":"https:\/\/sindaopcpb.org.br\/index.php\/wp-json\/wp\/v2\/media?parent=26125"}],"wp:term":[{"taxonomy":"category","embeddable":true,"href":"https:\/\/sindaopcpb.org.br\/index.php\/wp-json\/wp\/v2\/categories?post=26125"},{"taxonomy":"post_tag","embeddable":true,"href":"https:\/\/sindaopcpb.org.br\/index.php\/wp-json\/wp\/v2\/tags?post=26125"}],"curies":[{"name":"wp","href":"https:\/\/api.w.org\/{rel}","templated":true}]}}