{"id":26123,"date":"2023-07-19T10:01:00","date_gmt":"2023-07-19T13:01:00","guid":{"rendered":"https:\/\/www.infomoney.com.br\/?p=2190994"},"modified":"2023-07-19T10:01:00","modified_gmt":"2023-07-19T13:01:00","slug":"indigenas-querem-ter-voz-em-projeto-e-obras-da-ferrograo","status":"publish","type":"post","link":"https:\/\/sindaopcpb.org.br\/index.php\/2023\/07\/19\/indigenas-querem-ter-voz-em-projeto-e-obras-da-ferrograo\/","title":{"rendered":"Ind\u00edgenas querem ter voz em projeto e obras da Ferrogr\u00e3o"},"content":{"rendered":"<p><img loading=\"lazy\" width=\"300\" height=\"225\" src=\"https:\/\/www.infomoney.com.br\/wp-content\/uploads\/2023\/07\/06062023-pzzb5613.jpg?fit=300%2C225&amp;quality=70&amp;strip=all\" class=\"attachment-medium size-medium wp-post-image\" alt=\"\" decoding=\"async\" style=\"float:right; margin:0 0 10px 10px;\" srcset=\"https:\/\/www.infomoney.com.br\/wp-content\/uploads\/2023\/07\/06062023-pzzb5613.jpg?w=1024&amp;quality=70&amp;strip=all 1024w, https:\/\/www.infomoney.com.br\/wp-content\/uploads\/2023\/07\/06062023-pzzb5613.jpg?w=300&amp;quality=70&amp;strip=all 300w, https:\/\/www.infomoney.com.br\/wp-content\/uploads\/2023\/07\/06062023-pzzb5613.jpg?w=768&amp;quality=70&amp;strip=all 768w, https:\/\/www.infomoney.com.br\/wp-content\/uploads\/2023\/07\/06062023-pzzb5613.jpg?w=150&amp;quality=70&amp;strip=all 150w\" sizes=\"auto, (max-width: 300px) 100vw, 300px\" data-attachment-id=\"2191088\" data-permalink=\"https:\/\/www.infomoney.com.br\/politica\/indigenas-querem-ter-voz-em-projeto-e-obras-da-ferrograo\/attachment\/06062023-pzzb5613\/\" data-orig-file=\"https:\/\/www.infomoney.com.br\/wp-content\/uploads\/2023\/07\/06062023-pzzb5613.jpg?fit=1024%2C768&amp;quality=70&amp;strip=all\" data-orig-size=\"1024,768\" data-comments-opened=\"0\" data-image-meta=\"{&quot;aperture&quot;:&quot;5&quot;,&quot;credit&quot;:&quot;Fabio Rodrigues-Pozzebom\\\/ Ag\\u00eancia Brasil&quot;,&quot;camera&quot;:&quot;Canon EOS 5D Mark III&quot;,&quot;caption&quot;:&quot;Bras\\u00edlia - 06\\\/06\\\/2023 A presidente da Funai, Joenia Wapichana, participa de reuni\\u00e3o no acampamento ind\\u00edgena contra o Marco Temporal na Esplanada dos Minist\\u00e9rios.  Foto: Fabio Rodrigues-Pozzebom\\\/ Ag\\u00eancia Brasil&quot;,&quot;created_timestamp&quot;:&quot;1686046134&quot;,&quot;copyright&quot;:&quot;Ag\\u00eancia Brasil\\\/EBC&quot;,&quot;focal_length&quot;:&quot;170&quot;,&quot;iso&quot;:&quot;800&quot;,&quot;shutter_speed&quot;:&quot;0.005&quot;,&quot;title&quot;:&quot;&quot;,&quot;orientation&quot;:&quot;0&quot;}\" data-image-title=\"Presidente da Funai, Joenia Wapichana\" data-image-description=\"&lt;p&gt;Bras\u00edlia &#8211; 06\/06\/2023 A presidente da Funai, Joenia Wapichana, durante reuni\u00e3o no acampamento ind\u00edgena, na ocasi\u00e3o do julgamento do Marco Temporal, no STF.  Foto: Fabio Rodrigues-Pozzebom\/ Ag\u00eancia Brasil&lt;\/p&gt;\n\" data-image-caption=\"&lt;p&gt;Bras\u00edlia &#8211; 06\/06\/2023 A presidente da Funai, Joenia Wapichana, durante reuni\u00e3o no acampamento ind\u00edgena, na ocasi\u00e3o do julgamento do Marco Temporal, no STF.  Foto: Fabio Rodrigues-Pozzebom\/ Ag\u00eancia Brasil&lt;\/p&gt;\n\" data-medium-file=\"https:\/\/www.infomoney.com.br\/wp-content\/uploads\/2023\/07\/06062023-pzzb5613.jpg?fit=300%2C225&amp;quality=70&amp;strip=all\" data-large-file=\"https:\/\/www.infomoney.com.br\/wp-content\/uploads\/2023\/07\/06062023-pzzb5613.jpg?fit=1024%2C768&amp;quality=70&amp;strip=all\" title=\"\"><\/p>\n<p>Lideran\u00e7as ind\u00edgenas dos 16 territ\u00f3rios que ser\u00e3o afetados pela constru\u00e7\u00e3o da Ferrogr\u00e3o, entre os Estados de Mato Grosso e Par\u00e1, cobram do governo o direito de serem consultados antes da continuidade da obra &#8211; um dos maiores projetos de infraestrutura de transportes do Pa\u00eds. A mobiliza\u00e7\u00e3o, encabe\u00e7ada pela Rede Xingu+, alian\u00e7a que re\u00fane as principais organiza\u00e7\u00f5es ind\u00edgenas da bacia do Rio Xingu, responde \u00e0 \u00faltima decis\u00e3o do ministro Alexandre de Moraes, do Supremo Tribunal Federal (STF), sobre o caso.<\/p>\n<p>No fim de maio, Moraes decidiu remeter para o centro de media\u00e7\u00e3o de lit\u00edgios da Corte a A\u00e7\u00e3o Direta de Inconstitucionalidade (ADI) que envolve a Ferrogr\u00e3o. Ele autorizou a retomada dos estudos relacionados \u00e0 ferrovia, mas manteve suspensa a lei que liberava a execu\u00e7\u00e3o da obra. A a\u00e7\u00e3o questiona a Lei 13.452, de 2017, que excluiu cerca de 862 hectares do Parque Nacional do Jamanxim e os destinou aos leitos e \u00e0s faixas da Ferrogr\u00e3o (EF-170) e da BR-163 &#8211; rodovia que liga as cidades de Tenente Portela, no Rio Grande do Sul, a Santar\u00e9m, no Par\u00e1.<\/p>\n<p>Com 933 quil\u00f4metros, a Ferrogr\u00e3o segue o tra\u00e7ado da BR-163: parte de Sinop (MT) &#8211; maior produtor de gr\u00e3os do Pa\u00eds &#8211; e vai at\u00e9 o Porto de Miritituba, em Itaituba (PA). E \u00e9 estrat\u00e9gica para o escoamento das safras de gr\u00e3os do Centro-Oeste pela regi\u00e3o Norte, de onde as cargas s\u00e3o transportadas por hidrovia at\u00e9 o Rio Amazonas, e de l\u00e1 para exporta\u00e7\u00e3o.<\/p>\n<p>Para Moraes, &#8220;h\u00e1 risco de que a norma produza efeitos irrevers\u00edveis&#8221;. Isso porque a ADI, da qual ele \u00e9 relator, trata de procedimento legal de desafeta\u00e7\u00e3o (ato que retira ou altera a finalidade) de \u00e1reas protegidas. Assim, a execu\u00e7\u00e3o do projeto est\u00e1 condicionada \u00e0 autoriza\u00e7\u00e3o do STF. Moraes deu prazo de 60 dias para a media\u00e7\u00e3o apresentar uma proposta de acordo.<\/p>\n<h2><b>Paralisado<\/b><\/h2>\n<p>O projeto da Ferrogr\u00e3o, com custo estimado de R$ 21 bilh\u00f5es, foi interrompido em 2021 por decis\u00e3o de Moraes. Segundo a Rede Xingu+, h\u00e1 consenso entre o Minist\u00e9rio dos Transportes e a Ag\u00eancia Nacional de Transportes Terrestres (ANTT) quanto \u00e0 necessidade de revisar os estudos t\u00e9cnicos da ferrovia.<\/p>\n<p>No documento enviado ao governo, os ind\u00edgenas apontam maneiras de alinhar os estudos \u00e0s diretrizes atuais de pol\u00edticas p\u00fablicas da gest\u00e3o Lula e ao cumprimento do compromisso do Brasil em reduzir a perda de vegeta\u00e7\u00e3o nativa da Amaz\u00f4nia com desmatamento zero at\u00e9 2030. A Rede preparou um parecer com as condicionantes socioambientais a serem consideradas no projeto. Entre elas, est\u00e1 a realiza\u00e7\u00e3o de consulta livre, pr\u00e9via e informada aos povos e comunidades potencialmente afetadas pelas obras. No parecer, os ind\u00edgenas mostram que a consulta seria uma obriga\u00e7\u00e3o assumida pelo Estado brasileiro por meio da Conven\u00e7\u00e3o 169 da Organiza\u00e7\u00e3o Internacional do Trabalho (OIT) e um direito dos povos e comunidades ind\u00edgenas e tradicionais.<\/p>\n<h2><b>Grilagem<\/b><\/h2>\n<p>As lideran\u00e7as ind\u00edgenas querem tamb\u00e9m o reconhecimento dos direitos territoriais dos povos da regi\u00e3o e a regulariza\u00e7\u00e3o fundi\u00e1ria na \u00e1rea de influ\u00eancia da ferrovia, com a destina\u00e7\u00e3o de terras p\u00fablicas e a cria\u00e7\u00e3o de unidades de conserva\u00e7\u00e3o, para evitar uma corrida pela grilagem de terras n\u00e3o destinadas ao redor da ferrovia. Entre esses povos, est\u00e3o os Munduruku, Meb\u00eang\u00f4kre, Kayap\u00f3, Isolados do Iriri Novo, Panar\u00e1 e Apiak\u00e1.<\/p>\n<p>Em sua decis\u00e3o, Moraes destacou a import\u00e2ncia da constru\u00e7\u00e3o da ferrovia para o escoamento da produ\u00e7\u00e3o de milho, soja, farelo e \u00f3leo de soja, fertilizantes, a\u00e7\u00facar e etanol. E destacou que a obra pode reduzir em R$ 19,2 bilh\u00f5es o custo do frete na regi\u00e3o.<\/p>\n<p>O Minist\u00e9rio dos Transportes disse que tenta buscar concilia\u00e7\u00e3o com as partes envolvidas. Mas n\u00e3o entrou em detalhes sobre as discuss\u00f5es, alegando que o processo \u00e9 sigiloso. Segundo o minist\u00e9rio, o governo est\u00e1 aberto para discutir as quest\u00f5es ambientais que precisam ser enfrentadas.<\/p>\n<p>Procurada pela reportagem, a ANTT informou que segue dialogando com os \u00f3rg\u00e3os competentes e aguarda diretrizes do Minist\u00e9rio dos Transportes para, ent\u00e3o, dar prosseguimento ao projeto. Mas evitou comentar a exig\u00eancia de consulta dos povos ind\u00edgenas. O STF informou que ainda n\u00e3o houve nenhuma reuni\u00e3o para discutir o caso no Centro de Solu\u00e7\u00f5es Alternativas de Lit\u00edgios (Cesal).<\/p>\n<p>The post <a rel=\"nofollow noopener\" href=\"https:\/\/www.infomoney.com.br\/politica\/indigenas-querem-ter-voz-em-projeto-e-obras-da-ferrograo\/\" target=\"_blank\">Ind\u00edgenas querem ter voz em projeto e obras da Ferrogr\u00e3o<\/a> appeared first on <a rel=\"nofollow noopener\" href=\"https:\/\/www.infomoney.com.br\/\" target=\"_blank\">InfoMoney<\/a>.<\/p>\n","protected":false},"excerpt":{"rendered":"<p><img loading=\"lazy\" decoding=\"async\" width=\"300\" height=\"225\" src=\"https:\/\/www.infomoney.com.br\/wp-content\/uploads\/2023\/07\/06062023-pzzb5613.jpg?fit=300%2C225&amp;quality=70&amp;strip=all\" class=\"attachment-medium size-medium wp-post-image\" alt=\"\" data-attachment-id=\"2191088\" data-permalink=\"https:\/\/www.infomoney.com.br\/politica\/indigenas-querem-ter-voz-em-projeto-e-obras-da-ferrograo\/attachment\/06062023-pzzb5613\/\" data-orig-file=\"https:\/\/www.infomoney.com.br\/wp-content\/uploads\/2023\/07\/06062023-pzzb5613.jpg?fit=1024%2C768&amp;quality=70&amp;strip=all\" data-orig-size=\"1024,768\" data-comments-opened=\"0\" data-image-meta='{\"aperture\":\"5\",\"credit\":\"Fabio Rodrigues-Pozzebom\\\/ Ag\\u00eancia Brasil\",\"camera\":\"Canon EOS 5D Mark III\",\"caption\":\"Bras\\u00edlia - 06\\\/06\\\/2023 A presidente da Funai, Joenia Wapichana, participa de reuni\\u00e3o no acampamento ind\\u00edgena contra o Marco Temporal na Esplanada dos Minist\\u00e9rios.  Foto: Fabio Rodrigues-Pozzebom\\\/ Ag\\u00eancia Brasil\",\"created_timestamp\":\"1686046134\",\"copyright\":\"Ag\\u00eancia Brasil\\\/EBC\",\"focal_length\":\"170\",\"iso\":\"800\",\"shutter_speed\":\"0.005\",\"title\":\"\",\"orientation\":\"0\"}' data-image-title=\"Presidente da Funai, Joenia Wapichana\" data-image-description=\"&lt;p&gt;Bras\u00edlia \u2013 06\/06\/2023 A presidente da Funai, Joenia Wapichana, durante reuni\u00e3o no acampamento ind\u00edgena, na ocasi\u00e3o do julgamento do Marco Temporal, no STF.  Foto: Fabio Rodrigues-Pozzebom\/ Ag\u00eancia Brasil&lt;\/p&gt;\n\" data-image-caption=\"&lt;p&gt;Bras\u00edlia \u2013 06\/06\/2023 A presidente da Funai, Joenia Wapichana, durante reuni\u00e3o no acampamento ind\u00edgena, na ocasi\u00e3o do julgamento do Marco Temporal, no STF.  Foto: Fabio Rodrigues-Pozzebom\/ Ag\u00eancia Brasil&lt;\/p&gt;\n\" data-medium-file=\"https:\/\/www.infomoney.com.br\/wp-content\/uploads\/2023\/07\/06062023-pzzb5613.jpg?fit=300%2C225&amp;quality=70&amp;strip=all\" data-large-file=\"https:\/\/www.infomoney.com.br\/wp-content\/uploads\/2023\/07\/06062023-pzzb5613.jpg?fit=1024%2C768&amp;quality=70&amp;strip=all\">Ferrovia segue o tra\u00e7ado da BR-163: parte de Sinop (MT) &#8211; maior produtor de gr\u00e3os do Pa\u00eds &#8211; e vai at\u00e9 o Porto de Miritituba, em Itaitubam, no Par\u00e1<\/p>\n<p>The post <a rel=\"nofollow\" href=\"https:\/\/www.infomoney.com.br\/politica\/indigenas-querem-ter-voz-em-projeto-e-obras-da-ferrograo\/\">Ind\u00edgenas querem ter voz em projeto e obras da Ferrogr\u00e3o<\/a> appeared first on <a rel=\"nofollow\" href=\"https:\/\/www.infomoney.com.br\/\">InfoMoney<\/a>.<\/p>\n","protected":false},"author":43,"featured_media":0,"comment_status":"closed","ping_status":"closed","sticky":false,"template":"","format":"standard","meta":{"advgb_blocks_editor_width":"","advgb_blocks_columns_visual_guide":"","footnotes":""},"categories":[374,34,277,1638,2889,47,449],"tags":[35],"class_list":["post-26123","post","type-post","status-publish","format-standard","hentry","category-ferrovias","category-g1","category-indigenas","category-mato-grosso","category-para","category-politica","category-stf","tag-g1"],"author_meta":{"display_name":"Estad\u00e3o Conte\u00fado","author_link":"https:\/\/sindaopcpb.org.br\/author\/estadao-conteudo\/"},"featured_img":null,"coauthors":[],"tax_additional":{"categories":{"linked":["<a href=\"https:\/\/sindaopcpb.org.br\/ferrovias\/\" class=\"advgb-post-tax-term\">Ferrovias<\/a>","<a href=\"https:\/\/sindaopcpb.org.br\/g1\/\" class=\"advgb-post-tax-term\">G1<\/a>","<a href=\"https:\/\/sindaopcpb.org.br\/indigenas\/\" class=\"advgb-post-tax-term\">ind\u00edgenas<\/a>","<a href=\"https:\/\/sindaopcpb.org.br\/mato-grosso\/\" class=\"advgb-post-tax-term\">Mato Grosso<\/a>","<a href=\"https:\/\/sindaopcpb.org.br\/para\/\" class=\"advgb-post-tax-term\">Par\u00e1<\/a>","<a href=\"https:\/\/sindaopcpb.org.br\/politica\/\" class=\"advgb-post-tax-term\">POLITICA<\/a>","<a href=\"https:\/\/sindaopcpb.org.br\/stf\/\" class=\"advgb-post-tax-term\">STF<\/a>"],"unlinked":["<span class=\"advgb-post-tax-term\">Ferrovias<\/span>","<span class=\"advgb-post-tax-term\">G1<\/span>","<span class=\"advgb-post-tax-term\">ind\u00edgenas<\/span>","<span class=\"advgb-post-tax-term\">Mato Grosso<\/span>","<span class=\"advgb-post-tax-term\">Par\u00e1<\/span>","<span class=\"advgb-post-tax-term\">POLITICA<\/span>","<span class=\"advgb-post-tax-term\">STF<\/span>"]},"tags":{"linked":["<a href=\"https:\/\/sindaopcpb.org.br\/stf\/\" class=\"advgb-post-tax-term\">g1<\/a>"],"unlinked":["<span class=\"advgb-post-tax-term\">g1<\/span>"]}},"comment_count":"0","relative_dates":{"created":"Publicado 3 anos atr\u00e1s","modified":"Atualizado 3 anos atr\u00e1s"},"absolute_dates":{"created":"Publicado em 19 de julho de 2023","modified":"Atualizado em 19 de julho de 2023"},"absolute_dates_time":{"created":"Publicado em 19 de julho de 2023 10:01","modified":"Atualizado em 19 de julho de 2023 10:01"},"featured_img_caption":"","series_order":"","_links":{"self":[{"href":"https:\/\/sindaopcpb.org.br\/index.php\/wp-json\/wp\/v2\/posts\/26123","targetHints":{"allow":["GET"]}}],"collection":[{"href":"https:\/\/sindaopcpb.org.br\/index.php\/wp-json\/wp\/v2\/posts"}],"about":[{"href":"https:\/\/sindaopcpb.org.br\/index.php\/wp-json\/wp\/v2\/types\/post"}],"author":[{"embeddable":true,"href":"https:\/\/sindaopcpb.org.br\/index.php\/wp-json\/wp\/v2\/users\/43"}],"replies":[{"embeddable":true,"href":"https:\/\/sindaopcpb.org.br\/index.php\/wp-json\/wp\/v2\/comments?post=26123"}],"version-history":[{"count":1,"href":"https:\/\/sindaopcpb.org.br\/index.php\/wp-json\/wp\/v2\/posts\/26123\/revisions"}],"predecessor-version":[{"id":26124,"href":"https:\/\/sindaopcpb.org.br\/index.php\/wp-json\/wp\/v2\/posts\/26123\/revisions\/26124"}],"wp:attachment":[{"href":"https:\/\/sindaopcpb.org.br\/index.php\/wp-json\/wp\/v2\/media?parent=26123"}],"wp:term":[{"taxonomy":"category","embeddable":true,"href":"https:\/\/sindaopcpb.org.br\/index.php\/wp-json\/wp\/v2\/categories?post=26123"},{"taxonomy":"post_tag","embeddable":true,"href":"https:\/\/sindaopcpb.org.br\/index.php\/wp-json\/wp\/v2\/tags?post=26123"}],"curies":[{"name":"wp","href":"https:\/\/api.w.org\/{rel}","templated":true}]}}