{"id":26121,"date":"2023-07-19T10:08:57","date_gmt":"2023-07-19T13:08:57","guid":{"rendered":"https:\/\/www.infomoney.com.br\/?p=2190957"},"modified":"2023-07-19T10:08:57","modified_gmt":"2023-07-19T13:08:57","slug":"lula-diz-que-mercosul-entregara-contraproposta-a-ue-para-acordo-comercial-em-2-a-3-semanas","status":"publish","type":"post","link":"https:\/\/sindaopcpb.org.br\/index.php\/2023\/07\/19\/lula-diz-que-mercosul-entregara-contraproposta-a-ue-para-acordo-comercial-em-2-a-3-semanas\/","title":{"rendered":"Lula diz que Mercosul entregar\u00e1 contraproposta a UE para acordo comercial em 2 a 3 semanas"},"content":{"rendered":"<p><img loading=\"lazy\" width=\"300\" height=\"191\" src=\"https:\/\/www.infomoney.com.br\/wp-content\/uploads\/2023\/07\/conv_8_1-e1689702709829.jpg?fit=300%2C191&amp;quality=70&amp;strip=all\" class=\"attachment-medium size-medium wp-post-image\" alt=\"\" decoding=\"async\" style=\"float:right; margin:0 0 10px 10px;\" srcset=\"https:\/\/www.infomoney.com.br\/wp-content\/uploads\/2023\/07\/conv_8_1-e1689702709829.jpg?w=972&amp;quality=70&amp;strip=all 972w, https:\/\/www.infomoney.com.br\/wp-content\/uploads\/2023\/07\/conv_8_1-e1689702709829.jpg?w=300&amp;quality=70&amp;strip=all 300w, https:\/\/www.infomoney.com.br\/wp-content\/uploads\/2023\/07\/conv_8_1-e1689702709829.jpg?w=768&amp;quality=70&amp;strip=all 768w, https:\/\/www.infomoney.com.br\/wp-content\/uploads\/2023\/07\/conv_8_1-e1689702709829.jpg?w=150&amp;quality=70&amp;strip=all 150w\" sizes=\"auto, (max-width: 300px) 100vw, 300px\" data-attachment-id=\"2190497\" data-permalink=\"https:\/\/www.infomoney.com.br\/conv_8_1\/\" data-orig-file=\"https:\/\/www.infomoney.com.br\/wp-content\/uploads\/2023\/07\/conv_8_1-e1689702709829.jpg?fit=972%2C619&amp;quality=70&amp;strip=all\" data-orig-size=\"972,619\" data-comments-opened=\"0\" data-image-meta=\"{&quot;aperture&quot;:&quot;0&quot;,&quot;credit&quot;:&quot;TV Brasil&quot;,&quot;camera&quot;:&quot;&quot;,&quot;caption&quot;:&quot;Bruxelas, B\\u00e9lgica, 18.07.2023 - Presidente Lula \\u00e9 entrevistado por Marcos Uchoa no programa Conversa com o Presidente, em Bruxelas, B\\u00e9lgica. Imagem: TV Brasil&quot;,&quot;created_timestamp&quot;:&quot;0&quot;,&quot;copyright&quot;:&quot;&quot;,&quot;focal_length&quot;:&quot;0&quot;,&quot;iso&quot;:&quot;0&quot;,&quot;shutter_speed&quot;:&quot;0&quot;,&quot;title&quot;:&quot;&quot;,&quot;orientation&quot;:&quot;1&quot;}\" data-image-title=\"conv_8_1\" data-image-description=\"\" data-image-caption=\"&lt;p&gt;Bruxelas, B\u00e9lgica, 18.07.2023 &#8211; Presidente Lula \u00e9 entrevistado por Marcos Uchoa no programa Conversa com o Presidente, em Bruxelas, B\u00e9lgica. Imagem: TV Brasil&lt;\/p&gt;\n\" data-medium-file=\"https:\/\/www.infomoney.com.br\/wp-content\/uploads\/2023\/07\/conv_8_1-e1689702709829.jpg?fit=300%2C191&amp;quality=70&amp;strip=all\" data-large-file=\"https:\/\/www.infomoney.com.br\/wp-content\/uploads\/2023\/07\/conv_8_1-e1689702709829.jpg?fit=972%2C619&amp;quality=70&amp;strip=all\" title=\"\"><\/p>\n<p>O presidente Luiz In\u00e1cio Lula da Silva disse, nesta quarta-feira (19), que o Mercosul enviar\u00e1 \u00e0 Uni\u00e3o Europeia uma contraproposta sobre o acordo comercial h\u00e1 muito adiado entre os dois blocos nas pr\u00f3ximas duas ou tr\u00eas semanas.<\/p>\n<p>Em entrevista coletiva em Bruxelas, onde participou da reuni\u00e3o de c\u00fapula entre a Comunidade dos Estados Latino-Americanos e Caribenhos (Celac) e a UE, Lula tamb\u00e9m disse acreditar que o bloco europeu concordar\u00e1 com a contraproposta a ser apresentada pelo Mercosul, bloco formado al\u00e9m do Brasil por Argentina, Paraguai e Uruguai.<\/p>\n<p>A UE e o Mercosul conclu\u00edram as negocia\u00e7\u00f5es em 2019, mas o acordo foi suspenso devido a preocupa\u00e7\u00f5es com o desmatamento da Amaz\u00f4nia e o compromisso do Brasil com as a\u00e7\u00f5es de mudan\u00e7a clim\u00e1tica.<\/p>\n<p>&#8220;A Europa tinha feito uma carta agressiva. A carta que a Europa fez para o Mercosul era uma carta que amea\u00e7ava com puni\u00e7\u00e3o se a gente n\u00e3o cumprisse determinados requisitos ambientais. E a gente disse para a Uni\u00e3o Europeia que dois parceiros estrat\u00e9gicos n\u00e3o discutem com amea\u00e7as, a gente discute com propostas&#8221;, disse Lula aos jornalistas.<\/p>\n<p>&#8220;N\u00f3s fizemos a resposta brasileira, a resposta brasileira est\u00e1 sendo discutida com os quatro pa\u00edses e depois n\u00f3s vamos, daqui a duas ou tr\u00eas semanas, entregar definitivamente a proposta para a Uni\u00e3o Europeia&#8221;, afirmou.<\/p>\n<p>Lula voltou a afirmar que o bloco sul-americano n\u00e3o abre m\u00e3o de manter o controle sobre as compras governamentais em um eventual acordo, e repetiu que as aquisi\u00e7\u00f5es do governo s\u00e3o estrat\u00e9gicos para o processo de reindustrializa\u00e7\u00e3o do Brasil.<\/p>\n<p>Lula, que foi eleito no ano passado, prometeu reformular a pol\u00edtica clim\u00e1tica de seu pa\u00eds e zerar o desmatamento da Amaz\u00f4nia at\u00e9 2030.<\/p>\n<p>A Comiss\u00e3o Europeia prop\u00f4s em uma carta adicional a inclus\u00e3o de um anexo ao acordo para mostrar os compromissos com o desmatamento e outras \u00e1reas de sustentabilidade e est\u00e1 aguardando a resposta do Mercosul.<\/p>\n<p>Lula voltou a afirmar que o Mercosul &#8220;n\u00e3o aceita&#8221; a carta adicional enviada pela UE, ao mesmo tempo que manifestou otimismo que o acordo possa ser conclu\u00eddo ainda neste ano, durante a presid\u00eancia brasileira do Mercosul.<\/p>\n<p>&#8220;Estou otimista, estou muito otimista. Pela primeira vez estou otimista de que a gente vai concluir este acordo ainda este ano&#8221;, afirmou.<\/p>\n<p>&#8220;N\u00f3s fizemos uma carta-resposta e achamos que a Uni\u00e3o Europeia tranquilamente vai concordar com a nossa resposta.&#8221;<\/p>\n<p>Embora a c\u00fapula UE-Celac tenha marcado uma nova era de maior coopera\u00e7\u00e3o pol\u00edtica e econ\u00f4mica entre os l\u00edderes europeus, latino-americanos e caribenhos, a reuni\u00e3o foi obscurecida por disputas sobre como lidar com a guerra da R\u00fassia na Ucr\u00e2nia.<\/p>\n<p>Lula irritou os pa\u00edses ocidentais no in\u00edcio deste ano quando sugeriu que o Ocidente estava incentivando a guerra ao enviar armas para a Ucr\u00e2nia.<\/p>\n<p>Na entrevista ap\u00f3s a c\u00fapula UE-Celac, Lula voltou a defender a cria\u00e7\u00e3o de um grupo de pa\u00edses para &#8220;no momento certo convencer a R\u00fassia e a Ucr\u00e2nia de que a paz \u00e9 o melhor caminho&#8221;.<\/p>\n<p>The post <a rel=\"nofollow noopener\" href=\"https:\/\/www.infomoney.com.br\/politica\/lula-diz-que-mercosul-entregara-contraproposta-a-ue-para-acordo-comercial-em-2-a-3-semanas\/\" target=\"_blank\">Lula diz que Mercosul entregar\u00e1 contraproposta a UE para acordo comercial em 2 a 3 semanas<\/a> appeared first on <a rel=\"nofollow noopener\" href=\"https:\/\/www.infomoney.com.br\/\" target=\"_blank\">InfoMoney<\/a>.<\/p>\n","protected":false},"excerpt":{"rendered":"<p><img loading=\"lazy\" decoding=\"async\" width=\"300\" height=\"191\" src=\"https:\/\/www.infomoney.com.br\/wp-content\/uploads\/2023\/07\/conv_8_1-e1689702709829.jpg?fit=300%2C191&amp;quality=70&amp;strip=all\" class=\"attachment-medium size-medium wp-post-image\" alt=\"\" data-attachment-id=\"2190497\" data-permalink=\"https:\/\/www.infomoney.com.br\/conv_8_1\/\" data-orig-file=\"https:\/\/www.infomoney.com.br\/wp-content\/uploads\/2023\/07\/conv_8_1-e1689702709829.jpg?fit=972%2C619&amp;quality=70&amp;strip=all\" data-orig-size=\"972,619\" data-comments-opened=\"0\" data-image-meta='{\"aperture\":\"0\",\"credit\":\"TV Brasil\",\"camera\":\"\",\"caption\":\"Bruxelas, B\\u00e9lgica, 18.07.2023 - Presidente Lula \\u00e9 entrevistado por Marcos Uchoa no programa Conversa com o Presidente, em Bruxelas, B\\u00e9lgica. Imagem: TV Brasil\",\"created_timestamp\":\"0\",\"copyright\":\"\",\"focal_length\":\"0\",\"iso\":\"0\",\"shutter_speed\":\"0\",\"title\":\"\",\"orientation\":\"1\"}' data-image-title=\"conv_8_1\" data-image-description=\"\" data-image-caption=\"&lt;p&gt;Bruxelas, B\u00e9lgica, 18.07.2023 \u2013 Presidente Lula \u00e9 entrevistado por Marcos Uchoa no programa Conversa com o Presidente, em Bruxelas, B\u00e9lgica. Imagem: TV Brasil&lt;\/p&gt;\n\" data-medium-file=\"https:\/\/www.infomoney.com.br\/wp-content\/uploads\/2023\/07\/conv_8_1-e1689702709829.jpg?fit=300%2C191&amp;quality=70&amp;strip=all\" data-large-file=\"https:\/\/www.infomoney.com.br\/wp-content\/uploads\/2023\/07\/conv_8_1-e1689702709829.jpg?fit=972%2C619&amp;quality=70&amp;strip=all\">Presidente tamb\u00e9m disse acreditar que o bloco europeu concordar\u00e1 com a contraproposta a ser apresentada por Brasil por Argentina, Paraguai e Uruguai<\/p>\n<p>The post <a rel=\"nofollow\" href=\"https:\/\/www.infomoney.com.br\/politica\/lula-diz-que-mercosul-entregara-contraproposta-a-ue-para-acordo-comercial-em-2-a-3-semanas\/\">Lula diz que Mercosul entregar\u00e1 contraproposta a UE para acordo comercial em 2 a 3 semanas<\/a> appeared first on <a rel=\"nofollow\" href=\"https:\/\/www.infomoney.com.br\/\">InfoMoney<\/a>.<\/p>\n","protected":false},"author":46,"featured_media":0,"comment_status":"closed","ping_status":"closed","sticky":false,"template":"","format":"standard","meta":{"advgb_blocks_editor_width":"","advgb_blocks_columns_visual_guide":"","footnotes":""},"categories":[541,34,129,1473,47,1474],"tags":[35],"class_list":["post-26121","post","type-post","status-publish","format-standard","hentry","category-comercio-exterior","category-g1","category-luiz-inacio-lula-da-silva","category-mercosul","category-politica","category-uniao-europeia","tag-g1"],"author_meta":{"display_name":"Reuters","author_link":"https:\/\/sindaopcpb.org.br\/author\/reuters\/"},"featured_img":null,"coauthors":[],"tax_additional":{"categories":{"linked":["<a href=\"https:\/\/sindaopcpb.org.br\/comercio-exterior\/\" class=\"advgb-post-tax-term\">Com\u00e9rcio Exterior<\/a>","<a href=\"https:\/\/sindaopcpb.org.br\/g1\/\" class=\"advgb-post-tax-term\">G1<\/a>","<a href=\"https:\/\/sindaopcpb.org.br\/luiz-inacio-lula-da-silva\/\" class=\"advgb-post-tax-term\">Luiz In\u00e1cio Lula da Silva<\/a>","<a href=\"https:\/\/sindaopcpb.org.br\/mercosul\/\" class=\"advgb-post-tax-term\">Mercosul<\/a>","<a href=\"https:\/\/sindaopcpb.org.br\/politica\/\" class=\"advgb-post-tax-term\">POLITICA<\/a>","<a href=\"https:\/\/sindaopcpb.org.br\/uniao-europeia\/\" class=\"advgb-post-tax-term\">Uni\u00e3o Europeia<\/a>"],"unlinked":["<span class=\"advgb-post-tax-term\">Com\u00e9rcio Exterior<\/span>","<span class=\"advgb-post-tax-term\">G1<\/span>","<span class=\"advgb-post-tax-term\">Luiz In\u00e1cio Lula da Silva<\/span>","<span class=\"advgb-post-tax-term\">Mercosul<\/span>","<span class=\"advgb-post-tax-term\">POLITICA<\/span>","<span class=\"advgb-post-tax-term\">Uni\u00e3o Europeia<\/span>"]},"tags":{"linked":["<a href=\"https:\/\/sindaopcpb.org.br\/uniao-europeia\/\" class=\"advgb-post-tax-term\">g1<\/a>"],"unlinked":["<span class=\"advgb-post-tax-term\">g1<\/span>"]}},"comment_count":"0","relative_dates":{"created":"Publicado 3 anos atr\u00e1s","modified":"Atualizado 3 anos atr\u00e1s"},"absolute_dates":{"created":"Publicado em 19 de julho de 2023","modified":"Atualizado em 19 de julho de 2023"},"absolute_dates_time":{"created":"Publicado em 19 de julho de 2023 10:08","modified":"Atualizado em 19 de julho de 2023 10:08"},"featured_img_caption":"","series_order":"","_links":{"self":[{"href":"https:\/\/sindaopcpb.org.br\/index.php\/wp-json\/wp\/v2\/posts\/26121","targetHints":{"allow":["GET"]}}],"collection":[{"href":"https:\/\/sindaopcpb.org.br\/index.php\/wp-json\/wp\/v2\/posts"}],"about":[{"href":"https:\/\/sindaopcpb.org.br\/index.php\/wp-json\/wp\/v2\/types\/post"}],"author":[{"embeddable":true,"href":"https:\/\/sindaopcpb.org.br\/index.php\/wp-json\/wp\/v2\/users\/46"}],"replies":[{"embeddable":true,"href":"https:\/\/sindaopcpb.org.br\/index.php\/wp-json\/wp\/v2\/comments?post=26121"}],"version-history":[{"count":1,"href":"https:\/\/sindaopcpb.org.br\/index.php\/wp-json\/wp\/v2\/posts\/26121\/revisions"}],"predecessor-version":[{"id":26122,"href":"https:\/\/sindaopcpb.org.br\/index.php\/wp-json\/wp\/v2\/posts\/26121\/revisions\/26122"}],"wp:attachment":[{"href":"https:\/\/sindaopcpb.org.br\/index.php\/wp-json\/wp\/v2\/media?parent=26121"}],"wp:term":[{"taxonomy":"category","embeddable":true,"href":"https:\/\/sindaopcpb.org.br\/index.php\/wp-json\/wp\/v2\/categories?post=26121"},{"taxonomy":"post_tag","embeddable":true,"href":"https:\/\/sindaopcpb.org.br\/index.php\/wp-json\/wp\/v2\/tags?post=26121"}],"curies":[{"name":"wp","href":"https:\/\/api.w.org\/{rel}","templated":true}]}}