{"id":26116,"date":"2023-07-19T08:29:39","date_gmt":"2023-07-19T11:29:39","guid":{"rendered":"https:\/\/wpa.wscom.com.br\/?p=912663"},"modified":"2023-07-19T08:29:39","modified_gmt":"2023-07-19T11:29:39","slug":"marcha-das-margaridas-2023-reunira-mais-de-100-mil-mulheres-em-brasilia","status":"publish","type":"post","link":"https:\/\/sindaopcpb.org.br\/index.php\/2023\/07\/19\/marcha-das-margaridas-2023-reunira-mais-de-100-mil-mulheres-em-brasilia\/","title":{"rendered":"Marcha das Margaridas 2023 reunir\u00e1 mais de 100 mil mulheres em Bras\u00edlia"},"content":{"rendered":"<p>A capital do Brasil receber\u00e1 mais de 100 mil mulheres para a 7\u00aa Marcha das Margaridas nos dias 15 e 16 de agosto de 2023. A maior a\u00e7\u00e3o pol\u00edtica de mulheres da Am\u00e9rica Latina com protagonismo das mulheres do campo, da floresta e das \u00e1guas, coordenada pela Confedera\u00e7\u00e3o Nacional dos Trabalhadores Rurais Agricultores e Agricultoras Familiares (CONTAG) e 16 organiza\u00e7\u00f5es parceiras, acontece a cada quatro anos e ter\u00e1 como lema dessa vez \u201cPela Reconstru\u00e7\u00e3o do Brasil e pelo Bem Viver\u201d.<\/p>\n<p>\u201cMargaridas de todos os estados brasileiros e de outros pa\u00edses j\u00e1 est\u00e3o se organizando e se preparando para esse grande momento. S\u00e3o quatro anos de constru\u00e7\u00e3o coletiva, de forma\u00e7\u00e3o, de caravanas, de audi\u00eancias p\u00fablicas e de constru\u00e7\u00e3o de propostas para coroar com a nossa grande marcha em Bras\u00edlia\u201d, enfatizou a secret\u00e1ria de Mulheres da CONTAG e coordenadora geral da Marcha das Margaridas, Maz\u00e9 Morais.<\/p>\n<p>A Pauta da Marcha das Margaridas foi entregue ao governo federal, durante evento com a participa\u00e7\u00e3o de 13 ministras e ministros de Estado, no Pal\u00e1cio do Planalto, no dia 21 de junho. No mesmo dia foi entregue a Pauta voltada ao Legislativo para o presidente da C\u00e2mara dos Deputados, deputado Arthur Lira.<\/p>\n<p>Os documentos trazem os anseios, os quereres e as prioridades apontadas pelas Margaridas do campo, da floresta e das \u00e1guas e as propostas est\u00e3o organizadas em 13 eixos tem\u00e1ticos:<\/p>\n<p>&#8211; Democracia participativa e soberania popular;<\/p>\n<p>&#8211; Poder e participa\u00e7\u00e3o pol\u00edtica das mulheres;<\/p>\n<p>&#8211; Vida livre de todas as formas de viol\u00eancia, sem racismo e sem sexismo;<\/p>\n<p>&#8211; Autonomia e liberdade das mulheres sobre o seu corpo e a sua sexualidade;<\/p>\n<p>&#8211; Prote\u00e7\u00e3o da Natureza com justi\u00e7a ambiental e clim\u00e1tica;<\/p>\n<p>&#8211; Autodetermina\u00e7\u00e3o dos povos, com soberania alimentar, h\u00eddrica e energ\u00e9tica;<\/p>\n<p>&#8211; Democratiza\u00e7\u00e3o do acesso \u00e0 terra e garantia dos direitos territoriais e dos maret\u00f3rios;<\/p>\n<p>&#8211; Direito de acesso e uso da biodiversidade, defesa dos bens comuns;<\/p>\n<p>&#8211; Vida saud\u00e1vel com agroecologia e seguran\u00e7a alimentar e nutricional;<\/p>\n<p>&#8211; Autonomia econ\u00f4mica, inclus\u00e3o produtiva, trabalho e renda;<\/p>\n<p>&#8211; Sa\u00fade, Previd\u00eancia e Assist\u00eancia Social p\u00fablica, universal e solid\u00e1ria;<\/p>\n<p>&#8211; Educa\u00e7\u00e3o P\u00fablica n\u00e3o sexista e antirracista e direito \u00e0 educa\u00e7\u00e3o do e no campo;<\/p>\n<p>&#8211; Universaliza\u00e7\u00e3o do acesso \u00e0 internet e inclus\u00e3o digital.<\/p>\n<p>A Marcha tem como for\u00e7a inspiradora a luta de Margarida Maria Alves, uma mulher trabalhadora rural nordestina e l\u00edder sindical, que rompendo com padr\u00f5es tradicionais de g\u00eanero ocupou, por 12 anos, a Presid\u00eancia do Sindicato dos Trabalhadores Rurais de Alagoa Grande, na Para\u00edba.<\/p>\n<p>Por lutar pelo direito \u00e0 terra, pela reforma agr\u00e1ria, por educa\u00e7\u00e3o, por igualdade e por defender direitos trabalhistas e vida digna para trabalhadoras e trabalhadores rurais, Margarida Alves foi cruelmente assassinada na porta da sua casa, no dia 12 de agosto de 1983.<\/p>\n<p>Seu nome se tornou um s\u00edmbolo nacional de for\u00e7a e coragem cultivado pelas mulheres e homens do campo, da floresta e das \u00e1guas. \u00c9 em nome dessa luta que a cada quatro anos, no m\u00eas de agosto, milhares de Margaridas de todos os cantos do Pa\u00eds marcham em Bras\u00edlia, num clamor por justi\u00e7a, igualdade e paz no campo e na cidade.<\/p>\n<p>\u201cDe Margarida nos tornamos sementes. Em agosto, vamos realizar a 7\u00aa Marcha das Margaridas\u201d, anunciou Maz\u00e9 Morais, que disse ainda que, nesse ano, s\u00e3o 23 anos de realiza\u00e7\u00e3o da Marcha e 40 anos do assassinato de Margarida Alves. \u201cN\u00f3s nos guiamos pelos princ\u00edpios do feminismo anticapitalista, antirracista e antipatriarcal. Um feminismo que valoriza a vida, vinculado \u00e0 defesa da agroecologia, dos territ\u00f3rios, dos bens comuns e da soberania e autodetermina\u00e7\u00e3o dos povos\u201d.<\/p>\n<p>O post <a rel=\"nofollow noopener\" href=\"https:\/\/wscom.com.br\/marcha-das-margaridas-2023-reunira-mais-de-100-mil-mulheres-em-brasilia\/\" target=\"_blank\">Marcha das Margaridas 2023 reunir\u00e1 mais de 100 mil mulheres em Bras\u00edlia<\/a> apareceu primeiro em <a rel=\"nofollow noopener\" href=\"https:\/\/wscom.com.br\/\" target=\"_blank\">WSCOM<\/a>.<\/p>\n","protected":false},"excerpt":{"rendered":"<p>A capital do Brasil receber\u00e1 mais de 100 mil mulheres para a 7\u00aa Marcha das Margaridas nos dias 15 e 16 de agosto de 2023. A maior a\u00e7\u00e3o pol\u00edtica de mulheres da Am\u00e9rica Latina com protagonismo das mulheres do campo, da floresta e das \u00e1guas, coordenada pela Confedera\u00e7\u00e3o Nacional dos Trabalhadores Rurais Agricultores e Agricultoras [\u2026]<\/p>\n<p>O post <a rel=\"nofollow\" href=\"https:\/\/wscom.com.br\/marcha-das-margaridas-2023-reunira-mais-de-100-mil-mulheres-em-brasilia\/\">Marcha das Margaridas 2023 reunir\u00e1 mais de 100 mil mulheres em Bras\u00edlia<\/a> apareceu primeiro em <a rel=\"nofollow\" href=\"https:\/\/wscom.com.br\/\">WSCOM<\/a>.<\/p>\n","protected":false},"author":49,"featured_media":0,"comment_status":"closed","ping_status":"closed","sticky":false,"template":"","format":"standard","meta":{"advgb_blocks_editor_width":"","advgb_blocks_columns_visual_guide":"","footnotes":""},"categories":[134,34,6579,6580,6581,47],"tags":[35],"class_list":["post-26116","post","type-post","status-publish","format-standard","hentry","category-brasilia","category-g1","category-lider-paraibana","category-marcha-das-margaridas-2023","category-margarida-maria-alves","category-politica","tag-g1"],"author_meta":{"display_name":"Cristiane Cavalcante","author_link":"https:\/\/sindaopcpb.org.br\/author\/cristiane-cavalcante\/"},"featured_img":null,"coauthors":[],"tax_additional":{"categories":{"linked":["<a href=\"https:\/\/sindaopcpb.org.br\/brasilia\/\" class=\"advgb-post-tax-term\">Bras\u00edlia<\/a>","<a href=\"https:\/\/sindaopcpb.org.br\/g1\/\" class=\"advgb-post-tax-term\">G1<\/a>","<a href=\"https:\/\/sindaopcpb.org.br\/lider-paraibana\/\" class=\"advgb-post-tax-term\">l\u00edder paraibana<\/a>","<a href=\"https:\/\/sindaopcpb.org.br\/marcha-das-margaridas-2023\/\" class=\"advgb-post-tax-term\">Marcha das Margaridas 2023<\/a>","<a href=\"https:\/\/sindaopcpb.org.br\/margarida-maria-alves\/\" class=\"advgb-post-tax-term\">Margarida Maria Alves<\/a>","<a href=\"https:\/\/sindaopcpb.org.br\/politica\/\" class=\"advgb-post-tax-term\">POLITICA<\/a>"],"unlinked":["<span class=\"advgb-post-tax-term\">Bras\u00edlia<\/span>","<span class=\"advgb-post-tax-term\">G1<\/span>","<span class=\"advgb-post-tax-term\">l\u00edder paraibana<\/span>","<span class=\"advgb-post-tax-term\">Marcha das Margaridas 2023<\/span>","<span class=\"advgb-post-tax-term\">Margarida Maria Alves<\/span>","<span class=\"advgb-post-tax-term\">POLITICA<\/span>"]},"tags":{"linked":["<a href=\"https:\/\/sindaopcpb.org.br\/politica\/\" class=\"advgb-post-tax-term\">g1<\/a>"],"unlinked":["<span class=\"advgb-post-tax-term\">g1<\/span>"]}},"comment_count":"0","relative_dates":{"created":"Publicado 3 anos atr\u00e1s","modified":"Atualizado 3 anos atr\u00e1s"},"absolute_dates":{"created":"Publicado em 19 de julho de 2023","modified":"Atualizado em 19 de julho de 2023"},"absolute_dates_time":{"created":"Publicado em 19 de julho de 2023 08:29","modified":"Atualizado em 19 de julho de 2023 08:29"},"featured_img_caption":"","series_order":"","_links":{"self":[{"href":"https:\/\/sindaopcpb.org.br\/index.php\/wp-json\/wp\/v2\/posts\/26116","targetHints":{"allow":["GET"]}}],"collection":[{"href":"https:\/\/sindaopcpb.org.br\/index.php\/wp-json\/wp\/v2\/posts"}],"about":[{"href":"https:\/\/sindaopcpb.org.br\/index.php\/wp-json\/wp\/v2\/types\/post"}],"author":[{"embeddable":true,"href":"https:\/\/sindaopcpb.org.br\/index.php\/wp-json\/wp\/v2\/users\/49"}],"replies":[{"embeddable":true,"href":"https:\/\/sindaopcpb.org.br\/index.php\/wp-json\/wp\/v2\/comments?post=26116"}],"version-history":[{"count":1,"href":"https:\/\/sindaopcpb.org.br\/index.php\/wp-json\/wp\/v2\/posts\/26116\/revisions"}],"predecessor-version":[{"id":26117,"href":"https:\/\/sindaopcpb.org.br\/index.php\/wp-json\/wp\/v2\/posts\/26116\/revisions\/26117"}],"wp:attachment":[{"href":"https:\/\/sindaopcpb.org.br\/index.php\/wp-json\/wp\/v2\/media?parent=26116"}],"wp:term":[{"taxonomy":"category","embeddable":true,"href":"https:\/\/sindaopcpb.org.br\/index.php\/wp-json\/wp\/v2\/categories?post=26116"},{"taxonomy":"post_tag","embeddable":true,"href":"https:\/\/sindaopcpb.org.br\/index.php\/wp-json\/wp\/v2\/tags?post=26116"}],"curies":[{"name":"wp","href":"https:\/\/api.w.org\/{rel}","templated":true}]}}