{"id":26102,"date":"2023-07-19T06:49:48","date_gmt":"2023-07-19T09:49:48","guid":{"rendered":"https:\/\/wpa.wscom.com.br\/?p=912617"},"modified":"2023-07-19T06:49:48","modified_gmt":"2023-07-19T09:49:48","slug":"video-bandidos-atacam-motorista-e-incendeiam-onibus-em-joao-pessoa-condutor-sofreu-multiplas-queimaduras","status":"publish","type":"post","link":"https:\/\/sindaopcpb.org.br\/index.php\/2023\/07\/19\/video-bandidos-atacam-motorista-e-incendeiam-onibus-em-joao-pessoa-condutor-sofreu-multiplas-queimaduras\/","title":{"rendered":"[V\u00cdDEO] Bandidos atacam motorista e incendeiam \u00f4nibus em Jo\u00e3o Pessoa; condutor sofreu m\u00faltiplas queimaduras"},"content":{"rendered":"<p>Na noite desta ter\u00e7a-feira (18), por volta das 21h, dois criminosos incendiaram um \u00f4nibus da linha 604 &#8211; Bairro dos Ip\u00eas no bairro Padre Z\u00e9, em Jo\u00e3o Pessoa. O ataque deixou quatro pessoas feridas, incluindo o motorista, que sofreu m\u00faltiplas queimaduras.<\/p>\n<p>Segundo relatos das v\u00edtimas, os bandidos armados entraram no \u00f4nibus com a inten\u00e7\u00e3o de provocar o inc\u00eandio. Eles ordenaram que os passageiros se dirigissem para a parte de tr\u00e1s do ve\u00edculo, agrediram o motorista com coronhadas, aguardaram na sa\u00edda do \u00f4nibus e atearam fogo, impedindo que as pessoas conseguissem sair.<\/p>\n<p>O tenente Moreira, do 1\u00ba BPM, confirmou que o inc\u00eandio no \u00f4nibus da linha 604 (Bairro dos Ip\u00eas Ayrton Senna) foi criminoso. &#8220;N\u00e3o se tratou de um assalto. Os passageiros informaram que ningu\u00e9m foi roubado. O motorista foi agredido e dois homens jogaram combust\u00edvel no ve\u00edculo de transporte coletivo antes de atear fogo. Nossa prioridade inicial foi tomar as pessoas e poder fazer isso&#8221;, afirmou o tenente.<\/p>\n<p>De acordo com o policial, quatro pessoas ficaram feridas no inc\u00eandio, incluindo o motorista. Todas as v\u00edtimas foram levadas ao Hospital de Emerg\u00eancia e Trauma de Jo\u00e3o Pessoa. O Corpo de Bombeiros foi acionado e conseguiu controlar as chamas. O inc\u00eandio danificou a fia\u00e7\u00e3o el\u00e9trica e de internet na \u00e1rea.<\/p>\n<p>Em meio \u00e0s chamas, o \u00f4nibus colidiu contra o muro de uma unidade de sa\u00fade. Os passageiros e os motoristas foram resgatados e encaminhados ao Hospital de Emerg\u00eancia e Trauma.<\/p>\n<p>De acordo com o boletim m\u00e9dico divulgado pela unidade hospitalar, o estado de sa\u00fade do motorista, que tem 48 anos, e sofreu queimaduras em 70% do corpo, \u00e9 considerado grave, e ele permanece internado na Unidade de Terapia Intensiva. Uma outra v\u00edtima, de 40 anos, passou por procedimento m\u00e9dico de emerg\u00eancia e tamb\u00e9m est\u00e1 em estado grave. Outras duas pessoas que sofreram queimaduras leves j\u00e1 receberam alta hospitalar.<\/p>\n<p>A Pol\u00edcia Civil compareceu ao local e iniciou as primeiras investiga\u00e7\u00f5es para apurar o inc\u00eandio. C\u00e1psulas de arma de fogo, tanto intactas quanto deflagradas, foram encontradas nas proximidades do \u00f4nibus. Os criminosos fugiram e ainda n\u00e3o foram capturados. Equipes da Pol\u00edcia Militar est\u00e3o em busca dos suspeitos. O caso est\u00e1 sendo investigado pela Delegacia de Homic\u00eddios.<\/p>\n<p>&nbsp;<\/p>\n<div style=\"width: 368px;\" class=\"wp-video\"><!--[if lt IE 9]><script>document.createElement('video');<\/script><![endif]--><br \/>\n<video class=\"wp-video-shortcode\" id=\"video-912617-1\" width=\"368\" height=\"672\" preload=\"metadata\" controls=\"controls\"><source type=\"video\/mp4\" src=\"https:\/\/wpa.wscom.com.br\/wp-content\/uploads\/2023\/07\/WhatsApp-Video-2023-07-18-at-23.29.48.mp4?_=1\" \/><a href=\"https:\/\/wpa.wscom.com.br\/wp-content\/uploads\/2023\/07\/WhatsApp-Video-2023-07-18-at-23.29.48.mp4\" rel=\"nofollow noopener\" target=\"_blank\">https:\/\/wpa.wscom.com.br\/wp-content\/uploads\/2023\/07\/WhatsApp-Video-2023-07-18-at-23.29.48.mp4<\/a><\/video><\/div>\n<p>O post <a rel=\"nofollow noopener\" href=\"https:\/\/wscom.com.br\/video-bandidos-atacam-motorista-e-incendeiam-onibus-em-joao-pessoa-condutor-sofreu-multiplas-queimaduras\/\" target=\"_blank\">[V\u00cdDEO] Bandidos atacam motorista e incendeiam \u00f4nibus em Jo\u00e3o Pessoa; condutor sofreu m\u00faltiplas queimaduras<\/a> apareceu primeiro em <a rel=\"nofollow noopener\" href=\"https:\/\/wscom.com.br\/\" target=\"_blank\">WSCOM<\/a>.<\/p>\n","protected":false},"excerpt":{"rendered":"<p>Na noite desta ter\u00e7a-feira (18), por volta das 21h, dois criminosos incendiaram um \u00f4nibus da linha 604 \u2013 Bairro dos Ip\u00eas no bairro Padre Z\u00e9, em Jo\u00e3o Pessoa. O ataque deixou quatro pessoas feridas, incluindo o motorista, que sofreu m\u00faltiplas queimaduras. Segundo relatos das v\u00edtimas, os bandidos armados entraram no \u00f4nibus com a inten\u00e7\u00e3o de [\u2026]<\/p>\n<p>O post <a rel=\"nofollow\" href=\"https:\/\/wscom.com.br\/video-bandidos-atacam-motorista-e-incendeiam-onibus-em-joao-pessoa-condutor-sofreu-multiplas-queimaduras\/\">[V\u00cdDEO] Bandidos atacam motorista e incendeiam \u00f4nibus em Jo\u00e3o Pessoa; condutor sofreu m\u00faltiplas queimaduras<\/a> apareceu primeiro em <a rel=\"nofollow\" href=\"https:\/\/wscom.com.br\/\">WSCOM<\/a>.<\/p>\n","protected":false},"author":49,"featured_media":0,"comment_status":"closed","ping_status":"closed","sticky":false,"template":"","format":"standard","meta":{"advgb_blocks_editor_width":"","advgb_blocks_columns_visual_guide":"","footnotes":""},"categories":[34,6571,71,6572,66],"tags":[35],"class_list":["post-26102","post","type-post","status-publish","format-standard","hentry","category-g1","category-incendio-criminoso","category-joao-pessoa","category-onibus-incendiado","category-policial","tag-g1"],"author_meta":{"display_name":"Cristiane Cavalcante","author_link":"https:\/\/sindaopcpb.org.br\/author\/cristiane-cavalcante\/"},"featured_img":null,"coauthors":[],"tax_additional":{"categories":{"linked":["<a href=\"https:\/\/sindaopcpb.org.br\/g1\/\" class=\"advgb-post-tax-term\">G1<\/a>","<a href=\"https:\/\/sindaopcpb.org.br\/incendio-criminoso\/\" class=\"advgb-post-tax-term\">inc\u00eandio criminoso<\/a>","<a href=\"https:\/\/sindaopcpb.org.br\/joao-pessoa\/\" class=\"advgb-post-tax-term\">Jo\u00e3o Pessoa<\/a>","<a href=\"https:\/\/sindaopcpb.org.br\/onibus-incendiado\/\" class=\"advgb-post-tax-term\">\u00f4nibus incendiado<\/a>","<a href=\"https:\/\/sindaopcpb.org.br\/policial\/\" class=\"advgb-post-tax-term\">Policial<\/a>"],"unlinked":["<span class=\"advgb-post-tax-term\">G1<\/span>","<span class=\"advgb-post-tax-term\">inc\u00eandio criminoso<\/span>","<span class=\"advgb-post-tax-term\">Jo\u00e3o Pessoa<\/span>","<span class=\"advgb-post-tax-term\">\u00f4nibus incendiado<\/span>","<span class=\"advgb-post-tax-term\">Policial<\/span>"]},"tags":{"linked":["<a href=\"https:\/\/sindaopcpb.org.br\/policial\/\" class=\"advgb-post-tax-term\">g1<\/a>"],"unlinked":["<span class=\"advgb-post-tax-term\">g1<\/span>"]}},"comment_count":"0","relative_dates":{"created":"Publicado 3 anos atr\u00e1s","modified":"Atualizado 3 anos atr\u00e1s"},"absolute_dates":{"created":"Publicado em 19 de julho de 2023","modified":"Atualizado em 19 de julho de 2023"},"absolute_dates_time":{"created":"Publicado em 19 de julho de 2023 06:49","modified":"Atualizado em 19 de julho de 2023 06:49"},"featured_img_caption":"","series_order":"","_links":{"self":[{"href":"https:\/\/sindaopcpb.org.br\/index.php\/wp-json\/wp\/v2\/posts\/26102","targetHints":{"allow":["GET"]}}],"collection":[{"href":"https:\/\/sindaopcpb.org.br\/index.php\/wp-json\/wp\/v2\/posts"}],"about":[{"href":"https:\/\/sindaopcpb.org.br\/index.php\/wp-json\/wp\/v2\/types\/post"}],"author":[{"embeddable":true,"href":"https:\/\/sindaopcpb.org.br\/index.php\/wp-json\/wp\/v2\/users\/49"}],"replies":[{"embeddable":true,"href":"https:\/\/sindaopcpb.org.br\/index.php\/wp-json\/wp\/v2\/comments?post=26102"}],"version-history":[{"count":1,"href":"https:\/\/sindaopcpb.org.br\/index.php\/wp-json\/wp\/v2\/posts\/26102\/revisions"}],"predecessor-version":[{"id":26103,"href":"https:\/\/sindaopcpb.org.br\/index.php\/wp-json\/wp\/v2\/posts\/26102\/revisions\/26103"}],"wp:attachment":[{"href":"https:\/\/sindaopcpb.org.br\/index.php\/wp-json\/wp\/v2\/media?parent=26102"}],"wp:term":[{"taxonomy":"category","embeddable":true,"href":"https:\/\/sindaopcpb.org.br\/index.php\/wp-json\/wp\/v2\/categories?post=26102"},{"taxonomy":"post_tag","embeddable":true,"href":"https:\/\/sindaopcpb.org.br\/index.php\/wp-json\/wp\/v2\/tags?post=26102"}],"curies":[{"name":"wp","href":"https:\/\/api.w.org\/{rel}","templated":true}]}}