{"id":26092,"date":"2023-07-19T07:54:01","date_gmt":"2023-07-19T10:54:01","guid":{"rendered":"https:\/\/wpa.wscom.com.br\/?p=912644"},"modified":"2023-07-19T07:54:01","modified_gmt":"2023-07-19T10:54:01","slug":"haddad-diz-que-venezuela-precisa-provar-capacidade-de-realizar-eleicoes-livres-para-se-libertar-das-sancoes","status":"publish","type":"post","link":"https:\/\/sindaopcpb.org.br\/index.php\/2023\/07\/19\/haddad-diz-que-venezuela-precisa-provar-capacidade-de-realizar-eleicoes-livres-para-se-libertar-das-sancoes\/","title":{"rendered":"Haddad diz que Venezuela precisa provar capacidade de realizar elei\u00e7\u00f5es livres para se libertar das san\u00e7\u00f5es"},"content":{"rendered":"<p>&nbsp;<\/p>\n<p>&nbsp;<\/p>\n<p>O ministro da Fazenda, Fernando Haddad, afirmou, em\u00a0entrevista\u00a0\u00e0 jornalista M\u00f4nica Bergamo, da Folha de S. Paulo, que a Venezuela ter\u00e1 de provar ao mundo sua capacidade de realizar elei\u00e7\u00f5es livres para se libertar das san\u00e7\u00f5es impostas pelo bloco ocidental. &#8220;Se a Venezuela n\u00e3o demonstrar que vai conseguir patrocinar um pleito absolutamente livre, incontest\u00e1vel, com acompanhamento internacional, vai ficar dif\u00edcil. O embargo contra ela n\u00e3o vai ser levantado. Ent\u00e3o eu tor\u00e7o para que o pa\u00eds pavimente esse caminho&#8221;, disse ele. &#8220;Lula fez o gesto de buscar aproxima\u00e7\u00e3o com a Venezuela. Ele sabe o que est\u00e1 em risco l\u00e1. E v\u00ea com preocupa\u00e7\u00e3o. Ele age no sentido de trazer a Venezuela para perto para depois poder ajudar com a autoridade de quem teve a coragem de se aproximar&#8221;, complementou.<\/p>\n<p>Na mesma entrevista, ele tamb\u00e9m declarou que o Partido dos Trabalhadores (PT) apresentar\u00e1 um candidato \u00e0 Presid\u00eancia mesmo ap\u00f3s Lula n\u00e3o poder mais concorrer. Embora aliado a outras for\u00e7as pol\u00edticas, Haddad enfatizou que o PT n\u00e3o abrir\u00e1 m\u00e3o de sua &#8220;identidade&#8221; e lan\u00e7ar\u00e1 um nome. Quanto a uma poss\u00edvel candidatura \u00e0 presid\u00eancia em 2026, Haddad disse estar focado em suas responsabilidades atuais e n\u00e3o pode se distrair com preocupa\u00e7\u00f5es futuras. &#8220;Estou num cargo desafiador. Muitas equa\u00e7\u00f5es t\u00eam que fechar para tudo dar certo. Se eu me desconcentrar, a\u00ed \u00e9 que n\u00e3o d\u00e1 certo mesmo, entendeu?&#8221;, afirmou.<\/p>\n<p>O post <a rel=\"nofollow noopener\" href=\"https:\/\/wscom.com.br\/haddad-diz-que-venezuela-precisa-provar-capacidade-de-realizar-eleicoes-livres-para-se-libertar-das-sancoes\/\" target=\"_blank\">Haddad diz que Venezuela precisa provar capacidade de realizar elei\u00e7\u00f5es livres para se libertar das san\u00e7\u00f5es<\/a> apareceu primeiro em <a rel=\"nofollow noopener\" href=\"https:\/\/wscom.com.br\/\" target=\"_blank\">WSCOM<\/a>.<\/p>\n","protected":false},"excerpt":{"rendered":"<p>\u00a0 \u00a0 O ministro da Fazenda, Fernando Haddad, afirmou, em\u00a0entrevista\u00a0\u00e0 jornalista M\u00f4nica Bergamo, da Folha de S. Paulo, que a Venezuela ter\u00e1 de provar ao mundo sua capacidade de realizar elei\u00e7\u00f5es livres para se libertar das san\u00e7\u00f5es impostas pelo bloco ocidental. \u201cSe a Venezuela n\u00e3o demonstrar que vai conseguir patrocinar um pleito absolutamente livre, incontest\u00e1vel, [\u2026]<\/p>\n<p>O post <a rel=\"nofollow\" href=\"https:\/\/wscom.com.br\/haddad-diz-que-venezuela-precisa-provar-capacidade-de-realizar-eleicoes-livres-para-se-libertar-das-sancoes\/\">Haddad diz que Venezuela precisa provar capacidade de realizar elei\u00e7\u00f5es livres para se libertar das san\u00e7\u00f5es<\/a> apareceu primeiro em <a rel=\"nofollow\" href=\"https:\/\/wscom.com.br\/\">WSCOM<\/a>.<\/p>\n","protected":false},"author":42,"featured_media":0,"comment_status":"closed","ping_status":"closed","sticky":false,"template":"","format":"standard","meta":{"advgb_blocks_editor_width":"","advgb_blocks_columns_visual_guide":"","footnotes":""},"categories":[6563,6564,109,34,111,6565,2990],"tags":[35],"class_list":["post-26092","post","type-post","status-publish","format-standard","hentry","category-eleicoes-livres","category-embargos","category-fernando-haddad","category-g1","category-internacional","category-sancoes","category-venezuela","tag-g1"],"author_meta":{"display_name":"Rafael Andrade","author_link":"https:\/\/sindaopcpb.org.br\/author\/rafael-andrade\/"},"featured_img":null,"coauthors":[],"tax_additional":{"categories":{"linked":["<a href=\"https:\/\/sindaopcpb.org.br\/eleicoes-livres\/\" class=\"advgb-post-tax-term\">elei\u00e7\u00f5es livres<\/a>","<a href=\"https:\/\/sindaopcpb.org.br\/embargos\/\" class=\"advgb-post-tax-term\">embargos<\/a>","<a href=\"https:\/\/sindaopcpb.org.br\/fernando-haddad\/\" class=\"advgb-post-tax-term\">FERNANDO HADDAD<\/a>","<a href=\"https:\/\/sindaopcpb.org.br\/g1\/\" class=\"advgb-post-tax-term\">G1<\/a>","<a href=\"https:\/\/sindaopcpb.org.br\/internacional\/\" class=\"advgb-post-tax-term\">Internacional<\/a>","<a href=\"https:\/\/sindaopcpb.org.br\/sancoes\/\" class=\"advgb-post-tax-term\">San\u00e7\u00f5es<\/a>","<a href=\"https:\/\/sindaopcpb.org.br\/venezuela\/\" class=\"advgb-post-tax-term\">Venezuela<\/a>"],"unlinked":["<span class=\"advgb-post-tax-term\">elei\u00e7\u00f5es livres<\/span>","<span class=\"advgb-post-tax-term\">embargos<\/span>","<span class=\"advgb-post-tax-term\">FERNANDO HADDAD<\/span>","<span class=\"advgb-post-tax-term\">G1<\/span>","<span class=\"advgb-post-tax-term\">Internacional<\/span>","<span class=\"advgb-post-tax-term\">San\u00e7\u00f5es<\/span>","<span class=\"advgb-post-tax-term\">Venezuela<\/span>"]},"tags":{"linked":["<a href=\"https:\/\/sindaopcpb.org.br\/venezuela\/\" class=\"advgb-post-tax-term\">g1<\/a>"],"unlinked":["<span class=\"advgb-post-tax-term\">g1<\/span>"]}},"comment_count":"0","relative_dates":{"created":"Publicado 3 anos atr\u00e1s","modified":"Atualizado 3 anos atr\u00e1s"},"absolute_dates":{"created":"Publicado em 19 de julho de 2023","modified":"Atualizado em 19 de julho de 2023"},"absolute_dates_time":{"created":"Publicado em 19 de julho de 2023 07:54","modified":"Atualizado em 19 de julho de 2023 07:54"},"featured_img_caption":"","series_order":"","_links":{"self":[{"href":"https:\/\/sindaopcpb.org.br\/index.php\/wp-json\/wp\/v2\/posts\/26092","targetHints":{"allow":["GET"]}}],"collection":[{"href":"https:\/\/sindaopcpb.org.br\/index.php\/wp-json\/wp\/v2\/posts"}],"about":[{"href":"https:\/\/sindaopcpb.org.br\/index.php\/wp-json\/wp\/v2\/types\/post"}],"author":[{"embeddable":true,"href":"https:\/\/sindaopcpb.org.br\/index.php\/wp-json\/wp\/v2\/users\/42"}],"replies":[{"embeddable":true,"href":"https:\/\/sindaopcpb.org.br\/index.php\/wp-json\/wp\/v2\/comments?post=26092"}],"version-history":[{"count":1,"href":"https:\/\/sindaopcpb.org.br\/index.php\/wp-json\/wp\/v2\/posts\/26092\/revisions"}],"predecessor-version":[{"id":26093,"href":"https:\/\/sindaopcpb.org.br\/index.php\/wp-json\/wp\/v2\/posts\/26092\/revisions\/26093"}],"wp:attachment":[{"href":"https:\/\/sindaopcpb.org.br\/index.php\/wp-json\/wp\/v2\/media?parent=26092"}],"wp:term":[{"taxonomy":"category","embeddable":true,"href":"https:\/\/sindaopcpb.org.br\/index.php\/wp-json\/wp\/v2\/categories?post=26092"},{"taxonomy":"post_tag","embeddable":true,"href":"https:\/\/sindaopcpb.org.br\/index.php\/wp-json\/wp\/v2\/tags?post=26092"}],"curies":[{"name":"wp","href":"https:\/\/api.w.org\/{rel}","templated":true}]}}