{"id":26090,"date":"2023-07-19T07:59:23","date_gmt":"2023-07-19T10:59:23","guid":{"rendered":"https:\/\/wpa.wscom.com.br\/?p=912647"},"modified":"2023-07-19T07:59:23","modified_gmt":"2023-07-19T10:59:23","slug":"lula-diz-que-agressores-de-alexandre-de-moraes-sao-animais-selvagens","status":"publish","type":"post","link":"https:\/\/sindaopcpb.org.br\/index.php\/2023\/07\/19\/lula-diz-que-agressores-de-alexandre-de-moraes-sao-animais-selvagens\/","title":{"rendered":"Lula diz que agressores de Alexandre de Moraes s\u00e3o \u201canimais selvagens\u201d"},"content":{"rendered":"<p>&nbsp;<\/p>\n<p>&nbsp;<\/p>\n<p>O presidente Luiz In\u00e1cio Lula da Silva (PT) expressou duras cr\u00edticas aos respons\u00e1veis pelo ataque ao ministro do Supremo Tribunal Federal (STF), Alexandre de Moraes, na \u00faltima sexta-feira, comparando-os a &#8220;animais selvagens&#8221;. Durante uma coletiva de imprensa ao final de sua viagem a Bruxelas, onde participou da c\u00fapula entre a Uni\u00e3o Europeia e a Comunidade de Estados Latino-Americanos e Caribenhos (Celac), Lula ressaltou a necessidade de punir severamente aqueles que ainda propagam o \u00f3dio. Em rela\u00e7\u00e3o \u00e0 negocia\u00e7\u00e3o de cargos dentro do governo para fortalecer sua base, Lula afirmou que n\u00e3o \u00e9 o partido que solicita minist\u00e9rios, mas sim o presidente que os oferece, segundo\u00a0reportagem\u00a0do jornal O Globo. Ao retornar ao Brasil, o presidente buscar\u00e1 estabelecer um &#8220;acordo maduro&#8221;, por\u00e9m ressaltou a import\u00e2ncia de erradicar o \u00f3dio que surgiu durante o per\u00edodo eleitoral, destacando que ningu\u00e9m consegue viver diariamente azedo e amargurado.<\/p>\n<p>&#8220;N\u00f3s precisamos punir severamente aqueles que ainda propagam o \u00f3dio, como o indiv\u00edduo que agrediu o ministro Alexandre de Moraes no Aeroporto de Roma. Um indiv\u00edduo como esse \u00e9 um animal selvagem, n\u00e3o um ser humano&#8221;, afirmou Lula. Segundo ele, embora seja leg\u00edtimo discordar de algo, a agress\u00e3o, os xingamentos e a falta de respeito n\u00e3o devem ser tolerados. Lula refor\u00e7ou a import\u00e2ncia de retornar \u00e0 civilidade, afirmando que \u00e9 poss\u00edvel alcan\u00e7ar uma sociedade mais harmoniosa e que aqueles que adotaram pr\u00e1ticas neofascistas no Brasil devem ser repreendidos para que aprendam a ser civilizados novamente.<\/p>\n<p>Na ter\u00e7a-feira, a Pol\u00edcia Federal realizou mandados de busca e apreens\u00e3o em dois endere\u00e7os pertencentes ao empres\u00e1rio Roberto Mantovani Filho, sua esposa, Andr\u00e9ia Munar\u00e3o, e o genro do casal, Alex Zanatta, na cidade de Santa B\u00e1rbara d&#8217;Oeste, no interior de S\u00e3o Paulo. O grupo est\u00e1 sendo investigado pelos crimes de inj\u00faria, persegui\u00e7\u00e3o e desacato supostamente cometidos contra Moraes e sua fam\u00edlia.<\/p>\n<p>Essas a\u00e7\u00f5es foram autorizadas pela ministra Rosa Weber, presidente do STF e respons\u00e1vel pela an\u00e1lise dos pedidos de urg\u00eancia durante o recesso dos magistrados. Os celulares do casal foram apreendidos pela PF em Piracicaba (SP), onde Mantovani e Andr\u00e9ia prestaram depoimento. O advogado que defende o casal afirmou que os mandados visam encontrar alguma liga\u00e7\u00e3o dos suspeitos com ataques \u00e0s institui\u00e7\u00f5es democr\u00e1ticas. Mantovani Filho admitiu ter agredido Moraes para &#8220;afast\u00e1-lo&#8221; de sua esposa, em resposta a supostas &#8220;ofensas pesadas&#8221; proferidas pelo ministro.<\/p>\n<p>No epis\u00f3dio, relatado anteriormente por Moraes, o ministro encontrava-se na \u00e1rea de embarque do aeroporto quando Andr\u00e9ia come\u00e7ou a proferir xingamentos. Em seguida, Roberto Mantovani Filho se aproximou e agrediu o filho de Moraes, Alexandre Barci de Moraes, empurrando-o e dando um tapa em seus \u00f3culos. Ap\u00f3s a interven\u00e7\u00e3o de outras pessoas presentes, a confus\u00e3o foi encerrada. Momentos depois, Andr\u00e9ia e Alex Zanatta voltaram \u00e0 entrada da sala VIP onde Moraes e sua fam\u00edlia estavam, proferindo mais ofensas. Moraes n\u00e3o estava acompanhado de escolta policial na abordagem, pois retornava de uma palestra na Universidade de Siena.<\/p>\n<p>Ap\u00f3s mais de sete horas de depoimento \u00e0 PF, a fam\u00edlia emitiu uma nota, afirmando que m\u00e3e, esposa e filho n\u00e3o avistaram nem se encontraram com Alexandre de Moraes na \u00e1rea de embarque do aeroporto de Roma. Alegaram que ocorreu um mal-entendido interpretativo, o que evidencia que as pessoas que eventualmente os ofenderam ou impediram seu deslocamento s\u00e3o outras. Tamb\u00e9m afirmaram que, em nenhum momento, direcionaram ofensas ao ministro e que a discuss\u00e3o inicial envolveu Andr\u00e9ia e dois jovens, apenas descobrindo no Brasil que se tratava do filho do ministro.<\/p>\n<p>O post <a rel=\"nofollow noopener\" href=\"https:\/\/wscom.com.br\/lula-diz-que-agressores-de-alexandre-de-moraes-sao-animais-selvagens\/\" target=\"_blank\">Lula diz que agressores de Alexandre de Moraes s\u00e3o &#8220;animais selvagens&#8221;<\/a> apareceu primeiro em <a rel=\"nofollow noopener\" href=\"https:\/\/wscom.com.br\/\" target=\"_blank\">WSCOM<\/a>.<\/p>\n","protected":false},"excerpt":{"rendered":"<p>\u00a0 \u00a0 O presidente Luiz In\u00e1cio Lula da Silva (PT) expressou duras cr\u00edticas aos respons\u00e1veis pelo ataque ao ministro do Supremo Tribunal Federal (STF), Alexandre de Moraes, na \u00faltima sexta-feira, comparando-os a \u201canimais selvagens\u201d. Durante uma coletiva de imprensa ao final de sua viagem a Bruxelas, onde participou da c\u00fapula entre a Uni\u00e3o Europeia e [\u2026]<\/p>\n<p>O post <a rel=\"nofollow\" href=\"https:\/\/wscom.com.br\/lula-diz-que-agressores-de-alexandre-de-moraes-sao-animais-selvagens\/\">Lula diz que agressores de Alexandre de Moraes s\u00e3o \u201canimais selvagens\u201d<\/a> apareceu primeiro em <a rel=\"nofollow\" href=\"https:\/\/wscom.com.br\/\">WSCOM<\/a>.<\/p>\n","protected":false},"author":42,"featured_media":0,"comment_status":"closed","ping_status":"closed","sticky":false,"template":"","format":"standard","meta":{"advgb_blocks_editor_width":"","advgb_blocks_columns_visual_guide":"","footnotes":""},"categories":[463,115,34,110],"tags":[35],"class_list":["post-26090","post","type-post","status-publish","format-standard","hentry","category-alexandre-de-moraes","category-brasil","category-g1","category-lula","tag-g1"],"author_meta":{"display_name":"Rafael Andrade","author_link":"https:\/\/sindaopcpb.org.br\/author\/rafael-andrade\/"},"featured_img":null,"coauthors":[],"tax_additional":{"categories":{"linked":["<a href=\"https:\/\/sindaopcpb.org.br\/alexandre-de-moraes\/\" class=\"advgb-post-tax-term\">Alexandre de Moraes<\/a>","<a href=\"https:\/\/sindaopcpb.org.br\/brasil\/\" class=\"advgb-post-tax-term\">Brasil<\/a>","<a href=\"https:\/\/sindaopcpb.org.br\/g1\/\" class=\"advgb-post-tax-term\">G1<\/a>","<a href=\"https:\/\/sindaopcpb.org.br\/lula\/\" class=\"advgb-post-tax-term\">Lula<\/a>"],"unlinked":["<span class=\"advgb-post-tax-term\">Alexandre de Moraes<\/span>","<span class=\"advgb-post-tax-term\">Brasil<\/span>","<span class=\"advgb-post-tax-term\">G1<\/span>","<span class=\"advgb-post-tax-term\">Lula<\/span>"]},"tags":{"linked":["<a href=\"https:\/\/sindaopcpb.org.br\/lula\/\" class=\"advgb-post-tax-term\">g1<\/a>"],"unlinked":["<span class=\"advgb-post-tax-term\">g1<\/span>"]}},"comment_count":"0","relative_dates":{"created":"Publicado 3 anos atr\u00e1s","modified":"Atualizado 3 anos atr\u00e1s"},"absolute_dates":{"created":"Publicado em 19 de julho de 2023","modified":"Atualizado em 19 de julho de 2023"},"absolute_dates_time":{"created":"Publicado em 19 de julho de 2023 07:59","modified":"Atualizado em 19 de julho de 2023 07:59"},"featured_img_caption":"","series_order":"","_links":{"self":[{"href":"https:\/\/sindaopcpb.org.br\/index.php\/wp-json\/wp\/v2\/posts\/26090","targetHints":{"allow":["GET"]}}],"collection":[{"href":"https:\/\/sindaopcpb.org.br\/index.php\/wp-json\/wp\/v2\/posts"}],"about":[{"href":"https:\/\/sindaopcpb.org.br\/index.php\/wp-json\/wp\/v2\/types\/post"}],"author":[{"embeddable":true,"href":"https:\/\/sindaopcpb.org.br\/index.php\/wp-json\/wp\/v2\/users\/42"}],"replies":[{"embeddable":true,"href":"https:\/\/sindaopcpb.org.br\/index.php\/wp-json\/wp\/v2\/comments?post=26090"}],"version-history":[{"count":1,"href":"https:\/\/sindaopcpb.org.br\/index.php\/wp-json\/wp\/v2\/posts\/26090\/revisions"}],"predecessor-version":[{"id":26091,"href":"https:\/\/sindaopcpb.org.br\/index.php\/wp-json\/wp\/v2\/posts\/26090\/revisions\/26091"}],"wp:attachment":[{"href":"https:\/\/sindaopcpb.org.br\/index.php\/wp-json\/wp\/v2\/media?parent=26090"}],"wp:term":[{"taxonomy":"category","embeddable":true,"href":"https:\/\/sindaopcpb.org.br\/index.php\/wp-json\/wp\/v2\/categories?post=26090"},{"taxonomy":"post_tag","embeddable":true,"href":"https:\/\/sindaopcpb.org.br\/index.php\/wp-json\/wp\/v2\/tags?post=26090"}],"curies":[{"name":"wp","href":"https:\/\/api.w.org\/{rel}","templated":true}]}}