{"id":26088,"date":"2023-07-19T08:08:46","date_gmt":"2023-07-19T11:08:46","guid":{"rendered":"https:\/\/wpa.wscom.com.br\/?p=912632"},"modified":"2023-07-19T08:08:46","modified_gmt":"2023-07-19T11:08:46","slug":"serie-c-atacante-do-botafogo-pb-comenta-vitoria-em-estreia-degrau-em-degrau","status":"publish","type":"post","link":"https:\/\/sindaopcpb.org.br\/index.php\/2023\/07\/19\/serie-c-atacante-do-botafogo-pb-comenta-vitoria-em-estreia-degrau-em-degrau\/","title":{"rendered":"S\u00e9rie C: Atacante do Botafogo-PB comenta vit\u00f3ria em estreia: \u2018Degrau em degrau\u2019"},"content":{"rendered":"<p>Logo em sua primeira partida pelo Botafogo-PB, na S\u00e9rie C, o centroavante Danilo Mariotto, de 27 anos, fez sua estreia na vit\u00f3ria diante da Aparecidense-GO por 2 a 1 no Almeid\u00e3o jogando os 90 minutos da partida, seguindo com o ritmo de jogo que teve no S\u00e3o Joseense-PR. O atacante disse estar feliz com os tr\u00eas pontos:<\/p>\n<p>\u201cO objetivo principal sempre \u00e9 sair com a vit\u00f3ria dos jogos, eu tive s\u00f3 dois treinos com o elenco e fiquei muito feliz porque consegui jogar os 90 minutos, feliz com a vit\u00f3ria, fazer alguns ajustes que n\u00e3o costumo errar mas acabou acontecendo no jogo.\u201d<\/p>\n<h3>ESTREIA DE 90 MINUTOS<\/h3>\n<p>Perguntado sobre as diversas viagens que os clubes realizam para jogar fora de casa, condi\u00e7\u00e3o esta pouco encontrada na S\u00e9rie D, Mariotto destacou a necessidade de resili\u00eancia: \u201c\u00c9 de degrau em degrau, esta competi\u00e7\u00e3o tem muitas equipes qualificadas, essa fator de jogar em casa, jogar fora (de casa), ajuda mas tamb\u00e9m prejudica, mas acredito que nosso elenco est\u00e1 concentrado para sair com a vit\u00f3ria l\u00e1.\u201d<\/p>\n<p>Como o atacante disse, \u00e9 justamente de uma vit\u00f3ria que o Botafogo precisa para colar na lideran\u00e7a da primeira fase da divis\u00e3o. Agora na sexta coloca\u00e7\u00e3o, com 21 pontos, tem quatro a menos que o l\u00edder Oper\u00e1rio-PR, e encara o Altos-PI no Lindolfo Monteiro, em Teresina, no pr\u00f3ximo domingo (23), \u00e0s 16h, pela 14\u00aa rodada.<\/p>\n<div id=\"ppBoxFinalMateria\">\n<div id=\"P_FUTEBOL_INTERIOR_FINAL_MATERIA_01_0\" data-premium=\"\" data-adunit=\"FUTEBOL_INTERIOR_FINAL_MATERIA_01\" data-sizes-mobile=\"[[336,280],[300,250],[2,2]]\" data-sizes-desktop=\"[[336,280],[300,250],[2,2]]\" data-type=\"intext\" data-count=\"2\" data-fetch=\"true\" data-google-query-id=\"CMLNt9TOmoADFbxK3QIdYL8AeA\"><\/div>\n<\/div>\n<p>O post <a rel=\"nofollow noopener\" href=\"https:\/\/wscom.com.br\/serie-c-atacante-do-botafogo-pb-comenta-vitoria-em-estreia-degrau-em-degrau\/\" target=\"_blank\">S\u00e9rie C: Atacante do Botafogo-PB comenta vit\u00f3ria em estreia: &#8216;Degrau em degrau&#8217;<\/a> apareceu primeiro em <a rel=\"nofollow noopener\" href=\"https:\/\/wscom.com.br\/\" target=\"_blank\">WSCOM<\/a>.<\/p>\n","protected":false},"excerpt":{"rendered":"<p>Logo em sua primeira partida pelo Botafogo-PB, na S\u00e9rie C, o centroavante Danilo Mariotto, de 27 anos, fez sua estreia na vit\u00f3ria diante da Aparecidense-GO por 2 a 1 no Almeid\u00e3o jogando os 90 minutos da partida, seguindo com o ritmo de jogo que teve no S\u00e3o Joseense-PR. O atacante disse estar feliz com os [\u2026]<\/p>\n<p>O post <a rel=\"nofollow\" href=\"https:\/\/wscom.com.br\/serie-c-atacante-do-botafogo-pb-comenta-vitoria-em-estreia-degrau-em-degrau\/\">S\u00e9rie C: Atacante do Botafogo-PB comenta vit\u00f3ria em estreia: \u2018Degrau em degrau\u2019<\/a> apareceu primeiro em <a rel=\"nofollow\" href=\"https:\/\/wscom.com.br\/\">WSCOM<\/a>.<\/p>\n","protected":false},"author":49,"featured_media":0,"comment_status":"closed","ping_status":"closed","sticky":false,"template":"","format":"standard","meta":{"advgb_blocks_editor_width":"","advgb_blocks_columns_visual_guide":"","footnotes":""},"categories":[6562,156,1589,207,79,34,528],"tags":[35],"class_list":["post-26088","post","type-post","status-publish","format-standard","hentry","category-atacante-danilo-mariotto","category-botafogo-pb","category-campeonato-brasileiro","category-esporte","category-futebol","category-g1","category-serie-c","tag-g1"],"author_meta":{"display_name":"Cristiane Cavalcante","author_link":"https:\/\/sindaopcpb.org.br\/author\/cristiane-cavalcante\/"},"featured_img":null,"coauthors":[],"tax_additional":{"categories":{"linked":["<a href=\"https:\/\/sindaopcpb.org.br\/atacante-danilo-mariotto\/\" class=\"advgb-post-tax-term\">atacante Danilo Mariotto<\/a>","<a href=\"https:\/\/sindaopcpb.org.br\/botafogo-pb\/\" class=\"advgb-post-tax-term\">Botafogo-PB<\/a>","<a href=\"https:\/\/sindaopcpb.org.br\/campeonato-brasileiro\/\" class=\"advgb-post-tax-term\">campeonato brasileiro<\/a>","<a href=\"https:\/\/sindaopcpb.org.br\/esporte\/\" class=\"advgb-post-tax-term\">Esporte<\/a>","<a href=\"https:\/\/sindaopcpb.org.br\/futebol\/\" class=\"advgb-post-tax-term\">Futebol<\/a>","<a href=\"https:\/\/sindaopcpb.org.br\/g1\/\" class=\"advgb-post-tax-term\">G1<\/a>","<a href=\"https:\/\/sindaopcpb.org.br\/serie-c\/\" class=\"advgb-post-tax-term\">s\u00e9rie c<\/a>"],"unlinked":["<span class=\"advgb-post-tax-term\">atacante Danilo Mariotto<\/span>","<span class=\"advgb-post-tax-term\">Botafogo-PB<\/span>","<span class=\"advgb-post-tax-term\">campeonato brasileiro<\/span>","<span class=\"advgb-post-tax-term\">Esporte<\/span>","<span class=\"advgb-post-tax-term\">Futebol<\/span>","<span class=\"advgb-post-tax-term\">G1<\/span>","<span class=\"advgb-post-tax-term\">s\u00e9rie c<\/span>"]},"tags":{"linked":["<a href=\"https:\/\/sindaopcpb.org.br\/serie-c\/\" class=\"advgb-post-tax-term\">g1<\/a>"],"unlinked":["<span class=\"advgb-post-tax-term\">g1<\/span>"]}},"comment_count":"0","relative_dates":{"created":"Publicado 3 anos atr\u00e1s","modified":"Atualizado 3 anos atr\u00e1s"},"absolute_dates":{"created":"Publicado em 19 de julho de 2023","modified":"Atualizado em 19 de julho de 2023"},"absolute_dates_time":{"created":"Publicado em 19 de julho de 2023 08:08","modified":"Atualizado em 19 de julho de 2023 08:08"},"featured_img_caption":"","series_order":"","_links":{"self":[{"href":"https:\/\/sindaopcpb.org.br\/index.php\/wp-json\/wp\/v2\/posts\/26088","targetHints":{"allow":["GET"]}}],"collection":[{"href":"https:\/\/sindaopcpb.org.br\/index.php\/wp-json\/wp\/v2\/posts"}],"about":[{"href":"https:\/\/sindaopcpb.org.br\/index.php\/wp-json\/wp\/v2\/types\/post"}],"author":[{"embeddable":true,"href":"https:\/\/sindaopcpb.org.br\/index.php\/wp-json\/wp\/v2\/users\/49"}],"replies":[{"embeddable":true,"href":"https:\/\/sindaopcpb.org.br\/index.php\/wp-json\/wp\/v2\/comments?post=26088"}],"version-history":[{"count":1,"href":"https:\/\/sindaopcpb.org.br\/index.php\/wp-json\/wp\/v2\/posts\/26088\/revisions"}],"predecessor-version":[{"id":26089,"href":"https:\/\/sindaopcpb.org.br\/index.php\/wp-json\/wp\/v2\/posts\/26088\/revisions\/26089"}],"wp:attachment":[{"href":"https:\/\/sindaopcpb.org.br\/index.php\/wp-json\/wp\/v2\/media?parent=26088"}],"wp:term":[{"taxonomy":"category","embeddable":true,"href":"https:\/\/sindaopcpb.org.br\/index.php\/wp-json\/wp\/v2\/categories?post=26088"},{"taxonomy":"post_tag","embeddable":true,"href":"https:\/\/sindaopcpb.org.br\/index.php\/wp-json\/wp\/v2\/tags?post=26088"}],"curies":[{"name":"wp","href":"https:\/\/api.w.org\/{rel}","templated":true}]}}