{"id":26075,"date":"2023-07-18T16:39:42","date_gmt":"2023-07-18T19:39:42","guid":{"rendered":"https:\/\/wpa.wscom.com.br\/?p=912555"},"modified":"2023-07-18T16:39:42","modified_gmt":"2023-07-18T19:39:42","slug":"agentes-da-semob-de-joao-pessoa-realizam-assembleia-para-decidir-sobre-possivel-paralisacao-de-24h","status":"publish","type":"post","link":"https:\/\/sindaopcpb.org.br\/index.php\/2023\/07\/18\/agentes-da-semob-de-joao-pessoa-realizam-assembleia-para-decidir-sobre-possivel-paralisacao-de-24h\/","title":{"rendered":"Agentes da Semob de Jo\u00e3o Pessoa realizam assembleia para decidir sobre poss\u00edvel paralisa\u00e7\u00e3o de 24h"},"content":{"rendered":"<p>&nbsp;<\/p>\n<p>&nbsp;<\/p>\n<p>Agentes de Tr\u00e2nsito da Superintend\u00eancia Executiva de Mobilidade Urbana (Semob-Jo\u00e3o Pessoa) realizam, em 24, deste m\u00eas, \u00e0s 19h, na sede do Sindicato dos Empregados no Com\u00e9rcio da Grande Jo\u00e3o Pessoa (Sinecom), uma assembleia geral para decidir sobre a paralisa\u00e7\u00e3o das atividades, no tr\u00e2nsito da Capital.<\/p>\n<p>&nbsp;<\/p>\n<p>De acordo com um dos Agentes de Tr\u00e2nsito, o motivo, para a poss\u00edvel paralisa\u00e7\u00e3o, \u00e9 o n\u00e3o cumprimento de acordos firmados, com a categoria, pelo Executivo, durante assembleia realizada em fevereiro, deste ano.<\/p>\n<p>&nbsp;<\/p>\n<p>Dentre as pautas, defendidas pelos Agentes de Tr\u00e2nsito, est\u00e1 a reformula\u00e7\u00e3o da Lei Complementar 067\/2011 que trata do Plano de Cargos, Carreiras e Remunera\u00e7\u00e3o (PCCR) da categoria e que, al\u00e9m disso, legaliza outros direitos que deveriam ser assegurados a esses profissionais. Ademais, ser\u00e3o abordados, durante o encontro, a campanha e atualiza\u00e7\u00e3o salarial, em 2023, e o aux\u00edlio-alimenta\u00e7\u00e3o dos profissionais que trabalham doze horas di\u00e1rias e est\u00e3o sem receber o benef\u00edcio h\u00e1 seis anos \u201cna \u00faltima reuni\u00e3o com o prefeito, foi liberado para o Superintendente pagar, por\u00e9m isso n\u00e3o ocorreu at\u00e9 o presente momento\u201d, detalhou o servidor.<\/p>\n<p>&nbsp;<\/p>\n<p>O Agente de Tr\u00e2nsito que n\u00e3o quis se identificar ainda explica que \u201cem rela\u00e7\u00e3o \u00e0 campanha salarial 2023, os profissionais est\u00e3o com uma defasagem de 40,31%, por isso \u00e9 importante a atualiza\u00e7\u00e3o, j\u00e1 que o prefeito concedeu melhorias para diversas categorias. O objetivo da delibera\u00e7\u00e3o \u00e9 tratarmos n\u00e3o apenas sobre quest\u00f5es salariais, mas tamb\u00e9m das condi\u00e7\u00f5es de trabalho que repercutem na qualidade do servi\u00e7o ofertado \u00e0 sociedade\u201d, defendeu.<\/p>\n<p>&nbsp;<\/p>\n<p>Import\u00e2ncia do Agente de Tr\u00e2nsito para a humaniza\u00e7\u00e3o da circula\u00e7\u00e3o nas vias p\u00fablicas<\/p>\n<p>&nbsp;<\/p>\n<p>Os profissionais desempenham uma importante fun\u00e7\u00e3o, no que diz respeito \u00e0 mobilidade urbana, sendo facilitadores para a fluidez e seguran\u00e7a no tr\u00e2nsito, j\u00e1 que desempenham o papel de fiscalizadores, proporcionando a ordem e o bem-estar de todos que transitam.<\/p>\n<p>&nbsp;<\/p>\n<p>Diante do exposto, a presen\u00e7a dos Agentes de Tr\u00e2nsito inibe a pr\u00e1tica de infra\u00e7\u00f5es, nas vias p\u00fablicas, como tamb\u00e9m, proporciona a mudan\u00e7a de comportamentos, por meio da educa\u00e7\u00e3o, e, acima de tudo, resguarda a vida humana, contribuindo para a redu\u00e7\u00e3o de sinistros e de \u00f3bitos no tr\u00e2nsito.<\/p>\n<p>&nbsp;<\/p>\n<p>Dada a import\u00e2ncia dos respectivos profissionais, a Lei n\u00ba 14.229, de 21 de outubro, de 2021, no anexo I, estabelece o conceito de Agente de Tr\u00e2nsito: servidor civil efetivo de carreira do \u00f3rg\u00e3o ou entidade executivos de tr\u00e2nsito ou rodovi\u00e1rio, com as atribui\u00e7\u00f5es de educa\u00e7\u00e3o, opera\u00e7\u00e3o e fiscaliza\u00e7\u00e3o de tr\u00e2nsito e de transporte no exerc\u00edcio regular do poder de pol\u00edcia de tr\u00e2nsito para promover a seguran\u00e7a vi\u00e1ria nos termos da Constitui\u00e7\u00e3o Federal.<\/p>\n<p>O post <a rel=\"nofollow noopener\" href=\"https:\/\/wscom.com.br\/agentes-da-semob-de-joao-pessoa-realizam-assembleia-para-decidir-sobre-possivel-paralisacao-de-24h\/\" target=\"_blank\">Agentes da Semob de Jo\u00e3o Pessoa realizam assembleia para decidir sobre poss\u00edvel paralisa\u00e7\u00e3o de 24h<\/a> apareceu primeiro em <a rel=\"nofollow noopener\" href=\"https:\/\/wscom.com.br\/\" target=\"_blank\">WSCOM<\/a>.<\/p>\n","protected":false},"excerpt":{"rendered":"<p>\u00a0 \u00a0 Agentes de Tr\u00e2nsito da Superintend\u00eancia Executiva de Mobilidade Urbana (Semob-Jo\u00e3o Pessoa) realizam, em 24, deste m\u00eas, \u00e0s 19h, na sede do Sindicato dos Empregados no Com\u00e9rcio da Grande Jo\u00e3o Pessoa (Sinecom), uma assembleia geral para decidir sobre a paralisa\u00e7\u00e3o das atividades, no tr\u00e2nsito da Capital. \u00a0 De acordo com um dos Agentes de [\u2026]<\/p>\n<p>O post <a rel=\"nofollow\" href=\"https:\/\/wscom.com.br\/agentes-da-semob-de-joao-pessoa-realizam-assembleia-para-decidir-sobre-possivel-paralisacao-de-24h\/\">Agentes da Semob de Jo\u00e3o Pessoa realizam assembleia para decidir sobre poss\u00edvel paralisa\u00e7\u00e3o de 24h<\/a> apareceu primeiro em <a rel=\"nofollow\" href=\"https:\/\/wscom.com.br\/\">WSCOM<\/a>.<\/p>\n","protected":false},"author":50,"featured_media":0,"comment_status":"closed","ping_status":"closed","sticky":false,"template":"","format":"standard","meta":{"advgb_blocks_editor_width":"","advgb_blocks_columns_visual_guide":"","footnotes":""},"categories":[34,71,54,6260],"tags":[35],"class_list":["post-26075","post","type-post","status-publish","format-standard","hentry","category-g1","category-joao-pessoa","category-paraiba","category-semob","tag-g1"],"author_meta":{"display_name":"Wallyson","author_link":"https:\/\/sindaopcpb.org.br\/author\/wallyson\/"},"featured_img":null,"coauthors":[],"tax_additional":{"categories":{"linked":["<a href=\"https:\/\/sindaopcpb.org.br\/g1\/\" class=\"advgb-post-tax-term\">G1<\/a>","<a href=\"https:\/\/sindaopcpb.org.br\/joao-pessoa\/\" class=\"advgb-post-tax-term\">Jo\u00e3o Pessoa<\/a>","<a href=\"https:\/\/sindaopcpb.org.br\/paraiba\/\" class=\"advgb-post-tax-term\">Para\u00edba<\/a>","<a href=\"https:\/\/sindaopcpb.org.br\/semob\/\" class=\"advgb-post-tax-term\">Semob<\/a>"],"unlinked":["<span class=\"advgb-post-tax-term\">G1<\/span>","<span class=\"advgb-post-tax-term\">Jo\u00e3o Pessoa<\/span>","<span class=\"advgb-post-tax-term\">Para\u00edba<\/span>","<span class=\"advgb-post-tax-term\">Semob<\/span>"]},"tags":{"linked":["<a href=\"https:\/\/sindaopcpb.org.br\/semob\/\" class=\"advgb-post-tax-term\">g1<\/a>"],"unlinked":["<span class=\"advgb-post-tax-term\">g1<\/span>"]}},"comment_count":"0","relative_dates":{"created":"Publicado 3 anos atr\u00e1s","modified":"Atualizado 3 anos atr\u00e1s"},"absolute_dates":{"created":"Publicado em 18 de julho de 2023","modified":"Atualizado em 18 de julho de 2023"},"absolute_dates_time":{"created":"Publicado em 18 de julho de 2023 16:39","modified":"Atualizado em 18 de julho de 2023 16:39"},"featured_img_caption":"","series_order":"","_links":{"self":[{"href":"https:\/\/sindaopcpb.org.br\/index.php\/wp-json\/wp\/v2\/posts\/26075","targetHints":{"allow":["GET"]}}],"collection":[{"href":"https:\/\/sindaopcpb.org.br\/index.php\/wp-json\/wp\/v2\/posts"}],"about":[{"href":"https:\/\/sindaopcpb.org.br\/index.php\/wp-json\/wp\/v2\/types\/post"}],"author":[{"embeddable":true,"href":"https:\/\/sindaopcpb.org.br\/index.php\/wp-json\/wp\/v2\/users\/50"}],"replies":[{"embeddable":true,"href":"https:\/\/sindaopcpb.org.br\/index.php\/wp-json\/wp\/v2\/comments?post=26075"}],"version-history":[{"count":1,"href":"https:\/\/sindaopcpb.org.br\/index.php\/wp-json\/wp\/v2\/posts\/26075\/revisions"}],"predecessor-version":[{"id":26076,"href":"https:\/\/sindaopcpb.org.br\/index.php\/wp-json\/wp\/v2\/posts\/26075\/revisions\/26076"}],"wp:attachment":[{"href":"https:\/\/sindaopcpb.org.br\/index.php\/wp-json\/wp\/v2\/media?parent=26075"}],"wp:term":[{"taxonomy":"category","embeddable":true,"href":"https:\/\/sindaopcpb.org.br\/index.php\/wp-json\/wp\/v2\/categories?post=26075"},{"taxonomy":"post_tag","embeddable":true,"href":"https:\/\/sindaopcpb.org.br\/index.php\/wp-json\/wp\/v2\/tags?post=26075"}],"curies":[{"name":"wp","href":"https:\/\/api.w.org\/{rel}","templated":true}]}}