{"id":26048,"date":"2023-07-18T16:08:06","date_gmt":"2023-07-18T19:08:06","guid":{"rendered":"https:\/\/wpa.wscom.com.br\/?p=912508"},"modified":"2023-07-18T16:08:06","modified_gmt":"2023-07-18T19:08:06","slug":"prefeito-de-riachao-do-bacamarte-garante-obras-de-infraestrutura-com-emenda-de-r-956-mil-do-senador-veneziano","status":"publish","type":"post","link":"https:\/\/sindaopcpb.org.br\/index.php\/2023\/07\/18\/prefeito-de-riachao-do-bacamarte-garante-obras-de-infraestrutura-com-emenda-de-r-956-mil-do-senador-veneziano\/","title":{"rendered":"Prefeito de Riach\u00e3o do Bacamarte garante obras de infraestrutura com emenda de R$ 956 mil do Senador Veneziano"},"content":{"rendered":"<p style=\"font-weight: 400;\">O Prefeito de Riach\u00e3o do Bacamarte, Jos\u00e9 de Arimatea (Ari), celebrou, em sua rede social, a chegada dos recursos da Emenda Parlamentar do Senador Veneziano Vital do Rego, na ordem de R$ 956.862,00 destinados para a\u00e7\u00f5es e investimentos na infraestrutura do munic\u00edpio.<\/p>\n<p style=\"font-weight: 400;\">\n<p style=\"font-weight: 400;\">&#8220;Esse \u00e9 mais um recurso que recebemos que mostra o olhar especial dos nossos parlamentares com Riach\u00e3o do Bacamarte. A chegada desse recurso vai nos possibilitar realizar grandes a\u00e7\u00f5es para nosso povo e nossa gente.&#8221;, afirmou Ari.<\/p>\n<p style=\"font-weight: 400;\">\n<p style=\"font-weight: 400;\">O prefeito de Riach\u00e3o do Bacamarte disse ainda que esses recursos chegam em boa hora e que ser\u00e3o utilizados em a\u00e7\u00f5es de infraestrutura em v\u00e1rias frentes, notadamente na melhoria de vias e obras diversas.<\/p>\n<p style=\"font-weight: 400;\">\n<p style=\"font-weight: 400;\">O Senador Veneziano afirmou que vem t\u00e3o somente cumprindo sua obriga\u00e7\u00e3o que \u00e9 atender aos pleitos dos prefeitos e da sociedade, sem nenhuma distin\u00e7\u00e3o. \u201c\u00c9 algo bem simples, trabalhar sempre para os que mais precisam, notadamente para os munic\u00edpios que sentem dificuldades em acessar os recursos federais\u201d.<\/p>\n<p style=\"font-weight: 400;\">\n<p style=\"font-weight: 400;\"><strong>Confira mais na publica\u00e7\u00e3o do prefeito Ari:<\/strong><\/p>\n<p style=\"font-weight: 400;\"><strong><a href=\"https:\/\/www.instagram.com\/p\/Cuo6IaBrUQN\/?igshid=MzRlODBiNWFlZA%3D%3D\" data-saferedirecturl=\"https:\/\/www.google.com\/url?q=https:\/\/www.instagram.com\/p\/Cuo6IaBrUQN\/?igshid%3DMzRlODBiNWFlZA%253D%253D&amp;source=gmail&amp;ust=1689789542874000&amp;usg=AOvVaw1Q0russV3uPn-OoKZ3eyhk\" rel=\"nofollow noopener\" target=\"_blank\">https:\/\/www.instagram.com\/p\/Cuo6IaBrUQN\/?igshid=MzRlODBiNWFlZA%3D%3D<\/a><\/strong><\/p>\n<p>O post <a rel=\"nofollow noopener\" href=\"https:\/\/wscom.com.br\/prefeito-de-riachao-do-bacamarte-garante-obras-de-infraestrutura-com-emenda-de-r-956-mil-do-senador-veneziano\/\" target=\"_blank\">Prefeito de Riach\u00e3o do Bacamarte garante obras de infraestrutura com emenda de R$ 956 mil do Senador Veneziano<\/a> apareceu primeiro em <a rel=\"nofollow noopener\" href=\"https:\/\/wscom.com.br\/\" target=\"_blank\">WSCOM<\/a>.<\/p>\n","protected":false},"excerpt":{"rendered":"<p>O Prefeito de Riach\u00e3o do Bacamarte, Jos\u00e9 de Arimatea (Ari), celebrou, em sua rede social, a chegada dos recursos da Emenda Parlamentar do Senador Veneziano Vital do Rego, na ordem de R$ 956.862,00 destinados para a\u00e7\u00f5es e investimentos na infraestrutura do munic\u00edpio. \u201cEsse \u00e9 mais um recurso que recebemos que mostra o olhar especial dos [\u2026]<\/p>\n<p>O post <a rel=\"nofollow\" href=\"https:\/\/wscom.com.br\/prefeito-de-riachao-do-bacamarte-garante-obras-de-infraestrutura-com-emenda-de-r-956-mil-do-senador-veneziano\/\">Prefeito de Riach\u00e3o do Bacamarte garante obras de infraestrutura com emenda de R$ 956 mil do Senador Veneziano<\/a> apareceu primeiro em <a rel=\"nofollow\" href=\"https:\/\/wscom.com.br\/\">WSCOM<\/a>.<\/p>\n","protected":false},"author":49,"featured_media":0,"comment_status":"closed","ping_status":"closed","sticky":false,"template":"","format":"standard","meta":{"advgb_blocks_editor_width":"","advgb_blocks_columns_visual_guide":"","footnotes":""},"categories":[6532,34,6533,47,6534,2979],"tags":[35],"class_list":["post-26048","post","type-post","status-publish","format-standard","hentry","category-emenda-parlamentar","category-g1","category-jose-de-arimatea","category-politica","category-riachao-do-bacamarte","category-senador-veneziano-vital-do-rego","tag-g1"],"author_meta":{"display_name":"Cristiane Cavalcante","author_link":"https:\/\/sindaopcpb.org.br\/author\/cristiane-cavalcante\/"},"featured_img":null,"coauthors":[],"tax_additional":{"categories":{"linked":["<a href=\"https:\/\/sindaopcpb.org.br\/emenda-parlamentar\/\" class=\"advgb-post-tax-term\">emenda parlamentar<\/a>","<a href=\"https:\/\/sindaopcpb.org.br\/g1\/\" class=\"advgb-post-tax-term\">G1<\/a>","<a href=\"https:\/\/sindaopcpb.org.br\/jose-de-arimatea\/\" class=\"advgb-post-tax-term\">Jos\u00e9 de Arimatea<\/a>","<a href=\"https:\/\/sindaopcpb.org.br\/politica\/\" class=\"advgb-post-tax-term\">POLITICA<\/a>","<a href=\"https:\/\/sindaopcpb.org.br\/riachao-do-bacamarte\/\" class=\"advgb-post-tax-term\">Riach\u00e3o do Bacamarte<\/a>","<a href=\"https:\/\/sindaopcpb.org.br\/senador-veneziano-vital-do-rego\/\" class=\"advgb-post-tax-term\">senador Veneziano Vital do R\u00eago<\/a>"],"unlinked":["<span class=\"advgb-post-tax-term\">emenda parlamentar<\/span>","<span class=\"advgb-post-tax-term\">G1<\/span>","<span class=\"advgb-post-tax-term\">Jos\u00e9 de Arimatea<\/span>","<span class=\"advgb-post-tax-term\">POLITICA<\/span>","<span class=\"advgb-post-tax-term\">Riach\u00e3o do Bacamarte<\/span>","<span class=\"advgb-post-tax-term\">senador Veneziano Vital do R\u00eago<\/span>"]},"tags":{"linked":["<a href=\"https:\/\/sindaopcpb.org.br\/senador-veneziano-vital-do-rego\/\" class=\"advgb-post-tax-term\">g1<\/a>"],"unlinked":["<span class=\"advgb-post-tax-term\">g1<\/span>"]}},"comment_count":"0","relative_dates":{"created":"Publicado 3 anos atr\u00e1s","modified":"Atualizado 3 anos atr\u00e1s"},"absolute_dates":{"created":"Publicado em 18 de julho de 2023","modified":"Atualizado em 18 de julho de 2023"},"absolute_dates_time":{"created":"Publicado em 18 de julho de 2023 16:08","modified":"Atualizado em 18 de julho de 2023 16:08"},"featured_img_caption":"","series_order":"","_links":{"self":[{"href":"https:\/\/sindaopcpb.org.br\/index.php\/wp-json\/wp\/v2\/posts\/26048","targetHints":{"allow":["GET"]}}],"collection":[{"href":"https:\/\/sindaopcpb.org.br\/index.php\/wp-json\/wp\/v2\/posts"}],"about":[{"href":"https:\/\/sindaopcpb.org.br\/index.php\/wp-json\/wp\/v2\/types\/post"}],"author":[{"embeddable":true,"href":"https:\/\/sindaopcpb.org.br\/index.php\/wp-json\/wp\/v2\/users\/49"}],"replies":[{"embeddable":true,"href":"https:\/\/sindaopcpb.org.br\/index.php\/wp-json\/wp\/v2\/comments?post=26048"}],"version-history":[{"count":1,"href":"https:\/\/sindaopcpb.org.br\/index.php\/wp-json\/wp\/v2\/posts\/26048\/revisions"}],"predecessor-version":[{"id":26049,"href":"https:\/\/sindaopcpb.org.br\/index.php\/wp-json\/wp\/v2\/posts\/26048\/revisions\/26049"}],"wp:attachment":[{"href":"https:\/\/sindaopcpb.org.br\/index.php\/wp-json\/wp\/v2\/media?parent=26048"}],"wp:term":[{"taxonomy":"category","embeddable":true,"href":"https:\/\/sindaopcpb.org.br\/index.php\/wp-json\/wp\/v2\/categories?post=26048"},{"taxonomy":"post_tag","embeddable":true,"href":"https:\/\/sindaopcpb.org.br\/index.php\/wp-json\/wp\/v2\/tags?post=26048"}],"curies":[{"name":"wp","href":"https:\/\/api.w.org\/{rel}","templated":true}]}}