{"id":26000,"date":"2023-07-18T06:00:25","date_gmt":"2023-07-18T09:00:25","guid":{"rendered":"https:\/\/wpa.wscom.com.br\/?p=912465"},"modified":"2023-07-18T06:00:25","modified_gmt":"2023-07-18T09:00:25","slug":"centro-internacional-de-negocios-da-paraiba-realiza-4a-edicao-do-dialogos-de-comex","status":"publish","type":"post","link":"https:\/\/sindaopcpb.org.br\/index.php\/2023\/07\/18\/centro-internacional-de-negocios-da-paraiba-realiza-4a-edicao-do-dialogos-de-comex\/","title":{"rendered":"Centro Internacional de Neg\u00f3cios da Para\u00edba realiza 4\u00aa edi\u00e7\u00e3o do Di\u00e1logos de Comex"},"content":{"rendered":"<p>&nbsp;<\/p>\n<p>&nbsp;<\/p>\n<p>&nbsp;<\/p>\n<p>O Centro Internacional de Neg\u00f3cios da Para\u00edba realiza, no pr\u00f3ximo dia 27 de julho, a 4\u00aa edi\u00e7\u00e3o do \u201cDi\u00e1logos de Comex\u201d, projeto que busca levantar discuss\u00f5es sobre temas relevantes sobre o Com\u00e9rcio Exterior, de forma gratuita. Esta edi\u00e7\u00e3o ter\u00e1 como tema \u201cPotencializando feiras internacionais e rodadas de neg\u00f3cios\u201d.<\/p>\n<p>O evento acontece virtualmente a partir das 15h, e durante a programa\u00e7\u00e3o ser\u00e3o abordadas quest\u00f5es como as defini\u00e7\u00f5es de feiras internacionais e rodadas de neg\u00f3cios, como funciona a din\u00e2mica dessas oportunidades, como agir nesses eventos e quem geralmente participa, bem como o processo de prepara\u00e7\u00e3o e como montar uma narrativa comercial de sucesso para essas ocasi\u00f5es.<\/p>\n<p>Nesta quarta edi\u00e7\u00e3o, o convidado do Di\u00e1logo de Comex \u00e9 o diretor comercial da Verena Trading, empresa de importa\u00e7\u00e3o e exporta\u00e7\u00e3o,\u00a0<a href=\"https:\/\/www.linkedin.com\/in\/lucas-dantas-%E9%99%86%E6%97%AD-5bab8351\/\" rel=\"nofollow noopener\" target=\"_blank\">Lucas Dantas<\/a>, que se dedica \u00e0 internacionaliza\u00e7\u00e3o e aproxima\u00e7\u00e3o de empresas chinesas e brasileiras h\u00e1 cerca de 15 anos. Graduado em Rela\u00e7\u00f5es Internacionais pela Universidade Estadual da Para\u00edba e Mestre em Economia com foco em Com\u00e9rcio Internacional pela Universidade de Ind\u00fastria e Com\u00e9rcio da Prov\u00edncia de Zhejiang, atualmente ele est\u00e1 cursando doutorado em Rela\u00e7\u00f5es Internacionais pela Universidade de Shandong, na China.<\/p>\n<p>Os interessados devem\u00a0<a href=\"https:\/\/docs.google.com\/forms\/d\/e\/1FAIpQLSctWbPqGpZTDc99Z8KF2Z83NGeIsAR17HjScWAw094t0XmmIQ\/viewform\" rel=\"nofollow noopener\" target=\"_blank\">preencher o formul\u00e1rio de inscri\u00e7\u00e3o<\/a>\u00a0com os dados pessoais. Mais informa\u00e7\u00f5es podem ser obtidas atrav\u00e9s\u00a0do\u00a0<a href=\"https:\/\/wa.me\/+5583999847610\" rel=\"nofollow noopener\" target=\"_blank\">WhatsApp\u00a0<\/a>ou pelo e-mail\u00a0areainternacional@fiepb.org.br.<\/p>\n<p>O post <a rel=\"nofollow noopener\" href=\"https:\/\/wscom.com.br\/centro-internacional-de-negocios-da-paraiba-realiza-4a-edicao-do-dialogos-de-comex\/\" target=\"_blank\">Centro Internacional de Neg\u00f3cios da Para\u00edba realiza 4\u00aa edi\u00e7\u00e3o do Di\u00e1logos de Comex<\/a> apareceu primeiro em <a rel=\"nofollow noopener\" href=\"https:\/\/wscom.com.br\/\" target=\"_blank\">WSCOM<\/a>.<\/p>\n","protected":false},"excerpt":{"rendered":"<p>\u00a0 \u00a0 \u00a0 O Centro Internacional de Neg\u00f3cios da Para\u00edba realiza, no pr\u00f3ximo dia 27 de julho, a 4\u00aa edi\u00e7\u00e3o do \u201cDi\u00e1logos de Comex\u201d, projeto que busca levantar discuss\u00f5es sobre temas relevantes sobre o Com\u00e9rcio Exterior, de forma gratuita. Esta edi\u00e7\u00e3o ter\u00e1 como tema \u201cPotencializando feiras internacionais e rodadas de neg\u00f3cios\u201d. O evento acontece virtualmente [\u2026]<\/p>\n<p>O post <a rel=\"nofollow\" href=\"https:\/\/wscom.com.br\/centro-internacional-de-negocios-da-paraiba-realiza-4a-edicao-do-dialogos-de-comex\/\">Centro Internacional de Neg\u00f3cios da Para\u00edba realiza 4\u00aa edi\u00e7\u00e3o do Di\u00e1logos de Comex<\/a> apareceu primeiro em <a rel=\"nofollow\" href=\"https:\/\/wscom.com.br\/\">WSCOM<\/a>.<\/p>\n","protected":false},"author":42,"featured_media":0,"comment_status":"closed","ping_status":"closed","sticky":false,"template":"","format":"standard","meta":{"advgb_blocks_editor_width":"","advgb_blocks_columns_visual_guide":"","footnotes":""},"categories":[6271,541,6515,34,54],"tags":[35],"class_list":["post-26000","post","type-post","status-publish","format-standard","hentry","category-centro-internacional-de-negocios-da-paraiba","category-comercio-exterior","category-dialogos-de-comex","category-g1","category-paraiba","tag-g1"],"author_meta":{"display_name":"Rafael Andrade","author_link":"https:\/\/sindaopcpb.org.br\/author\/rafael-andrade\/"},"featured_img":null,"coauthors":[],"tax_additional":{"categories":{"linked":["<a href=\"https:\/\/sindaopcpb.org.br\/centro-internacional-de-negocios-da-paraiba\/\" class=\"advgb-post-tax-term\">Centro Internacional de Neg\u00f3cios da Para\u00edba<\/a>","<a href=\"https:\/\/sindaopcpb.org.br\/comercio-exterior\/\" class=\"advgb-post-tax-term\">Com\u00e9rcio Exterior<\/a>","<a href=\"https:\/\/sindaopcpb.org.br\/dialogos-de-comex\/\" class=\"advgb-post-tax-term\">Di\u00e1logos de Comex<\/a>","<a href=\"https:\/\/sindaopcpb.org.br\/g1\/\" class=\"advgb-post-tax-term\">G1<\/a>","<a href=\"https:\/\/sindaopcpb.org.br\/paraiba\/\" class=\"advgb-post-tax-term\">Para\u00edba<\/a>"],"unlinked":["<span class=\"advgb-post-tax-term\">Centro Internacional de Neg\u00f3cios da Para\u00edba<\/span>","<span class=\"advgb-post-tax-term\">Com\u00e9rcio Exterior<\/span>","<span class=\"advgb-post-tax-term\">Di\u00e1logos de Comex<\/span>","<span class=\"advgb-post-tax-term\">G1<\/span>","<span class=\"advgb-post-tax-term\">Para\u00edba<\/span>"]},"tags":{"linked":["<a href=\"https:\/\/sindaopcpb.org.br\/paraiba\/\" class=\"advgb-post-tax-term\">g1<\/a>"],"unlinked":["<span class=\"advgb-post-tax-term\">g1<\/span>"]}},"comment_count":"0","relative_dates":{"created":"Publicado 3 anos atr\u00e1s","modified":"Atualizado 3 anos atr\u00e1s"},"absolute_dates":{"created":"Publicado em 18 de julho de 2023","modified":"Atualizado em 18 de julho de 2023"},"absolute_dates_time":{"created":"Publicado em 18 de julho de 2023 06:00","modified":"Atualizado em 18 de julho de 2023 06:00"},"featured_img_caption":"","series_order":"","_links":{"self":[{"href":"https:\/\/sindaopcpb.org.br\/index.php\/wp-json\/wp\/v2\/posts\/26000","targetHints":{"allow":["GET"]}}],"collection":[{"href":"https:\/\/sindaopcpb.org.br\/index.php\/wp-json\/wp\/v2\/posts"}],"about":[{"href":"https:\/\/sindaopcpb.org.br\/index.php\/wp-json\/wp\/v2\/types\/post"}],"author":[{"embeddable":true,"href":"https:\/\/sindaopcpb.org.br\/index.php\/wp-json\/wp\/v2\/users\/42"}],"replies":[{"embeddable":true,"href":"https:\/\/sindaopcpb.org.br\/index.php\/wp-json\/wp\/v2\/comments?post=26000"}],"version-history":[{"count":1,"href":"https:\/\/sindaopcpb.org.br\/index.php\/wp-json\/wp\/v2\/posts\/26000\/revisions"}],"predecessor-version":[{"id":26001,"href":"https:\/\/sindaopcpb.org.br\/index.php\/wp-json\/wp\/v2\/posts\/26000\/revisions\/26001"}],"wp:attachment":[{"href":"https:\/\/sindaopcpb.org.br\/index.php\/wp-json\/wp\/v2\/media?parent=26000"}],"wp:term":[{"taxonomy":"category","embeddable":true,"href":"https:\/\/sindaopcpb.org.br\/index.php\/wp-json\/wp\/v2\/categories?post=26000"},{"taxonomy":"post_tag","embeddable":true,"href":"https:\/\/sindaopcpb.org.br\/index.php\/wp-json\/wp\/v2\/tags?post=26000"}],"curies":[{"name":"wp","href":"https:\/\/api.w.org\/{rel}","templated":true}]}}