{"id":25998,"date":"2023-07-18T06:00:55","date_gmt":"2023-07-18T09:00:55","guid":{"rendered":"https:\/\/wpa.wscom.com.br\/?p=912461"},"modified":"2023-07-18T06:00:55","modified_gmt":"2023-07-18T09:00:55","slug":"hubpb-divulga-relacao-de-startups-classificadas-na-3a-edicao-do-programa","status":"publish","type":"post","link":"https:\/\/sindaopcpb.org.br\/index.php\/2023\/07\/18\/hubpb-divulga-relacao-de-startups-classificadas-na-3a-edicao-do-programa\/","title":{"rendered":"HUBPB divulga rela\u00e7\u00e3o de startups classificadas na 3\u00aa edi\u00e7\u00e3o do programa"},"content":{"rendered":"<p>&nbsp;<\/p>\n<p>&nbsp;<\/p>\n<p>Nesta segunda-feira, 17\/07, a Comiss\u00e3o Organizadora do HUBPB &#8211; Programa de Pr\u00e9-Acelera\u00e7\u00e3o e Incuba\u00e7\u00e3o de Startups divulgou a rela\u00e7\u00e3o das solu\u00e7\u00f5es inovadoras aprovadas na 3\u00aa Edi\u00e7\u00e3o do HUBPB. Foram classificadas 20 Startups que participar\u00e3o do processo de acelera\u00e7\u00e3o realizado por meio de uma a\u00e7\u00e3o conjunto do SENAI\/IEL e SEBRAE.<\/p>\n<p>A rela\u00e7\u00e3o com os nomes das Startups selecionadas est\u00e1 dispon\u00edvel no link:\u00a0<a href=\"https:\/\/linktr.ee\/hubparaiba.\" rel=\"nofollow noopener\" target=\"_blank\">https:\/\/linktr.ee\/hubparaiba.<\/a>\u00a0Nesta edi\u00e7\u00e3o foram selecionadas propostas das cidades de Jo\u00e3o Pessoa, Cabedelo, Vieirop\u00f3lis, Campina Grande, Massaranduba e Bel\u00e9m.<\/p>\n<p>A aprova\u00e7\u00e3o foi baseada na nota alcan\u00e7ada, ou seja, os participantes que atingiram pontua\u00e7\u00e3o igual ou maior a 60 pontos, e que se classificaram dentro do quantitativo de vagas previsto no edital.<\/p>\n<p>As solu\u00e7\u00f5es inovadoras que n\u00e3o foram aprovadas compor\u00e3o o banco de reserva de ideias do HUB PB &#8211; Programa de Pr\u00e9-Acelera\u00e7\u00e3o e Incuba\u00e7\u00e3o de Startups podendo, dentro da vig\u00eancia do programa, e poder\u00e3o ser convocadas, nas hip\u00f3teses de desist\u00eancia do(as) selecionado(as), abertura e ou cria\u00e7\u00e3o de nova(s) vaga(s), desde que cumpram as normas estabelecidas no regulamento.<\/p>\n<p>No pr\u00f3ximo dia 21 de julho, os representantes das Startups selecionadas participar\u00e3o de um evento de Integra\u00e7\u00e3o, no SEBRAE LAB, no bairro do Catol\u00e9, em Campina Grande, onde ser\u00e1 apresentado o Plano de Trabalho para as a\u00e7\u00f5es de formaliza\u00e7\u00e3o das Startups, e posteriormente a etapa de prototipa\u00e7\u00e3o das solu\u00e7\u00f5es.<\/p>\n<p><strong>Hub Para\u00edba<\/strong><\/p>\n<p>Lan\u00e7ado em 2021, o Hub Para\u00edba tem como proposta apoiar o amadurecimento de startups e de projetos com alto potencial de crescimento e impacto na ind\u00fastria, buscando acelerar o seu desenvolvimento e a gera\u00e7\u00e3o de resultados.<\/p>\n<p>O Hub PB \u00e9 voltado para startups de base tecnol\u00f3gica, cujo CNPJ possua at\u00e9 dois anos de exist\u00eancia; microempreendedores individuais (MEI); microempresas e empresas de pequeno porte; alunos ou egressos do SENAI\/PB; e empreendedores que possuam projeto inovador em fase de idea\u00e7\u00e3o.<\/p>\n<p>Informa\u00e7\u00f5es adicionais podem ser obtidas exclusivamente pelos e-mails:\u00a0unitec.senai@fiepb.org.br\u00a0e\u00a0sebraehub@pb.sebrae.com.br.<\/p>\n<p>O post <a rel=\"nofollow noopener\" href=\"https:\/\/wscom.com.br\/hubpb-divulga-relacao-de-startups-classificadas-na-3a-edicao-do-programa\/\" target=\"_blank\">HUBPB divulga rela\u00e7\u00e3o de startups classificadas na 3\u00aa edi\u00e7\u00e3o do programa<\/a> apareceu primeiro em <a rel=\"nofollow noopener\" href=\"https:\/\/wscom.com.br\/\" target=\"_blank\">WSCOM<\/a>.<\/p>\n","protected":false},"excerpt":{"rendered":"<p>\u00a0 \u00a0 Nesta segunda-feira, 17\/07, a Comiss\u00e3o Organizadora do HUBPB \u2013 Programa de Pr\u00e9-Acelera\u00e7\u00e3o e Incuba\u00e7\u00e3o de Startups divulgou a rela\u00e7\u00e3o das solu\u00e7\u00f5es inovadoras aprovadas na 3\u00aa Edi\u00e7\u00e3o do HUBPB. Foram classificadas 20 Startups que participar\u00e3o do processo de acelera\u00e7\u00e3o realizado por meio de uma a\u00e7\u00e3o conjunto do SENAI\/IEL e SEBRAE. A rela\u00e7\u00e3o com os [\u2026]<\/p>\n<p>O post <a rel=\"nofollow\" href=\"https:\/\/wscom.com.br\/hubpb-divulga-relacao-de-startups-classificadas-na-3a-edicao-do-programa\/\">HUBPB divulga rela\u00e7\u00e3o de startups classificadas na 3\u00aa edi\u00e7\u00e3o do programa<\/a> apareceu primeiro em <a rel=\"nofollow\" href=\"https:\/\/wscom.com.br\/\">WSCOM<\/a>.<\/p>\n","protected":false},"author":42,"featured_media":0,"comment_status":"closed","ping_status":"closed","sticky":false,"template":"","format":"standard","meta":{"advgb_blocks_editor_width":"","advgb_blocks_columns_visual_guide":"","footnotes":""},"categories":[6513,34,6514,54,4771],"tags":[35],"class_list":["post-25998","post","type-post","status-publish","format-standard","hentry","category-classificacao","category-g1","category-hubpb","category-paraiba","category-startups","tag-g1"],"author_meta":{"display_name":"Rafael Andrade","author_link":"https:\/\/sindaopcpb.org.br\/author\/rafael-andrade\/"},"featured_img":null,"coauthors":[],"tax_additional":{"categories":{"linked":["<a href=\"https:\/\/sindaopcpb.org.br\/classificacao\/\" class=\"advgb-post-tax-term\">classifica\u00e7\u00e3o<\/a>","<a href=\"https:\/\/sindaopcpb.org.br\/g1\/\" class=\"advgb-post-tax-term\">G1<\/a>","<a href=\"https:\/\/sindaopcpb.org.br\/hubpb\/\" class=\"advgb-post-tax-term\">HUBPB<\/a>","<a href=\"https:\/\/sindaopcpb.org.br\/paraiba\/\" class=\"advgb-post-tax-term\">Para\u00edba<\/a>","<a href=\"https:\/\/sindaopcpb.org.br\/startups\/\" class=\"advgb-post-tax-term\">startups<\/a>"],"unlinked":["<span class=\"advgb-post-tax-term\">classifica\u00e7\u00e3o<\/span>","<span class=\"advgb-post-tax-term\">G1<\/span>","<span class=\"advgb-post-tax-term\">HUBPB<\/span>","<span class=\"advgb-post-tax-term\">Para\u00edba<\/span>","<span class=\"advgb-post-tax-term\">startups<\/span>"]},"tags":{"linked":["<a href=\"https:\/\/sindaopcpb.org.br\/startups\/\" class=\"advgb-post-tax-term\">g1<\/a>"],"unlinked":["<span class=\"advgb-post-tax-term\">g1<\/span>"]}},"comment_count":"0","relative_dates":{"created":"Publicado 3 anos atr\u00e1s","modified":"Atualizado 3 anos atr\u00e1s"},"absolute_dates":{"created":"Publicado em 18 de julho de 2023","modified":"Atualizado em 18 de julho de 2023"},"absolute_dates_time":{"created":"Publicado em 18 de julho de 2023 06:00","modified":"Atualizado em 18 de julho de 2023 06:00"},"featured_img_caption":"","series_order":"","_links":{"self":[{"href":"https:\/\/sindaopcpb.org.br\/index.php\/wp-json\/wp\/v2\/posts\/25998","targetHints":{"allow":["GET"]}}],"collection":[{"href":"https:\/\/sindaopcpb.org.br\/index.php\/wp-json\/wp\/v2\/posts"}],"about":[{"href":"https:\/\/sindaopcpb.org.br\/index.php\/wp-json\/wp\/v2\/types\/post"}],"author":[{"embeddable":true,"href":"https:\/\/sindaopcpb.org.br\/index.php\/wp-json\/wp\/v2\/users\/42"}],"replies":[{"embeddable":true,"href":"https:\/\/sindaopcpb.org.br\/index.php\/wp-json\/wp\/v2\/comments?post=25998"}],"version-history":[{"count":1,"href":"https:\/\/sindaopcpb.org.br\/index.php\/wp-json\/wp\/v2\/posts\/25998\/revisions"}],"predecessor-version":[{"id":25999,"href":"https:\/\/sindaopcpb.org.br\/index.php\/wp-json\/wp\/v2\/posts\/25998\/revisions\/25999"}],"wp:attachment":[{"href":"https:\/\/sindaopcpb.org.br\/index.php\/wp-json\/wp\/v2\/media?parent=25998"}],"wp:term":[{"taxonomy":"category","embeddable":true,"href":"https:\/\/sindaopcpb.org.br\/index.php\/wp-json\/wp\/v2\/categories?post=25998"},{"taxonomy":"post_tag","embeddable":true,"href":"https:\/\/sindaopcpb.org.br\/index.php\/wp-json\/wp\/v2\/tags?post=25998"}],"curies":[{"name":"wp","href":"https:\/\/api.w.org\/{rel}","templated":true}]}}