{"id":25982,"date":"2023-07-18T10:08:34","date_gmt":"2023-07-18T13:08:34","guid":{"rendered":"https:\/\/www.infomoney.com.br\/?p=2190015"},"modified":"2023-07-18T10:08:34","modified_gmt":"2023-07-18T13:08:34","slug":"lula-nunca-na-historia-vi-o-brasil-com-a-oportunidade-que-tem-hoje","status":"publish","type":"post","link":"https:\/\/sindaopcpb.org.br\/index.php\/2023\/07\/18\/lula-nunca-na-historia-vi-o-brasil-com-a-oportunidade-que-tem-hoje\/","title":{"rendered":"Lula: Nunca na hist\u00f3ria vi o Brasil com a oportunidade que tem hoje"},"content":{"rendered":"<p><img loading=\"lazy\" width=\"300\" height=\"179\" src=\"https:\/\/www.infomoney.com.br\/wp-content\/uploads\/2023\/06\/lula-live.jpg?fit=300%2C179&amp;quality=70&amp;strip=all\" class=\"attachment-medium size-medium wp-post-image\" alt=\"\" decoding=\"async\" style=\"float:right; margin:0 0 10px 10px;\" srcset=\"https:\/\/www.infomoney.com.br\/wp-content\/uploads\/2023\/06\/lula-live.jpg?w=1170&amp;quality=70&amp;strip=all 1170w, https:\/\/www.infomoney.com.br\/wp-content\/uploads\/2023\/06\/lula-live.jpg?w=300&amp;quality=70&amp;strip=all 300w, https:\/\/www.infomoney.com.br\/wp-content\/uploads\/2023\/06\/lula-live.jpg?w=768&amp;quality=70&amp;strip=all 768w, https:\/\/www.infomoney.com.br\/wp-content\/uploads\/2023\/06\/lula-live.jpg?w=150&amp;quality=70&amp;strip=all 150w\" sizes=\"auto, (max-width: 300px) 100vw, 300px\" data-attachment-id=\"2171857\" data-permalink=\"https:\/\/www.infomoney.com.br\/minhas-financas\/lula-consignado-inss-juros-taxa-emprestimo-esta-lesando-o-povo-pobre\/attachment\/lula-live\/\" data-orig-file=\"https:\/\/www.infomoney.com.br\/wp-content\/uploads\/2023\/06\/lula-live.jpg?fit=1170%2C700&amp;quality=70&amp;strip=all\" data-orig-size=\"1170,700\" data-comments-opened=\"0\" data-image-meta=\"{&quot;aperture&quot;:&quot;0&quot;,&quot;credit&quot;:&quot;TV Brasil&quot;,&quot;camera&quot;:&quot;&quot;,&quot;caption&quot;:&quot;Bras\\u00edlia (DF), 27.06.2023 - Presidente Lula \\u00e9 entrevistado por Marcos Uchoa no programa Conversa com o Presidente, no Pal\\u00e1cio do Alvorada. Imagem: TV Brasil&quot;,&quot;created_timestamp&quot;:&quot;0&quot;,&quot;copyright&quot;:&quot;&quot;,&quot;focal_length&quot;:&quot;0&quot;,&quot;iso&quot;:&quot;0&quot;,&quot;shutter_speed&quot;:&quot;0&quot;,&quot;title&quot;:&quot;&quot;,&quot;orientation&quot;:&quot;1&quot;}\" data-image-title=\"Lula\" data-image-description=\"\" data-image-caption=\"&lt;p&gt;O presidente Luiz In\u00e1cio Lula da Silva (PT) \u00e9 entrevistado por Marcos Uchoa no programa Conversa com o Presidente, no Pal\u00e1cio do Alvorada, em Bras\u00edlia (DF), em 27 de junho de 2023 (Imagem: TV Brasil)&lt;\/p&gt;\n\" data-medium-file=\"https:\/\/www.infomoney.com.br\/wp-content\/uploads\/2023\/06\/lula-live.jpg?fit=300%2C179&amp;quality=70&amp;strip=all\" data-large-file=\"https:\/\/www.infomoney.com.br\/wp-content\/uploads\/2023\/06\/lula-live.jpg?fit=1170%2C700&amp;quality=70&amp;strip=all\" title=\"\"><\/p>\n<p>O presidente <strong>Luiz In\u00e1cio Lula da Silva (PT)<\/strong> afirmou, nesta ter\u00e7a-feira (18), que o Brasil tem uma oportunidade \u00fanica de conquistar aliados e investimentos relacionados \u00e0 pauta do meio ambiente e da transi\u00e7\u00e3o energ\u00e9tica.<\/p>\n<p>A declara\u00e7\u00e3o foi dada em nova edi\u00e7\u00e3o do programa \u201cConversa com o Presidente\u201d, transmitido semanalmente em seu canal oficial no YouTube e pelas redes sociais. Desta vez, a live foi realizada em Bruxelas, capital da B\u00e9lgica, onde o mandat\u00e1rio participa da III C\u00fapula entre os pa\u00edses da Comunidade de Estados Latino-Americanos e Caribenhos (Celac) e da Uni\u00e3o Europeia.<\/p>\n<p>\u201cO Brasil tem uma chance excepcional. Nunca antes na hist\u00f3ria eu vi o Brasil com a oportunidade que ele tem de conquistar aliados, espa\u00e7o, investimento, sobretudo nessa quest\u00e3o da transi\u00e7\u00e3o energ\u00e9tica &#8211; energia e\u00f3lica, solar, biomassa, etanol, biodiesel e agora com hidrog\u00eanio verde. A chance do Brasil \u00e9 extraordin\u00e1ria e acho que n\u00e3o podemos jogar fora essa oportunidade\u201d, disse.<\/p>\n<p>\u201cO s\u00e9culo XXI definitivamente vai ser o s\u00e9culo da independ\u00eancia verdadeira do Brasil, do ponto de vista econ\u00f4mico, cultural, social e geopol\u00edtico\u201d, afirmou o presidente durante a entrevista conduzida pelo jornalista Marcos Uch\u00f4a.<\/p>\n<p>No programa, Lula destacou a import\u00e2ncia da Amaz\u00f4nia para o planeta e a luta contra as mudan\u00e7as clim\u00e1ticas, mas defendeu a compatibiliza\u00e7\u00e3o da preserva\u00e7\u00e3o da floresta com as necessidades das popula\u00e7\u00f5es locais. \u201cO Brasil, que j\u00e1 era importante, agora com a quest\u00e3o da transi\u00e7\u00e3o energ\u00e9tica que o mundo est\u00e1 atravessando, est\u00e1 virando mais importante ainda, porque todo mundo est\u00e1 de olho na Amaz\u00f4nia\u201d, disse.<\/p>\n<p>\u201cN\u00e3o queremos transformar a Amaz\u00f4nia no santu\u00e1rio da humanidade. A Amaz\u00f4nia \u00e9 um territ\u00f3rio sobre o qual o Brasil tem poder soberano, mas o que queremos compartilhar \u00e9 a explora\u00e7\u00e3o cient\u00edfica da riqueza da biodiversidade, para saber se dali podemos extrair produtos f\u00e1rmacos, se podemos fazer coisa para a ind\u00fastria de cosm\u00e9ticos, mas sobretudo para tentarmos pesquisar como melhorar a vida do povo que mora na selva. Como podemos melhorar a vida dos ind\u00edgenas, dos pescadores, dos ribeirinhos, dos extrativistas e a vida do conjunto da sociedade na Amaz\u00f4nia da Am\u00e9rica do Sul?\u201d, prosseguiu.<\/p>\n<p>\u201cA humanidade toda precisa levar em conta que cada gesto nosso daqui para frente pode melhorar ou piorar a situa\u00e7\u00e3o do planeta. (&#8230;) Como o Brasil ainda tem milh\u00f5es de quil\u00f4metros da Amaz\u00f4nia preservados, precisamos transformar isso em um patrim\u00f4nio efetivamente brasileiro, mas que gere melhoria da qualidade de vida para o povo brasileiro\u201d, pontuou.<\/p>\n<p>Lula tamb\u00e9m voltou a defender que a manuten\u00e7\u00e3o da floresta em p\u00e9 \u201cpode render mais para o Brasil\u201d do que derrub\u00e1-la e destacou haver mais de 30 milh\u00f5es de hectares de pastos degradados que podem ser recuperados para atividades agropecu\u00e1rias.<\/p>\n<p>Embora veja um \u201cmomento de ouro\u201d para o Brasil no contexto internacional de maior preocupa\u00e7\u00e3o com o meio ambiente, o mandat\u00e1rio tamb\u00e9m reconhece que \u201cainda h\u00e1 muita coisa da boca para fora\u201d no discurso de l\u00edderes globais \u2012 o que dificulta o desafio de colocar em pr\u00e1tica as metas estabelecidas ao longo das \u00faltimas d\u00e9cadas.<\/p>\n<p>\u201cAs pessoas prometeram que iam dar US$ 100 bilh\u00f5es por ano para ajudar a cuidar do planeta. At\u00e9 agora n\u00e3o deram e me parece que n\u00e3o querem dar. E eu disse na reuni\u00e3o: &#8216;\u00e9 melhor dizer a verdade. N\u00e3o quer dar o dinheiro, diga que n\u00e3o vai dar. N\u00e3o fique alimentando ilus\u00f5es em pa\u00edses pobres&#8217;. Um pa\u00eds como o Brasil n\u00e3o tem que ficar implorando <em>[por]<\/em> dinheiro. N\u00f3s temos que fazer aquilo que \u00e9 a nossa tarefa\u201d, disse.<\/p>\n<p>O Brasil \u00e9 um pa\u00eds grande. O Brasil precisa parar de se tratar como se fosse um paisinho pobre, pequenininho. O Brasil n\u00e3o \u00e9 um pa\u00eds pobre, \u00e9 um pa\u00eds rico. Tem um Or\u00e7amento grande, tem riqueza. Acontece que a minoria se apoderou dessa riqueza. Ent\u00e3o temos que tomar decis\u00f5es. Colocar dinheiro para preservar a Amaz\u00f4nia \u00e9 uma obriga\u00e7\u00e3o nossa. Obviamente que, se o mundo tem interesse, pode nos ajudar \u2012 mas n\u00e3o apenas o Brasil, outros pa\u00edses pequenos\u201d, continuou.<\/p>\n<p>O presidente disse, ainda, que est\u00e1 ganhando for\u00e7a na Uni\u00e3o Europeia um discurso que defende que pa\u00edses em desenvolvimento que possuam grandes reservas de min\u00e9rios e mat\u00e9rias-primas \u201ccr\u00edticas\u201d n\u00e3o devem apenas exportar produtos prim\u00e1rios, mas devem fazer a transforma\u00e7\u00e3o em seus pr\u00f3prios territ\u00f3rios \u2012 o que poderia gerar desenvolvimento e empregos. Nesse sentido, ele defendeu que os pa\u00edses europeus ajudem a financiar essa mudan\u00e7a.<\/p>\n<p>\u201cEsse \u00e9 um discurso novo na Uni\u00e3o Europeia que o mundo precisa aproveitar para que os pa\u00edses pobres ou pa\u00edses em desenvolvimento que t\u00eam min\u00e9rios possam se desenvolver\u201d, declarou.<\/p>\n<h2><strong>Desenrola<\/strong><\/h2>\n<p>Questionado sobre o Desenrola, programa de renegocia\u00e7\u00e3o de d\u00edvidas lan\u00e7ado ontem (17) pelo governo, Lula diz que ele pode fazer uma \u201crevolu\u00e7\u00e3o extraordin\u00e1ria\u201d no pa\u00eds, permitindo que as pessoas endividadas voltem ao mercado de consumo.<\/p>\n<p>E brincou que, caso a pol\u00edtica seja bem-sucedida, o ministro da Fazenda, Fernando Haddad (PT), \u201cvai ter que ganhar o Pr\u00eamio Nobel da desenrola\u00e7\u00e3o&#8221;.<\/p>\n<p>A primeira fase do programa \u00e9 destinada \u00e0 renegocia\u00e7\u00e3o de d\u00edvidas junto aos bancos. Mas Lula disse que a segunda etapa, focada no setor de varejo e que contar\u00e1 com um aplicativo espec\u00edfico, ser\u00e1 lan\u00e7ada em setembro.<\/p>\n<p>\u201cVai ser uma coisa excepcional. Se der certo isso, vamos salvar no m\u00ednimo 72% da popula\u00e7\u00e3o brasileira, que est\u00e1 endividada. E vai permitir que essa gente possa voltar ao mercado de consumo, porque todo mundo sempre tem uma coisinha para comprar\u201d, disse.<\/p>\n<p>\u201cEsse programa Desenrola vai ajudar o povo brasileiro. Tenho f\u00e9 em Deus que, se der certo essa primeira fase, quando chegar o aplicativo do varejo em setembro, n\u00f3s vamos libertar milh\u00f5es de brasileiros que v\u00e3o poder voltar ao consumo livremente, alegres, sorrindo, podendo comprar aquela coisinha que sonharam\u201d, concluiu.<\/p>\n<p>The post <a rel=\"nofollow noopener\" href=\"https:\/\/www.infomoney.com.br\/politica\/lula-nunca-na-historia-vi-o-brasil-com-a-oportunidade-que-tem-hoje\/\" target=\"_blank\">Lula: Nunca na hist\u00f3ria vi o Brasil com a oportunidade que tem hoje<\/a> appeared first on <a rel=\"nofollow noopener\" href=\"https:\/\/www.infomoney.com.br\/\" target=\"_blank\">InfoMoney<\/a>.<\/p>\n","protected":false},"excerpt":{"rendered":"<p><img loading=\"lazy\" decoding=\"async\" width=\"300\" height=\"179\" src=\"https:\/\/www.infomoney.com.br\/wp-content\/uploads\/2023\/06\/lula-live.jpg?fit=300%2C179&amp;quality=70&amp;strip=all\" class=\"attachment-medium size-medium wp-post-image\" alt=\"\" data-attachment-id=\"2171857\" data-permalink=\"https:\/\/www.infomoney.com.br\/minhas-financas\/lula-consignado-inss-juros-taxa-emprestimo-esta-lesando-o-povo-pobre\/attachment\/lula-live\/\" data-orig-file=\"https:\/\/www.infomoney.com.br\/wp-content\/uploads\/2023\/06\/lula-live.jpg?fit=1170%2C700&amp;quality=70&amp;strip=all\" data-orig-size=\"1170,700\" data-comments-opened=\"0\" data-image-meta='{\"aperture\":\"0\",\"credit\":\"TV Brasil\",\"camera\":\"\",\"caption\":\"Bras\\u00edlia (DF), 27.06.2023 - Presidente Lula \\u00e9 entrevistado por Marcos Uchoa no programa Conversa com o Presidente, no Pal\\u00e1cio do Alvorada. Imagem: TV Brasil\",\"created_timestamp\":\"0\",\"copyright\":\"\",\"focal_length\":\"0\",\"iso\":\"0\",\"shutter_speed\":\"0\",\"title\":\"\",\"orientation\":\"1\"}' data-image-title=\"Lula\" data-image-description=\"\" data-image-caption=\"&lt;p&gt;O presidente Luiz In\u00e1cio Lula da Silva (PT) \u00e9 entrevistado por Marcos Uchoa no programa Conversa com o Presidente, no Pal\u00e1cio do Alvorada, em Bras\u00edlia (DF), em 27 de junho de 2023 (Imagem: TV Brasil)&lt;\/p&gt;\n\" data-medium-file=\"https:\/\/www.infomoney.com.br\/wp-content\/uploads\/2023\/06\/lula-live.jpg?fit=300%2C179&amp;quality=70&amp;strip=all\" data-large-file=\"https:\/\/www.infomoney.com.br\/wp-content\/uploads\/2023\/06\/lula-live.jpg?fit=1170%2C700&amp;quality=70&amp;strip=all\">Em sua live semanal, presidente diz que pa\u00eds tem momento favor\u00e1vel para conquistar aliados e investimentos relacionados \u00e0 pauta ambiental<\/p>\n<p>The post <a rel=\"nofollow\" href=\"https:\/\/www.infomoney.com.br\/politica\/lula-nunca-na-historia-vi-o-brasil-com-a-oportunidade-que-tem-hoje\/\">Lula: Nunca na hist\u00f3ria vi o Brasil com a oportunidade que tem hoje<\/a> appeared first on <a rel=\"nofollow\" href=\"https:\/\/www.infomoney.com.br\/\">InfoMoney<\/a>.<\/p>\n","protected":false},"author":52,"featured_media":0,"comment_status":"closed","ping_status":"closed","sticky":false,"template":"","format":"standard","meta":{"advgb_blocks_editor_width":"","advgb_blocks_columns_visual_guide":"","footnotes":""},"categories":[644,3268,121,3257,34,129,950,47],"tags":[35],"class_list":["post-25982","post","type-post","status-publish","format-standard","hentry","category-amazonia","category-clima","category-energia","category-energia-limpa","category-g1","category-luiz-inacio-lula-da-silva","category-meio-ambiente","category-politica","tag-g1"],"author_meta":{"display_name":"Marcos Mortari","author_link":"https:\/\/sindaopcpb.org.br\/author\/marcos-mortari\/"},"featured_img":null,"coauthors":[],"tax_additional":{"categories":{"linked":["<a href=\"https:\/\/sindaopcpb.org.br\/amazonia\/\" class=\"advgb-post-tax-term\">Amaz\u00f4nia<\/a>","<a href=\"https:\/\/sindaopcpb.org.br\/clima\/\" class=\"advgb-post-tax-term\">Clima<\/a>","<a href=\"https:\/\/sindaopcpb.org.br\/energia\/\" class=\"advgb-post-tax-term\">Energia<\/a>","<a href=\"https:\/\/sindaopcpb.org.br\/energia-limpa\/\" class=\"advgb-post-tax-term\">Energia Limpa<\/a>","<a href=\"https:\/\/sindaopcpb.org.br\/g1\/\" class=\"advgb-post-tax-term\">G1<\/a>","<a href=\"https:\/\/sindaopcpb.org.br\/luiz-inacio-lula-da-silva\/\" class=\"advgb-post-tax-term\">Luiz In\u00e1cio Lula da Silva<\/a>","<a href=\"https:\/\/sindaopcpb.org.br\/meio-ambiente\/\" class=\"advgb-post-tax-term\">Meio Ambiente<\/a>","<a href=\"https:\/\/sindaopcpb.org.br\/politica\/\" class=\"advgb-post-tax-term\">POLITICA<\/a>"],"unlinked":["<span class=\"advgb-post-tax-term\">Amaz\u00f4nia<\/span>","<span class=\"advgb-post-tax-term\">Clima<\/span>","<span class=\"advgb-post-tax-term\">Energia<\/span>","<span class=\"advgb-post-tax-term\">Energia Limpa<\/span>","<span class=\"advgb-post-tax-term\">G1<\/span>","<span class=\"advgb-post-tax-term\">Luiz In\u00e1cio Lula da Silva<\/span>","<span class=\"advgb-post-tax-term\">Meio Ambiente<\/span>","<span class=\"advgb-post-tax-term\">POLITICA<\/span>"]},"tags":{"linked":["<a href=\"https:\/\/sindaopcpb.org.br\/politica\/\" class=\"advgb-post-tax-term\">g1<\/a>"],"unlinked":["<span class=\"advgb-post-tax-term\">g1<\/span>"]}},"comment_count":"0","relative_dates":{"created":"Publicado 3 anos atr\u00e1s","modified":"Atualizado 3 anos atr\u00e1s"},"absolute_dates":{"created":"Publicado em 18 de julho de 2023","modified":"Atualizado em 18 de julho de 2023"},"absolute_dates_time":{"created":"Publicado em 18 de julho de 2023 10:08","modified":"Atualizado em 18 de julho de 2023 10:08"},"featured_img_caption":"","series_order":"","_links":{"self":[{"href":"https:\/\/sindaopcpb.org.br\/index.php\/wp-json\/wp\/v2\/posts\/25982","targetHints":{"allow":["GET"]}}],"collection":[{"href":"https:\/\/sindaopcpb.org.br\/index.php\/wp-json\/wp\/v2\/posts"}],"about":[{"href":"https:\/\/sindaopcpb.org.br\/index.php\/wp-json\/wp\/v2\/types\/post"}],"author":[{"embeddable":true,"href":"https:\/\/sindaopcpb.org.br\/index.php\/wp-json\/wp\/v2\/users\/52"}],"replies":[{"embeddable":true,"href":"https:\/\/sindaopcpb.org.br\/index.php\/wp-json\/wp\/v2\/comments?post=25982"}],"version-history":[{"count":1,"href":"https:\/\/sindaopcpb.org.br\/index.php\/wp-json\/wp\/v2\/posts\/25982\/revisions"}],"predecessor-version":[{"id":25983,"href":"https:\/\/sindaopcpb.org.br\/index.php\/wp-json\/wp\/v2\/posts\/25982\/revisions\/25983"}],"wp:attachment":[{"href":"https:\/\/sindaopcpb.org.br\/index.php\/wp-json\/wp\/v2\/media?parent=25982"}],"wp:term":[{"taxonomy":"category","embeddable":true,"href":"https:\/\/sindaopcpb.org.br\/index.php\/wp-json\/wp\/v2\/categories?post=25982"},{"taxonomy":"post_tag","embeddable":true,"href":"https:\/\/sindaopcpb.org.br\/index.php\/wp-json\/wp\/v2\/tags?post=25982"}],"curies":[{"name":"wp","href":"https:\/\/api.w.org\/{rel}","templated":true}]}}