{"id":25979,"date":"2023-07-18T08:36:17","date_gmt":"2023-07-18T11:36:17","guid":{"rendered":"https:\/\/wpa.wscom.com.br\/?p=912442"},"modified":"2023-07-18T08:36:17","modified_gmt":"2023-07-18T11:36:17","slug":"tres-vitimas-do-acidente-entre-van-e-caminhao-na-br-230-seguem-em-estado-grave","status":"publish","type":"post","link":"https:\/\/sindaopcpb.org.br\/index.php\/2023\/07\/18\/tres-vitimas-do-acidente-entre-van-e-caminhao-na-br-230-seguem-em-estado-grave\/","title":{"rendered":"Tr\u00eas v\u00edtimas do acidente entre van e caminh\u00e3o na BR-230 seguem em estado grave"},"content":{"rendered":"<p>&nbsp;<\/p>\n<p>&nbsp;<\/p>\n<p>Tr\u00eas das 14 v\u00edtimas do acidente que ocorreu ontem (17) na BR-230, envolvendo uma van da Prefeitura de Concei\u00e7\u00e3o e um caminh\u00e3o, seguem em estado grave no Hospital de Emerg\u00eancia e Trauma de Jo\u00e3o Pessoa.<\/p>\n<p>De acordo com um novo boletim hospitalar, os pacientes que se encontram na UTI (Unidade de Terapia Intensiva) t\u00eam 43, 38 e 35 anos. Outras 10 pessoas, incluindo crian\u00e7as, receberam alta m\u00e9dica.<\/p>\n<p>A colis\u00e3o ocorreu entre uma van e um caminh\u00e3o ba\u00fa, quando a van, que transportava pacientes do Sert\u00e3o para consultas e atendimentos m\u00e9dicos na capital, seguia no sentido Campina Grande \u2013 Jo\u00e3o Pessoa.<\/p>\n<p>O acidente aconteceu por volta das 4h40, no Km 92 da BR-230. A van pertencia \u00e0 Prefeitura de Concei\u00e7\u00e3o e estava a servi\u00e7o do transporte de pacientes.<\/p>\n<p>Ap\u00f3s a batida, equipes do Corpo de Bombeiros e do Servi\u00e7o de Atendimento M\u00f3vel de Urg\u00eancia (Samu) foram acionadas e prestaram os primeiros socorros no local.<\/p>\n<p>Os feridos foram encaminhados para unidades de sa\u00fade diferentes, onde receber\u00e3o os cuidados necess\u00e1rios. As autoridades est\u00e3o apurando as circunst\u00e2ncias do acidente para determinar as responsabilidades.<\/p>\n<p>O post <a rel=\"nofollow noopener\" href=\"https:\/\/wscom.com.br\/tres-vitimas-do-acidente-entre-van-e-caminhao-na-br-230-seguem-em-estado-grave\/\" target=\"_blank\">Tr\u00eas v\u00edtimas do acidente entre van e caminh\u00e3o na BR-230 seguem em estado grave<\/a> apareceu primeiro em <a rel=\"nofollow noopener\" href=\"https:\/\/wscom.com.br\/\" target=\"_blank\">WSCOM<\/a>.<\/p>\n","protected":false},"excerpt":{"rendered":"<p>\u00a0 \u00a0 Tr\u00eas das 14 v\u00edtimas do acidente que ocorreu ontem (17) na BR-230, envolvendo uma van da Prefeitura de Concei\u00e7\u00e3o e um caminh\u00e3o, seguem em estado grave no Hospital de Emerg\u00eancia e Trauma de Jo\u00e3o Pessoa. De acordo com um novo boletim hospitalar, os pacientes que se encontram na UTI (Unidade de Terapia Intensiva) [\u2026]<\/p>\n<p>O post <a rel=\"nofollow\" href=\"https:\/\/wscom.com.br\/tres-vitimas-do-acidente-entre-van-e-caminhao-na-br-230-seguem-em-estado-grave\/\">Tr\u00eas v\u00edtimas do acidente entre van e caminh\u00e3o na BR-230 seguem em estado grave<\/a> apareceu primeiro em <a rel=\"nofollow\" href=\"https:\/\/wscom.com.br\/\">WSCOM<\/a>.<\/p>\n","protected":false},"author":42,"featured_media":0,"comment_status":"closed","ping_status":"closed","sticky":false,"template":"","format":"standard","meta":{"advgb_blocks_editor_width":"","advgb_blocks_columns_visual_guide":"","footnotes":""},"categories":[3830,1365,5912,34,6413,54,3337,4508],"tags":[35],"class_list":["post-25979","post","type-post","status-publish","format-standard","hentry","category-boletim","category-br-230","category-caminhao","category-g1","category-hospital-de-emergencia-e-trauma-de-joao-pessoa","category-paraiba","category-van","category-vitimas","tag-g1"],"author_meta":{"display_name":"Rafael Andrade","author_link":"https:\/\/sindaopcpb.org.br\/author\/rafael-andrade\/"},"featured_img":null,"coauthors":[],"tax_additional":{"categories":{"linked":["<a href=\"https:\/\/sindaopcpb.org.br\/boletim\/\" class=\"advgb-post-tax-term\">boletim<\/a>","<a href=\"https:\/\/sindaopcpb.org.br\/br-230\/\" class=\"advgb-post-tax-term\">br 230<\/a>","<a href=\"https:\/\/sindaopcpb.org.br\/caminhao\/\" class=\"advgb-post-tax-term\">Caminh\u00e3o<\/a>","<a href=\"https:\/\/sindaopcpb.org.br\/g1\/\" class=\"advgb-post-tax-term\">G1<\/a>","<a href=\"https:\/\/sindaopcpb.org.br\/hospital-de-emergencia-e-trauma-de-joao-pessoa\/\" class=\"advgb-post-tax-term\">Hospital de Emerg\u00eancia e Trauma de Jo\u00e3o Pessoa<\/a>","<a href=\"https:\/\/sindaopcpb.org.br\/paraiba\/\" class=\"advgb-post-tax-term\">Para\u00edba<\/a>","<a href=\"https:\/\/sindaopcpb.org.br\/van\/\" class=\"advgb-post-tax-term\">van<\/a>","<a href=\"https:\/\/sindaopcpb.org.br\/vitimas\/\" class=\"advgb-post-tax-term\">vitimas<\/a>"],"unlinked":["<span class=\"advgb-post-tax-term\">boletim<\/span>","<span class=\"advgb-post-tax-term\">br 230<\/span>","<span class=\"advgb-post-tax-term\">Caminh\u00e3o<\/span>","<span class=\"advgb-post-tax-term\">G1<\/span>","<span class=\"advgb-post-tax-term\">Hospital de Emerg\u00eancia e Trauma de Jo\u00e3o Pessoa<\/span>","<span class=\"advgb-post-tax-term\">Para\u00edba<\/span>","<span class=\"advgb-post-tax-term\">van<\/span>","<span class=\"advgb-post-tax-term\">vitimas<\/span>"]},"tags":{"linked":["<a href=\"https:\/\/sindaopcpb.org.br\/vitimas\/\" class=\"advgb-post-tax-term\">g1<\/a>"],"unlinked":["<span class=\"advgb-post-tax-term\">g1<\/span>"]}},"comment_count":"0","relative_dates":{"created":"Publicado 3 anos atr\u00e1s","modified":"Atualizado 3 anos atr\u00e1s"},"absolute_dates":{"created":"Publicado em 18 de julho de 2023","modified":"Atualizado em 18 de julho de 2023"},"absolute_dates_time":{"created":"Publicado em 18 de julho de 2023 08:36","modified":"Atualizado em 18 de julho de 2023 08:36"},"featured_img_caption":"","series_order":"","_links":{"self":[{"href":"https:\/\/sindaopcpb.org.br\/index.php\/wp-json\/wp\/v2\/posts\/25979","targetHints":{"allow":["GET"]}}],"collection":[{"href":"https:\/\/sindaopcpb.org.br\/index.php\/wp-json\/wp\/v2\/posts"}],"about":[{"href":"https:\/\/sindaopcpb.org.br\/index.php\/wp-json\/wp\/v2\/types\/post"}],"author":[{"embeddable":true,"href":"https:\/\/sindaopcpb.org.br\/index.php\/wp-json\/wp\/v2\/users\/42"}],"replies":[{"embeddable":true,"href":"https:\/\/sindaopcpb.org.br\/index.php\/wp-json\/wp\/v2\/comments?post=25979"}],"version-history":[{"count":1,"href":"https:\/\/sindaopcpb.org.br\/index.php\/wp-json\/wp\/v2\/posts\/25979\/revisions"}],"predecessor-version":[{"id":25980,"href":"https:\/\/sindaopcpb.org.br\/index.php\/wp-json\/wp\/v2\/posts\/25979\/revisions\/25980"}],"wp:attachment":[{"href":"https:\/\/sindaopcpb.org.br\/index.php\/wp-json\/wp\/v2\/media?parent=25979"}],"wp:term":[{"taxonomy":"category","embeddable":true,"href":"https:\/\/sindaopcpb.org.br\/index.php\/wp-json\/wp\/v2\/categories?post=25979"},{"taxonomy":"post_tag","embeddable":true,"href":"https:\/\/sindaopcpb.org.br\/index.php\/wp-json\/wp\/v2\/tags?post=25979"}],"curies":[{"name":"wp","href":"https:\/\/api.w.org\/{rel}","templated":true}]}}