{"id":25958,"date":"2023-07-17T21:48:47","date_gmt":"2023-07-18T00:48:47","guid":{"rendered":"https:\/\/wpa.wscom.com.br\/?p=912402"},"modified":"2023-07-17T21:48:47","modified_gmt":"2023-07-18T00:48:47","slug":"hugo-mota-diz-que-constroi-decisoes-com-serenidade-sem-atropelar-futuro-mas-ve-republicanos-na-majoritaria-em-2026","status":"publish","type":"post","link":"https:\/\/sindaopcpb.org.br\/index.php\/2023\/07\/17\/hugo-mota-diz-que-constroi-decisoes-com-serenidade-sem-atropelar-futuro-mas-ve-republicanos-na-majoritaria-em-2026\/","title":{"rendered":"Hugo Mota diz que constr\u00f3i decis\u00f5es com serenidade sem atropelar futuro, mas v\u00ea Republicanos na majoritaria em 2026"},"content":{"rendered":"<p style=\"font-weight: 400;\">Por Walter Santos<\/p>\n<p>&nbsp;<\/p>\n<p style=\"font-weight: 400;\"><span style=\"font-weight: 400;\">O deputado federal Hugo Mota, presidente do Republicanos na Paraiba, afirmou que que n\u00e3o tem ambi\u00e7\u00e3o pol\u00edtica para disputar cargo na majorit\u00e1ria porque se sente como pol\u00edtico sereno para somar e valorizar os demais membros do seu partido que aponta diversos nomes importantes. Foi o que ele disse no programa \u201cFrente a Frente\u201d ancorado pelo multim\u00eddia Lu\u00eds Torres.<\/span><\/p>\n<p>&nbsp;<\/p>\n<p style=\"font-weight: 400;\"><span style=\"font-weight: 400;\">Ele disse que surgiu de fam\u00edlia formada por pessoas envolvidas na pol\u00edtica e exerce a atividade pol\u00edtica no cumprimento da palavra \u00e0 base de planejamento. Ele destacou o deputado estadual Adriano Galdino como l\u00edder importante como presidente na Assembl\u00e9ia Legislativa.\u00a0<\/span><\/p>\n<p>&nbsp;<\/p>\n<p style=\"font-weight: 400;\"><span style=\"font-weight: 400;\">\u201cPelo planejamento do partido para 2024, certamente o Republicanos dever\u00e1 estar disputando a majorit\u00e1ria n\u00e3o necessariamente de Hugo Mota\u201d, frisou.<\/span><\/p>\n<p>&nbsp;<\/p>\n<p style=\"font-weight: 400;\"><span style=\"font-weight: 400;\">Ele disse que o interesse do grupo que integra \u00e9 de se manter com alian\u00e7a ao lado do governador Jo\u00e3o Azevedo \u00e0 quem projeta far\u00e1 segundo mandato melhor.<\/span><\/p>\n<p>O post <a rel=\"nofollow noopener\" href=\"https:\/\/wscom.com.br\/hugo-mota-diz-que-constroi-decisoes-com-serenidade-sem-atropelar-futuro-mas-ve-republicanos-na-majoritaria-em-2026\/\" target=\"_blank\">Hugo Mota diz que constr\u00f3i decis\u00f5es com serenidade sem atropelar futuro, mas v\u00ea Republicanos na majoritaria em 2026<\/a> apareceu primeiro em <a rel=\"nofollow noopener\" href=\"https:\/\/wscom.com.br\/\" target=\"_blank\">WSCOM<\/a>.<\/p>\n","protected":false},"excerpt":{"rendered":"<p>Por Walter Santos \u00a0 O deputado federal Hugo Mota, presidente do Republicanos na Paraiba, afirmou que que n\u00e3o tem ambi\u00e7\u00e3o pol\u00edtica para disputar cargo na majorit\u00e1ria porque se sente como pol\u00edtico sereno para somar e valorizar os demais membros do seu partido que aponta diversos nomes importantes. Foi o que ele disse no programa \u201cFrente [\u2026]<\/p>\n<p>O post <a rel=\"nofollow\" href=\"https:\/\/wscom.com.br\/hugo-mota-diz-que-constroi-decisoes-com-serenidade-sem-atropelar-futuro-mas-ve-republicanos-na-majoritaria-em-2026\/\">Hugo Mota diz que constr\u00f3i decis\u00f5es com serenidade sem atropelar futuro, mas v\u00ea Republicanos na majoritaria em 2026<\/a> apareceu primeiro em <a rel=\"nofollow\" href=\"https:\/\/wscom.com.br\/\">WSCOM<\/a>.<\/p>\n","protected":false},"author":48,"featured_media":0,"comment_status":"closed","ping_status":"closed","sticky":false,"template":"","format":"standard","meta":{"advgb_blocks_editor_width":"","advgb_blocks_columns_visual_guide":"","footnotes":""},"categories":[34,54],"tags":[35],"class_list":["post-25958","post","type-post","status-publish","format-standard","hentry","category-g1","category-paraiba","tag-g1"],"author_meta":{"display_name":"Walter Santos","author_link":"https:\/\/sindaopcpb.org.br\/author\/walter-santos\/"},"featured_img":null,"coauthors":[],"tax_additional":{"categories":{"linked":["<a href=\"https:\/\/sindaopcpb.org.br\/g1\/\" class=\"advgb-post-tax-term\">G1<\/a>","<a href=\"https:\/\/sindaopcpb.org.br\/paraiba\/\" class=\"advgb-post-tax-term\">Para\u00edba<\/a>"],"unlinked":["<span class=\"advgb-post-tax-term\">G1<\/span>","<span class=\"advgb-post-tax-term\">Para\u00edba<\/span>"]},"tags":{"linked":["<a href=\"https:\/\/sindaopcpb.org.br\/paraiba\/\" class=\"advgb-post-tax-term\">g1<\/a>"],"unlinked":["<span class=\"advgb-post-tax-term\">g1<\/span>"]}},"comment_count":"0","relative_dates":{"created":"Publicado 3 anos atr\u00e1s","modified":"Atualizado 3 anos atr\u00e1s"},"absolute_dates":{"created":"Publicado em 17 de julho de 2023","modified":"Atualizado em 17 de julho de 2023"},"absolute_dates_time":{"created":"Publicado em 17 de julho de 2023 21:48","modified":"Atualizado em 17 de julho de 2023 21:48"},"featured_img_caption":"","series_order":"","_links":{"self":[{"href":"https:\/\/sindaopcpb.org.br\/index.php\/wp-json\/wp\/v2\/posts\/25958","targetHints":{"allow":["GET"]}}],"collection":[{"href":"https:\/\/sindaopcpb.org.br\/index.php\/wp-json\/wp\/v2\/posts"}],"about":[{"href":"https:\/\/sindaopcpb.org.br\/index.php\/wp-json\/wp\/v2\/types\/post"}],"author":[{"embeddable":true,"href":"https:\/\/sindaopcpb.org.br\/index.php\/wp-json\/wp\/v2\/users\/48"}],"replies":[{"embeddable":true,"href":"https:\/\/sindaopcpb.org.br\/index.php\/wp-json\/wp\/v2\/comments?post=25958"}],"version-history":[{"count":1,"href":"https:\/\/sindaopcpb.org.br\/index.php\/wp-json\/wp\/v2\/posts\/25958\/revisions"}],"predecessor-version":[{"id":25959,"href":"https:\/\/sindaopcpb.org.br\/index.php\/wp-json\/wp\/v2\/posts\/25958\/revisions\/25959"}],"wp:attachment":[{"href":"https:\/\/sindaopcpb.org.br\/index.php\/wp-json\/wp\/v2\/media?parent=25958"}],"wp:term":[{"taxonomy":"category","embeddable":true,"href":"https:\/\/sindaopcpb.org.br\/index.php\/wp-json\/wp\/v2\/categories?post=25958"},{"taxonomy":"post_tag","embeddable":true,"href":"https:\/\/sindaopcpb.org.br\/index.php\/wp-json\/wp\/v2\/tags?post=25958"}],"curies":[{"name":"wp","href":"https:\/\/api.w.org\/{rel}","templated":true}]}}