{"id":25927,"date":"2023-07-17T16:05:33","date_gmt":"2023-07-17T19:05:33","guid":{"rendered":"https:\/\/wpa.wscom.com.br\/?p=912353"},"modified":"2023-07-17T16:05:33","modified_gmt":"2023-07-17T19:05:33","slug":"celest-divulga-relacao-dos-classificados-para-o-segundo-semestre-de-2023","status":"publish","type":"post","link":"https:\/\/sindaopcpb.org.br\/index.php\/2023\/07\/17\/celest-divulga-relacao-dos-classificados-para-o-segundo-semestre-de-2023\/","title":{"rendered":"Celest divulga rela\u00e7\u00e3o dos classificados para o segundo semestre de 2023"},"content":{"rendered":"<p>O\u00a0Centro Escolar Municipal de L\u00ednguas Estrangeiras de Jo\u00e3o Pessoa (Celest-JP) divulgou nesta segunda-feira (17) a lista dos classificados (anos iniciais) que fizeram as inscri\u00e7\u00f5es on-line no s\u00e1bado (15) para estudarem no segundo semestre de 2023.<\/p>\n<p>Na ter\u00e7a-feira (18), o candidato ir\u00e1 receber um e-mail de convoca\u00e7\u00e3o. A rela\u00e7\u00e3o poder\u00e1 ser acessada pelo link\u00a0<a href=\"https:\/\/sites.google.com\/view\/celestjoaopessoa\/processo-seletivo-2023-2\/classificados?authuser=0\" rel=\"nofollow noopener\" target=\"_blank\">https:\/\/sites.google.com\/view\/celestjoaopessoa\/processo-seletivo-2023-2\/classificados?authuser=0<\/a>.<\/p>\n<p>A matr\u00edcula dever\u00e1 ser efetuada de forma presencial nos dias 20, 21 e 24 de julho de 2023, obedecendo os dias estabelecidos no cronograma (Anexo II), na sede do Celest.<\/p>\n<p>\u201c\u00c9 muito gratificante pra gente que faz o Celest ter 1.537 inscritos para 400 vagas. Isso \u00e9 uma demonstra\u00e7\u00e3o que o ensino que oferecemos, e de gra\u00e7a, vem dando resultados\u201d, disse com orgulho a diretora do Celest, J\u00e9ssica Holanda.<\/p>\n<p>As 400 vagas ofertadas foram para os cursos de Ingl\u00eas, Franc\u00eas, Espanhol, Alem\u00e3o e L\u00edngua Brasileira de Sinais (Libras). Se inscreveram servidores e professores da rede municipal de Jo\u00e3o Pessoa, al\u00e9m do p\u00fablico em geral que s\u00e3o pessoas adultas (maiores de 18 anos) e que tenham conclu\u00eddo ou estejam cursando ao menos o 6\u00ba ano do Ensino Fundamental II.<\/p>\n<p>O Celest fica localizado na Avenida Presidente Epit\u00e1cio Pessoa, n\u00ba 1840, bairro Expedicion\u00e1rios. As aulas ter\u00e3o in\u00edcio no dia 7 de agosto.<\/p>\n<p>O manual para o Processo Seletivo 2023.2 poder\u00e1 ser acessado pelo link\u00a0<a href=\"https:\/\/sites.google.com\/view\/celestjoaopessoa\/processo-seletivo-2023-2\" rel=\"nofollow noopener\" target=\"_blank\">https:\/\/sites.google.com\/view\/celestjoaopessoa\/processo-seletivo-2023-2<\/a>.<\/p>\n<p><strong>Nivelamento \u2013<\/strong>\u00a0A inscri\u00e7\u00e3o on-line para nivelamento (n\u00edveis 2, 3, 4 e 5) ser\u00e1 no dia 21 de julho das 8h \u00e0s 17h ou at\u00e9 o preenchimento das vagas. Poder\u00e3o concorrer aos candidatos que possuam algum conhecimento em l\u00edngua estrangeira (Ingl\u00eas, Espanhol, Alem\u00e3o ou Franc\u00eas) e Libras que pretendam ingressar em um n\u00edvel mais avan\u00e7ado \u2013 a partir do 2\u00ba Est\u00e1gio\/N\u00edvel. O candidato deve ter conclu\u00eddo ou estar cursando ao menos o 6 \u00ba ano do Ensino Fundamental II.<\/p>\n<p>O nivelamento ser\u00e1 realizado no Celest pela sua equipe docente e pedag\u00f3gica, com limita\u00e7\u00e3o total de aplica\u00e7\u00e3o de 240 provas (80 para Ingl\u00eas, 60 para Espanhol, 40 para Franc\u00eas, 20 para Alem\u00e3o e 40 para Libras).<\/p>\n<p>O post <a rel=\"nofollow noopener\" href=\"https:\/\/wscom.com.br\/celest-divulga-relacao-dos-classificados-para-o-segundo-semestre-de-2023\/\" target=\"_blank\">Celest divulga rela\u00e7\u00e3o dos classificados para o segundo semestre de 2023<\/a> apareceu primeiro em <a rel=\"nofollow noopener\" href=\"https:\/\/wscom.com.br\/\" target=\"_blank\">WSCOM<\/a>.<\/p>\n","protected":false},"excerpt":{"rendered":"<p>O\u00a0Centro Escolar Municipal de L\u00ednguas Estrangeiras de Jo\u00e3o Pessoa (Celest-JP) divulgou nesta segunda-feira (17) a lista dos classificados (anos iniciais) que fizeram as inscri\u00e7\u00f5es on-line no s\u00e1bado (15) para estudarem no segundo semestre de 2023. Na ter\u00e7a-feira (18), o candidato ir\u00e1 receber um e-mail de convoca\u00e7\u00e3o. A rela\u00e7\u00e3o poder\u00e1 ser acessada pelo link\u00a0https:\/\/sites.google.com\/view\/celestjoaopessoa\/processo-seletivo-2023-2\/classificados?authuser=0. A matr\u00edcula [\u2026]<\/p>\n<p>O post <a rel=\"nofollow\" href=\"https:\/\/wscom.com.br\/celest-divulga-relacao-dos-classificados-para-o-segundo-semestre-de-2023\/\">Celest divulga rela\u00e7\u00e3o dos classificados para o segundo semestre de 2023<\/a> apareceu primeiro em <a rel=\"nofollow\" href=\"https:\/\/wscom.com.br\/\">WSCOM<\/a>.<\/p>\n","protected":false},"author":49,"featured_media":0,"comment_status":"closed","ping_status":"closed","sticky":false,"template":"","format":"standard","meta":{"advgb_blocks_editor_width":"","advgb_blocks_columns_visual_guide":"","footnotes":""},"categories":[6484,6485,3265,229,34,71,6318,6486],"tags":[35],"class_list":["post-25927","post","type-post","status-publish","format-standard","hentry","category-centro-de-linguas-estrangeiras","category-curso-de-idiomas","category-cursos","category-educacao","category-g1","category-joao-pessoa","category-linguas-estrangeiras","category-relacao-dos-classificados","tag-g1"],"author_meta":{"display_name":"Cristiane Cavalcante","author_link":"https:\/\/sindaopcpb.org.br\/author\/cristiane-cavalcante\/"},"featured_img":null,"coauthors":[],"tax_additional":{"categories":{"linked":["<a href=\"https:\/\/sindaopcpb.org.br\/centro-de-linguas-estrangeiras\/\" class=\"advgb-post-tax-term\">Centro de L\u00ednguas Estrangeiras<\/a>","<a href=\"https:\/\/sindaopcpb.org.br\/curso-de-idiomas\/\" class=\"advgb-post-tax-term\">curso de idiomas<\/a>","<a href=\"https:\/\/sindaopcpb.org.br\/cursos\/\" class=\"advgb-post-tax-term\">cursos<\/a>","<a href=\"https:\/\/sindaopcpb.org.br\/educacao\/\" class=\"advgb-post-tax-term\">Educa\u00e7\u00e3o<\/a>","<a href=\"https:\/\/sindaopcpb.org.br\/g1\/\" class=\"advgb-post-tax-term\">G1<\/a>","<a href=\"https:\/\/sindaopcpb.org.br\/joao-pessoa\/\" class=\"advgb-post-tax-term\">Jo\u00e3o Pessoa<\/a>","<a href=\"https:\/\/sindaopcpb.org.br\/linguas-estrangeiras\/\" class=\"advgb-post-tax-term\">Linguas estrangeiras<\/a>","<a href=\"https:\/\/sindaopcpb.org.br\/relacao-dos-classificados\/\" class=\"advgb-post-tax-term\">rela\u00e7\u00e3o dos classificados<\/a>"],"unlinked":["<span class=\"advgb-post-tax-term\">Centro de L\u00ednguas Estrangeiras<\/span>","<span class=\"advgb-post-tax-term\">curso de idiomas<\/span>","<span class=\"advgb-post-tax-term\">cursos<\/span>","<span class=\"advgb-post-tax-term\">Educa\u00e7\u00e3o<\/span>","<span class=\"advgb-post-tax-term\">G1<\/span>","<span class=\"advgb-post-tax-term\">Jo\u00e3o Pessoa<\/span>","<span class=\"advgb-post-tax-term\">Linguas estrangeiras<\/span>","<span class=\"advgb-post-tax-term\">rela\u00e7\u00e3o dos classificados<\/span>"]},"tags":{"linked":["<a href=\"https:\/\/sindaopcpb.org.br\/relacao-dos-classificados\/\" class=\"advgb-post-tax-term\">g1<\/a>"],"unlinked":["<span class=\"advgb-post-tax-term\">g1<\/span>"]}},"comment_count":"0","relative_dates":{"created":"Publicado 3 anos atr\u00e1s","modified":"Atualizado 3 anos atr\u00e1s"},"absolute_dates":{"created":"Publicado em 17 de julho de 2023","modified":"Atualizado em 17 de julho de 2023"},"absolute_dates_time":{"created":"Publicado em 17 de julho de 2023 16:05","modified":"Atualizado em 17 de julho de 2023 16:05"},"featured_img_caption":"","series_order":"","_links":{"self":[{"href":"https:\/\/sindaopcpb.org.br\/index.php\/wp-json\/wp\/v2\/posts\/25927","targetHints":{"allow":["GET"]}}],"collection":[{"href":"https:\/\/sindaopcpb.org.br\/index.php\/wp-json\/wp\/v2\/posts"}],"about":[{"href":"https:\/\/sindaopcpb.org.br\/index.php\/wp-json\/wp\/v2\/types\/post"}],"author":[{"embeddable":true,"href":"https:\/\/sindaopcpb.org.br\/index.php\/wp-json\/wp\/v2\/users\/49"}],"replies":[{"embeddable":true,"href":"https:\/\/sindaopcpb.org.br\/index.php\/wp-json\/wp\/v2\/comments?post=25927"}],"version-history":[{"count":1,"href":"https:\/\/sindaopcpb.org.br\/index.php\/wp-json\/wp\/v2\/posts\/25927\/revisions"}],"predecessor-version":[{"id":25928,"href":"https:\/\/sindaopcpb.org.br\/index.php\/wp-json\/wp\/v2\/posts\/25927\/revisions\/25928"}],"wp:attachment":[{"href":"https:\/\/sindaopcpb.org.br\/index.php\/wp-json\/wp\/v2\/media?parent=25927"}],"wp:term":[{"taxonomy":"category","embeddable":true,"href":"https:\/\/sindaopcpb.org.br\/index.php\/wp-json\/wp\/v2\/categories?post=25927"},{"taxonomy":"post_tag","embeddable":true,"href":"https:\/\/sindaopcpb.org.br\/index.php\/wp-json\/wp\/v2\/tags?post=25927"}],"curies":[{"name":"wp","href":"https:\/\/api.w.org\/{rel}","templated":true}]}}